{"id":930,"date":"2026-07-15T16:49:08","date_gmt":"2026-07-15T16:49:08","guid":{"rendered":"https:\/\/stiri-faine.com\/?p=930"},"modified":"2026-07-15T16:49:08","modified_gmt":"2026-07-15T16:49:08","slug":"saisprezece-ani-dupa-disparitia-misterioasa-a-acestei-fete-un-zidar-i-a-gasit-rucsacul-intr-un-perete-in-timpul-lucrarilor-sale-acest-lucru-a-dezvaluit-in-cele-din-urma-ce-i-s-a-intamplat-fetei-2","status":"publish","type":"post","link":"https:\/\/stiri-faine.com\/?p=930","title":{"rendered":"\u0218aisprezece ani dup\u0103 dispari\u021bia misterioas\u0103 a acestei fete, un zidar i-a g\u0103sit rucsacul \u00eentr-un perete \u00een timpul lucr\u0103rilor sale: acest lucru a dezv\u0103luit \u00een cele din urm\u0103 ce i s-a \u00eent\u00e2mplat fetei"},"content":{"rendered":"<p>\ud83d\ude26 \u0218aisprezece ani dup\u0103 dispari\u021bia misterioas\u0103 a acestei fete, un zidar i-a g\u0103sit rucsacul \u00eentr-un perete \u00een timpul lucr\u0103rilor sale: acest lucru a dezv\u0103luit \u00een cele din urm\u0103 ce i s-a \u00eent\u00e2mplat fetei.<\/p>\n<p>L\u00e9a, \u00een v\u00e2rst\u0103 de 13 ani, tr\u0103ia \u00eentr-un sat mic, unde toat\u0103 lumea se cuno\u0219tea. \u00cen acea diminea\u021b\u0103, plecase de acas\u0103 ca s\u0103 se \u00eent\u00e2lneasc\u0103 cu prietenii ei. Seara, c\u00e2nd nu s-a mai \u00eentors, p\u0103rin\u021bii ei, \u00eengrijora\u021bi, au \u00eenceput s\u0103 o caute, iar apoi li s-au al\u0103turat \u0219i vecinii.<\/p>\n<p>Poli\u021bia a scotocit fiecare col\u021b al satului. I-au interogat pe prietenii L\u00e9ei, dar nimeni nu o v\u0103zuse. Zvonurile au \u00eenceput s\u0103 se r\u0103sp\u00e2ndeasc\u0103: unii spuneau c\u0103 pur \u0219i simplu fugise de acas\u0103.<\/p>\n<p>Zilele treceau \u0219i nu exista nicio urm\u0103 de L\u00e9a. P\u0103rin\u021bii ei nu \u0219i-au pierdut speran\u021ba, dar \u00een fiecare noapte adormeau cu o team\u0103 tot mai mare: dac\u0103 nu se va mai \u00eentoarce niciodat\u0103?<\/p>\n<p>\u0218aisprezece ani mai t\u00e2rziu, un zidar a g\u0103sit rucsacul L\u00e9ei \u00eentr-un perete, \u00een timpul lucr\u0103rilor sale, iar acest lucru a dezv\u0103luit \u00een cele din urm\u0103 ce i se \u00eent\u00e2mplase fetei.<\/p>\n<p>Povestea complet\u0103 se afl\u0103 \u00een articolul din primul comentariu \ud83d\udc47\ud83d\udc47\ud83d\udc47<\/p>\n<p>Rucsacul con\u021binea obiecte personale \u0219i o caset\u0103 audio \u00eenregistrat\u0103 \u00een anul 1987.<\/p>\n<p>\u00cen \u00eenregistrare, o fat\u0103 t\u00e2n\u0103r\u0103 explica faptul c\u0103 este \u00eenchis\u0103 \u00eentr-o \u201ecamer\u0103 fals\u0103\u201d \u0219i implora s\u0103 fie ajutat\u0103.<\/p>\n<p>Zidarul a predat rucsacul poli\u021biei, care a confirmat c\u0103 vocea \u00eei apar\u021bine L\u00e9ei, disp\u0103rut\u0103 de at\u00e2t de mult timp.<\/p>\n<p>Ancheta a dezv\u0103luit c\u0103 fusese r\u0103pit\u0103 de o femeie \u0219i \u021binut\u0103 captiv\u0103 \u00eentr-o camer\u0103 f\u0103r\u0103 ferestre timp de mai mul\u021bi ani.<\/p>\n<p>Cel mai grav a fost faptul c\u0103 un medic local \u0219tia despre aceast\u0103 r\u0103pire, dar nu a denun\u021bat-o pe femeie.<\/p>\n<p>Mai t\u00e2rziu, poli\u021bia a g\u0103sit-o pe L\u00e9a sub un alt nume, iar ea nu \u00ee\u0219i amintea ce i se \u00eent\u00e2mplase.<\/p>\n<p>Tr\u0103ia cu acea femeie, crez\u00e2nd c\u0103 este mama ei.<\/p>\n<p>\u00cen cele din urm\u0103, femeia a fost arestat\u0103, iar L\u00e9a s-a \u00eentors la adev\u0103rata ei familie.<\/p>\n","protected":false},"excerpt":{"rendered":"<p>\ud83d\ude26 \u0218aisprezece ani dup\u0103 dispari\u021bia misterioas\u0103 a acestei fete, un zidar i-a g\u0103sit rucsacul \u00eentr-un perete \u00een timpul lucr\u0103rilor sale: acest lucru a dezv\u0103luit \u00een cele din urm\u0103 ce i s-a \u00eent\u00e2mplat fetei. L\u00e9a, \u00een v\u00e2rst\u0103 de 13 ani, tr\u0103ia \u00eentr-un sat mic, unde toat\u0103 lumea se cuno\u0219tea. \u00cen acea diminea\u021b\u0103, plecase de acas\u0103 ca &#8230; <a title=\"\u0218aisprezece ani dup\u0103 dispari\u021bia misterioas\u0103 a acestei fete, un zidar i-a g\u0103sit rucsacul \u00eentr-un perete \u00een timpul lucr\u0103rilor sale: acest lucru a dezv\u0103luit \u00een cele din urm\u0103 ce i s-a \u00eent\u00e2mplat fetei\" class=\"read-more\" href=\"https:\/\/stiri-faine.com\/?p=930\" aria-label=\"Read more about \u0218aisprezece ani dup\u0103 dispari\u021bia misterioas\u0103 a acestei fete, un zidar i-a g\u0103sit rucsacul \u00eentr-un perete \u00een timpul lucr\u0103rilor sale: acest lucru a dezv\u0103luit \u00een cele din urm\u0103 ce i s-a \u00eent\u00e2mplat fetei\">Read more<\/a><\/p>\n","protected":false},"author":1,"featured_media":0,"comment_status":"closed","ping_status":"open","sticky":false,"template":"","format":"standard","meta":{"footnotes":""},"categories":[1],"tags":[],"class_list":["post-930","post","type-post","status-publish","format-standard","hentry","category-uncategorized"],"_links":{"self":[{"href":"https:\/\/stiri-faine.com\/index.php?rest_route=\/wp\/v2\/posts\/930","targetHints":{"allow":["GET"]}}],"collection":[{"href":"https:\/\/stiri-faine.com\/index.php?rest_route=\/wp\/v2\/posts"}],"about":[{"href":"https:\/\/stiri-faine.com\/index.php?rest_route=\/wp\/v2\/types\/post"}],"author":[{"embeddable":true,"href":"https:\/\/stiri-faine.com\/index.php?rest_route=\/wp\/v2\/users\/1"}],"replies":[{"embeddable":true,"href":"https:\/\/stiri-faine.com\/index.php?rest_route=%2Fwp%2Fv2%2Fcomments&post=930"}],"version-history":[{"count":1,"href":"https:\/\/stiri-faine.com\/index.php?rest_route=\/wp\/v2\/posts\/930\/revisions"}],"predecessor-version":[{"id":931,"href":"https:\/\/stiri-faine.com\/index.php?rest_route=\/wp\/v2\/posts\/930\/revisions\/931"}],"wp:attachment":[{"href":"https:\/\/stiri-faine.com\/index.php?rest_route=%2Fwp%2Fv2%2Fmedia&parent=930"}],"wp:term":[{"taxonomy":"category","embeddable":true,"href":"https:\/\/stiri-faine.com\/index.php?rest_route=%2Fwp%2Fv2%2Fcategories&post=930"},{"taxonomy":"post_tag","embeddable":true,"href":"https:\/\/stiri-faine.com\/index.php?rest_route=%2Fwp%2Fv2%2Ftags&post=930"}],"curies":[{"name":"wp","href":"https:\/\/api.w.org\/{rel}","templated":true}]}}