{"id":915,"date":"2026-07-15T16:32:11","date_gmt":"2026-07-15T16:32:11","guid":{"rendered":"https:\/\/stiri-faine.com\/?p=915"},"modified":"2026-07-15T16:32:12","modified_gmt":"2026-07-15T16:32:12","slug":"tatal-meu-m-a-fortat-sa-ma-casatoresc-cu-menajera-mea-am-facut-tot-posibilul-ca-ea-sa-ceara-divortul-dar-cand-avocatul-mi-a-dezvaluit-de-ce-tatal-meu-a-ales-o-ca-sotie-am-fost-zguduit","status":"publish","type":"post","link":"https:\/\/stiri-faine.com\/?p=915","title":{"rendered":"Tat\u0103l meu m-a for\u021bat s\u0103 m\u0103 c\u0103s\u0103toresc cu menajera mea: am f\u0103cut tot posibilul ca ea s\u0103 cear\u0103 divor\u021bul, dar c\u00e2nd avocatul mi-a dezv\u0103luit de ce tat\u0103l meu a ales-o ca so\u021bie, am fost zguduit"},"content":{"rendered":"\n<p class=\"wp-block-paragraph\">\ud83d\ude2f Tat\u0103l meu m-a for\u021bat s\u0103 m\u0103 c\u0103s\u0103toresc cu menajera mea: am f\u0103cut tot posibilul ca ea s\u0103 cear\u0103 divor\u021bul, dar c\u00e2nd avocatul mi-a dezv\u0103luit de ce tat\u0103l meu a ales-o ca so\u021bie, am fost zguduit.<br>C\u00e2nd tat\u0103l meu m-a for\u021bat s\u0103 m\u0103 c\u0103s\u0103toresc cu menajera mea, am acceptat, de\u0219i nu eram de acord. La acea vreme, nu aveam cu adev\u0103rat niciun cuv\u00e2nt de spus.<br>Dup\u0103 nunt\u0103, am decis s\u0103 fac totul pentru ca ea s\u0103 cear\u0103 divor\u021bul. O tratam ca pe o simpl\u0103 angajat\u0103, nu ca pe so\u021bia mea. Eram dur cu ea, o ignoram adesea \u0219i, ca s\u0103 o r\u0103nesc, aduceam alte femei acas\u0103.<br>Credeam c\u0103 aceasta era singura cale s\u0103 scap de ea, iar planul meu a func\u021bionat. Ea a cerut divor\u021bul, f\u0103r\u0103 s\u0103 cear\u0103 nimic. M-am sim\u021bit \u00een sf\u00e2r\u0219it liber, crez\u00e2nd c\u0103 am c\u00e2\u0219tigat.<\/p>\n\n\n\n<p class=\"wp-block-paragraph\">Dar \u00eentr-o zi, dup\u0103 ce am vorbit cu avocatul nostru, am aflat adev\u0103ratul motiv pentru care tat\u0103l meu m-a obligat s\u0103 m\u0103 c\u0103s\u0103toresc cu ea. Ceea ce mi-a spus m-a zguduit complet.<br>Povestea complet\u0103 este \u00een articolul din primul comentariu \ud83d\udc47\ud83d\udc47\ud83d\udc47.<br>Avocatul mi-a explicat c\u0103 tot ce credeam c\u0103 \u0219tiu despre istoria companiei noastre era fals.<br>So\u021bia mea, pe care o maltratasem, era de fapt adev\u0103rata mo\u0219tenitoare.<br>Tat\u0103l meu nu a creat compania de unul singur.<\/p>\n\n\n\n<p class=\"wp-block-paragraph\">\u00cen realitate, o construise \u00een parteneriat cu tat\u0103l so\u021biei mele.<br>Dar, \u00een loc s\u0103 \u00eempart\u0103 profiturile \u00een mod echitabil, tat\u0103l meu l-a \u00een\u0219elat \u0219i, \u00een cele din urm\u0103, i-a provocat c\u0103derea.<br>Tat\u0103l so\u021biei mele a murit \u00een s\u0103r\u0103cie, \u00een timp ce tat\u0103l meu a devenit un om de afaceri influent.<br>Ani mai t\u00e2rziu, c\u00e2nd tat\u0103l meu a aflat c\u0103 fiica fostului s\u0103u asociat era \u00eenc\u0103 \u00een via\u021b\u0103, a g\u0103sit-o \u0219i m-a obligat s\u0103 m\u0103 c\u0103s\u0103toresc cu ea.<br>C\u00e2nd am \u00een\u021beles adev\u0103rul, vinov\u0103\u021bia m-a cople\u0219it.<br>Am \u00eencercat s\u0103-mi repar gre\u0219elile, dar era prea t\u00e2rziu pentru a mai da timpul \u00eenapoi.<br>So\u021bia mea, acum liber\u0103, a ales s\u0103 plece, iar eu am r\u0103mas singur cu regretele mele.<\/p>\n","protected":false},"excerpt":{"rendered":"<p>\ud83d\ude2f Tat\u0103l meu m-a for\u021bat s\u0103 m\u0103 c\u0103s\u0103toresc cu menajera mea: am f\u0103cut tot posibilul ca ea s\u0103 cear\u0103 divor\u021bul, dar c\u00e2nd avocatul mi-a dezv\u0103luit de ce tat\u0103l meu a ales-o ca so\u021bie, am fost zguduit.C\u00e2nd tat\u0103l meu m-a for\u021bat s\u0103 m\u0103 c\u0103s\u0103toresc cu menajera mea, am acceptat, de\u0219i nu eram de acord. La acea &#8230; <a title=\"Tat\u0103l meu m-a for\u021bat s\u0103 m\u0103 c\u0103s\u0103toresc cu menajera mea: am f\u0103cut tot posibilul ca ea s\u0103 cear\u0103 divor\u021bul, dar c\u00e2nd avocatul mi-a dezv\u0103luit de ce tat\u0103l meu a ales-o ca so\u021bie, am fost zguduit\" class=\"read-more\" href=\"https:\/\/stiri-faine.com\/?p=915\" aria-label=\"Read more about Tat\u0103l meu m-a for\u021bat s\u0103 m\u0103 c\u0103s\u0103toresc cu menajera mea: am f\u0103cut tot posibilul ca ea s\u0103 cear\u0103 divor\u021bul, dar c\u00e2nd avocatul mi-a dezv\u0103luit de ce tat\u0103l meu a ales-o ca so\u021bie, am fost zguduit\">Read more<\/a><\/p>\n","protected":false},"author":1,"featured_media":0,"comment_status":"open","ping_status":"open","sticky":false,"template":"","format":"standard","meta":{"footnotes":""},"categories":[1],"tags":[],"class_list":["post-915","post","type-post","status-publish","format-standard","hentry","category-uncategorized"],"_links":{"self":[{"href":"https:\/\/stiri-faine.com\/index.php?rest_route=\/wp\/v2\/posts\/915","targetHints":{"allow":["GET"]}}],"collection":[{"href":"https:\/\/stiri-faine.com\/index.php?rest_route=\/wp\/v2\/posts"}],"about":[{"href":"https:\/\/stiri-faine.com\/index.php?rest_route=\/wp\/v2\/types\/post"}],"author":[{"embeddable":true,"href":"https:\/\/stiri-faine.com\/index.php?rest_route=\/wp\/v2\/users\/1"}],"replies":[{"embeddable":true,"href":"https:\/\/stiri-faine.com\/index.php?rest_route=%2Fwp%2Fv2%2Fcomments&post=915"}],"version-history":[{"count":1,"href":"https:\/\/stiri-faine.com\/index.php?rest_route=\/wp\/v2\/posts\/915\/revisions"}],"predecessor-version":[{"id":916,"href":"https:\/\/stiri-faine.com\/index.php?rest_route=\/wp\/v2\/posts\/915\/revisions\/916"}],"wp:attachment":[{"href":"https:\/\/stiri-faine.com\/index.php?rest_route=%2Fwp%2Fv2%2Fmedia&parent=915"}],"wp:term":[{"taxonomy":"category","embeddable":true,"href":"https:\/\/stiri-faine.com\/index.php?rest_route=%2Fwp%2Fv2%2Fcategories&post=915"},{"taxonomy":"post_tag","embeddable":true,"href":"https:\/\/stiri-faine.com\/index.php?rest_route=%2Fwp%2Fv2%2Ftags&post=915"}],"curies":[{"name":"wp","href":"https:\/\/api.w.org\/{rel}","templated":true}]}}