{"id":6285,"date":"2026-09-06T17:59:02","date_gmt":"2026-09-06T17:59:02","guid":{"rendered":"https:\/\/stiri-faine.com\/?p=6285"},"modified":"2026-09-06T17:59:02","modified_gmt":"2026-09-06T17:59:02","slug":"anunt-pentru-toti-pensionarii-pensiile-vezi-mai-mult-2","status":"publish","type":"post","link":"https:\/\/stiri-faine.com\/?p=6285","title":{"rendered":"Anun\u021b pentru to\u021bi pensionarii! Pensiile\u2026 Vezi mai mult"},"content":{"rendered":"\n<p class=\"wp-block-paragraph\">Drago\u0219 P\u00eeslaru, ministrul interimar al Muncii, a oferi declara\u021bii cu privire la posibilitatea index\u0103rii pensiilor \u0219i salariilor \u00een 2027.<\/p>\n\n\n\n<p class=\"wp-block-paragraph\">Potrivit actualului ministru interimar al Muncii, un buget \u201ebine f\u0103cut pentru anul viitor\u201d ar putea include \u0219i indexarea pensiilor \u0219i salariilor. Drago\u0219 P\u00eeslaru a sus\u021binut c\u0103 oficialii de la Comisia European\u0103 nu s-ar opune index\u0103rii. \u201eNu exist\u0103 vreun motiv de \u00eengrijorare c\u0103 nu ne-ar l\u0103sa Bruxelles-ul s\u0103 facem aceste index\u0103ri, ceea ce e important este responsabilitatea politic\u0103 pentru a avea un buget bine f\u0103cut pentru anul viitor \u0219i pe termen mediu\u201d, a declarat Drago\u0219 P\u00eeslaru.<\/p>\n\n\n\n<p class=\"wp-block-paragraph\">Drago\u0219 P\u00eeslaru, ministrul interimar al Muncii, a sus\u021binut c\u0103 nicio institu\u021bie european\u0103 nu s-ar opune index\u0103rii pensiilor \u0219i salariilor \u00een 2027 \u00een Rom\u00e2nia, dar c\u0103 oficialii de Bruxelles ar cere s\u0103 vad\u0103 sursele de finan\u021bare. Ministrul a declarat c\u0103, dac\u0103 va fi adoptat\u0103, m\u0103sura index\u0103rii trebuie inclus\u0103 \u00een bugetul pentru 2027.<\/p>\n\n\n\n<p class=\"wp-block-paragraph\">\u201ePot s\u0103 v\u0103 spun f\u0103r\u0103 echivoc c\u0103 nu Comisia European\u0103 stabile\u0219te politica de pensii \u0219i salarii a Rom\u00e2niei. Am mai spus asta de fiecare dat\u0103 c\u00e2nd avem astfel de discu\u021bii. \u00cen mod evident, Rom\u00e2nia, dac\u0103 va face ceea ce \u0219i-a asumat c\u0103 va face, \u0219i anume la pensii s\u0103 indexeze \u0219i lucrurile s\u0103 fie destul de clare, va trebui s\u0103 arate cum \u00ee\u0219i construie\u0219te bugetul \u00een mod responsabil.<\/p>\n\n\n\n<p class=\"wp-block-paragraph\">De aici este foarte important s\u0103 \u00een\u021belegem c\u0103 problema e nu dac\u0103 putem indexa pensiile sau salariile ci problema e cum construie\u0219ti un buget care s\u0103 permit\u0103 aceste lucruri. Uit\u00e2ndu-m\u0103 la ni\u0219te programe politice lansate recent e foarte amuzant s\u0103 consta\u021bi c\u0103 iar ni se promit cai verzi pe pere\u021bi f\u0103r\u0103 s\u0103 se indice sursa de bugetare \u0219i cum intri \u00een buget cu acele lucruri\u201d, a declarat Drago\u0219 P\u00eeslaru, ministrul interimar al Muncii.<\/p>\n\n\n\n<p class=\"wp-block-paragraph\">Pe data de 1 iulie 2026, salariul minim brut a crescut la 4.325 de lei brut, ceea ce \u00eensemnat o majorare de aproximativ 6,8%, adic\u0103 275 de lei brut.<\/p>\n\n\n\n<p class=\"wp-block-paragraph\">\u201ePentru oameni \u00eenseamn\u0103 o cre\u015ftere real\u0103 a salariului cu 125 lei. Ce mai \u00eenseamn\u0103 125 de lei, \u00een Rom\u00e2nia lui 2026, la o infla\u0163ie de 10%? Aproape nimic, din punctul meu de vedere. Pentru firme \u00eens\u0103 e o mare problem\u0103, deoarece cresc costurile cu aproape 400 de lei pentru fiecare angajat cu salariul minim. Statul iese cel mai c\u00e2\u015ftigat din asta. C\u00e2\u015ftig\u0103 o gr\u0103mad\u0103 de bani\u201d, a declarat economistul Adrian Negrescu.<\/p>\n","protected":false},"excerpt":{"rendered":"<p>Drago\u0219 P\u00eeslaru, ministrul interimar al Muncii, a oferi declara\u021bii cu privire la posibilitatea index\u0103rii pensiilor \u0219i salariilor \u00een 2027. Potrivit actualului ministru interimar al Muncii, un buget \u201ebine f\u0103cut pentru anul viitor\u201d ar putea include \u0219i indexarea pensiilor \u0219i salariilor. Drago\u0219 P\u00eeslaru a sus\u021binut c\u0103 oficialii de la Comisia European\u0103 nu s-ar opune index\u0103rii. \u201eNu &#8230; <a title=\"Anun\u021b pentru to\u021bi pensionarii! Pensiile\u2026 Vezi mai mult\" class=\"read-more\" href=\"https:\/\/stiri-faine.com\/?p=6285\" aria-label=\"Read more about Anun\u021b pentru to\u021bi pensionarii! Pensiile\u2026 Vezi mai mult\">Read more<\/a><\/p>\n","protected":false},"author":1,"featured_media":0,"comment_status":"open","ping_status":"open","sticky":false,"template":"","format":"standard","meta":{"footnotes":""},"categories":[1],"tags":[],"class_list":["post-6285","post","type-post","status-publish","format-standard","hentry","category-uncategorized"],"_links":{"self":[{"href":"https:\/\/stiri-faine.com\/index.php?rest_route=\/wp\/v2\/posts\/6285","targetHints":{"allow":["GET"]}}],"collection":[{"href":"https:\/\/stiri-faine.com\/index.php?rest_route=\/wp\/v2\/posts"}],"about":[{"href":"https:\/\/stiri-faine.com\/index.php?rest_route=\/wp\/v2\/types\/post"}],"author":[{"embeddable":true,"href":"https:\/\/stiri-faine.com\/index.php?rest_route=\/wp\/v2\/users\/1"}],"replies":[{"embeddable":true,"href":"https:\/\/stiri-faine.com\/index.php?rest_route=%2Fwp%2Fv2%2Fcomments&post=6285"}],"version-history":[{"count":1,"href":"https:\/\/stiri-faine.com\/index.php?rest_route=\/wp\/v2\/posts\/6285\/revisions"}],"predecessor-version":[{"id":6286,"href":"https:\/\/stiri-faine.com\/index.php?rest_route=\/wp\/v2\/posts\/6285\/revisions\/6286"}],"wp:attachment":[{"href":"https:\/\/stiri-faine.com\/index.php?rest_route=%2Fwp%2Fv2%2Fmedia&parent=6285"}],"wp:term":[{"taxonomy":"category","embeddable":true,"href":"https:\/\/stiri-faine.com\/index.php?rest_route=%2Fwp%2Fv2%2Fcategories&post=6285"},{"taxonomy":"post_tag","embeddable":true,"href":"https:\/\/stiri-faine.com\/index.php?rest_route=%2Fwp%2Fv2%2Ftags&post=6285"}],"curies":[{"name":"wp","href":"https:\/\/api.w.org\/{rel}","templated":true}]}}