{"id":6262,"date":"2026-09-06T11:40:40","date_gmt":"2026-09-06T11:40:40","guid":{"rendered":"https:\/\/stiri-faine.com\/?p=6262"},"modified":"2026-09-06T11:40:40","modified_gmt":"2026-09-06T11:40:40","slug":"viorel-lis-s-a-razgandit-in-privinta-ultimei-sale-dorinte-ce-spunea-despre-incinerare-si-unde-vrea-de-fapt-sa-fie-inmormantat","status":"publish","type":"post","link":"https:\/\/stiri-faine.com\/?p=6262","title":{"rendered":"Viorel Lis s-a r\u0103zg\u00e2ndit \u00een privin\u021ba ultimei sale dorin\u021be. Ce spunea despre incinerare \u0219i unde vrea, de fapt, s\u0103 fie \u00eenmorm\u00e2ntat"},"content":{"rendered":"\n<p class=\"wp-block-paragraph\">De-a lungul anilor, Viorel Lis a vorbit deschis despre unul dintre cele mai sensibile subiecte: ce \u00ee\u0219i dore\u0219te s\u0103 se \u00eent\u00e2mple dup\u0103 moartea sa. Fostul primar general al Capitalei m\u0103rturisea \u00een urm\u0103 cu mai mul\u021bi ani c\u0103 ar prefera s\u0103 fie incinerat, \u00eens\u0103 \u00eentre timp \u0219i-a schimbat decizia.<\/p>\n\n\n\n<p class=\"wp-block-paragraph\">\u00cen 2019, \u00een presa monden\u0103 ap\u0103reau informa\u021bii potrivit c\u0103rora Viorel Lis \u00ee\u0219i dorea s\u0103 fie incinerat, iar cenu\u0219a sa s\u0103 ajung\u0103 \u00een locul de care \u00eel leag\u0103 amintirile copil\u0103riei.<\/p>\n\n\n\n<p class=\"wp-block-paragraph\">Anii au trecut \u00eens\u0103, iar fostul edil \u0219i-a schimbat dorin\u021ba. Oana Lis a dezv\u0103luit ulterior c\u0103 so\u021bul ei nu mai dore\u0219te s\u0103 fie incinerat, ci s\u0103 aib\u0103 un loc de veci.<\/p>\n\n\n\n<h3 class=\"wp-block-heading\">Viorel Lis vrea s\u0103 se \u00eentoarc\u0103 \u00een locurile natale<\/h3>\n\n\n\n<p class=\"wp-block-paragraph\">Potrivit declara\u021biilor f\u0103cute de Oana Lis, Viorel Lis \u00ee\u0219i dore\u0219te s\u0103 fie \u00eenmorm\u00e2ntat \u00een zona natal\u0103, aproape de p\u0103rin\u021bii \u0219i familia sa.<\/p>\n\n\n\n<p class=\"wp-block-paragraph\">Locul de veci a fost preg\u0103tit \u00een Z\u0103rne\u0219ti, jude\u021bul Arge\u0219, iar realizarea acestuia a fost posibil\u0103 cu ajutorul unei veri\u0219oare a fostului edil. Oana Lis a povestit c\u0103 Viorel a participat chiar la preg\u0103tirea unor detalii legate de \u00eenmorm\u00e2ntare, inclusiv alegerea fotografiei care va fi pus\u0103 pe cruce.<\/p>\n\n\n\n<p class=\"wp-block-paragraph\">Pentru cei doi, discu\u021biile despre acest moment nu au fost deloc u\u0219oare. Oana Lis a recunoscut c\u0103 este dificil s\u0103 vorbe\u0219ti despre moarte \u0219i despre locul de veci al unei persoane dragi c\u00e2t timp aceasta este \u00eenc\u0103 \u00een via\u021b\u0103.<\/p>\n\n\n\n<h3 class=\"wp-block-heading\">Oana Lis \u00eei este al\u0103turi<\/h3>\n\n\n\n<p class=\"wp-block-paragraph\">\u00cen ultimii ani, starea de s\u0103n\u0103tate a lui Viorel Lis a reprezentat o preocupare constant\u0103 pentru familie. Oana Lis a vorbit \u00een repetate r\u00e2nduri despre dificult\u0103\u021bile prin care trec \u0219i despre faptul c\u0103 este cea care se ocup\u0103 \u00eendeaproape de so\u021bul s\u0103u.<\/p>\n\n\n\n<p class=\"wp-block-paragraph\">\u00cen vara anului 2025, Oana Lis confirma din nou c\u0103 Viorel are deja un loc de veci \u0219i c\u0103 ideea inciner\u0103rii apar\u021bine trecutului. Fostul primar \u00ee\u0219i dore\u0219te s\u0103 se \u00eentoarc\u0103 \u00een locurile natale, acolo unde se afl\u0103 \u0219i membri ai familiei sale.<\/p>\n\n\n\n<p class=\"wp-block-paragraph\">Astfel, de\u0219i \u00een urm\u0103 cu mai mul\u021bi ani Viorel Lis vorbea despre incinerare, dorin\u021ba sa actual\u0103 este diferit\u0103: fostul edil vrea s\u0103 fie \u00eenmorm\u00e2ntat \u00een locurile \u00een care s-a n\u0103scut \u0219i a copil\u0103rit, aproape de cei dragi.<\/p>\n","protected":false},"excerpt":{"rendered":"<p>De-a lungul anilor, Viorel Lis a vorbit deschis despre unul dintre cele mai sensibile subiecte: ce \u00ee\u0219i dore\u0219te s\u0103 se \u00eent\u00e2mple dup\u0103 moartea sa. Fostul primar general al Capitalei m\u0103rturisea \u00een urm\u0103 cu mai mul\u021bi ani c\u0103 ar prefera s\u0103 fie incinerat, \u00eens\u0103 \u00eentre timp \u0219i-a schimbat decizia. \u00cen 2019, \u00een presa monden\u0103 ap\u0103reau informa\u021bii &#8230; <a title=\"Viorel Lis s-a r\u0103zg\u00e2ndit \u00een privin\u021ba ultimei sale dorin\u021be. Ce spunea despre incinerare \u0219i unde vrea, de fapt, s\u0103 fie \u00eenmorm\u00e2ntat\" class=\"read-more\" href=\"https:\/\/stiri-faine.com\/?p=6262\" aria-label=\"Read more about Viorel Lis s-a r\u0103zg\u00e2ndit \u00een privin\u021ba ultimei sale dorin\u021be. Ce spunea despre incinerare \u0219i unde vrea, de fapt, s\u0103 fie \u00eenmorm\u00e2ntat\">Read more<\/a><\/p>\n","protected":false},"author":1,"featured_media":0,"comment_status":"open","ping_status":"open","sticky":false,"template":"","format":"standard","meta":{"footnotes":""},"categories":[1],"tags":[],"class_list":["post-6262","post","type-post","status-publish","format-standard","hentry","category-uncategorized"],"_links":{"self":[{"href":"https:\/\/stiri-faine.com\/index.php?rest_route=\/wp\/v2\/posts\/6262","targetHints":{"allow":["GET"]}}],"collection":[{"href":"https:\/\/stiri-faine.com\/index.php?rest_route=\/wp\/v2\/posts"}],"about":[{"href":"https:\/\/stiri-faine.com\/index.php?rest_route=\/wp\/v2\/types\/post"}],"author":[{"embeddable":true,"href":"https:\/\/stiri-faine.com\/index.php?rest_route=\/wp\/v2\/users\/1"}],"replies":[{"embeddable":true,"href":"https:\/\/stiri-faine.com\/index.php?rest_route=%2Fwp%2Fv2%2Fcomments&post=6262"}],"version-history":[{"count":1,"href":"https:\/\/stiri-faine.com\/index.php?rest_route=\/wp\/v2\/posts\/6262\/revisions"}],"predecessor-version":[{"id":6263,"href":"https:\/\/stiri-faine.com\/index.php?rest_route=\/wp\/v2\/posts\/6262\/revisions\/6263"}],"wp:attachment":[{"href":"https:\/\/stiri-faine.com\/index.php?rest_route=%2Fwp%2Fv2%2Fmedia&parent=6262"}],"wp:term":[{"taxonomy":"category","embeddable":true,"href":"https:\/\/stiri-faine.com\/index.php?rest_route=%2Fwp%2Fv2%2Fcategories&post=6262"},{"taxonomy":"post_tag","embeddable":true,"href":"https:\/\/stiri-faine.com\/index.php?rest_route=%2Fwp%2Fv2%2Ftags&post=6262"}],"curies":[{"name":"wp","href":"https:\/\/api.w.org\/{rel}","templated":true}]}}