{"id":6259,"date":"2026-09-06T09:13:01","date_gmt":"2026-09-06T09:13:01","guid":{"rendered":"https:\/\/stiri-faine.com\/?p=6259"},"modified":"2026-09-06T09:13:01","modified_gmt":"2026-09-06T09:13:01","slug":"social-democratii-au-plecat-din-guvern-inainte-de-votarea-motiunii-de-cenzura-premierul-a-eliberat-din-functii-secretarii-de-stat-prefecti","status":"publish","type":"post","link":"https:\/\/stiri-faine.com\/?p=6259","title":{"rendered":"Social-democra\u021bii au plecat din Guvern \u00eenainte de votarea mo\u021biunii de cenzur\u0103. Premierul a eliberat din func\u021bii secretarii de stat, prefec\u0163i"},"content":{"rendered":"\n<p class=\"wp-block-paragraph\">Mi\u0219carea a venit la c\u00e2teva zile dup\u0103 ce&nbsp;<strong>Sorin Grindeanu<\/strong>&nbsp;le ceruse reprezentan\u021bilor partidului s\u0103 se retrag\u0103 din func\u021bii.<\/p>\n\n\n\n<h2 class=\"wp-block-heading\">Demisii \u00een lan\u021b \u0219i numiri imediate<\/h2>\n\n\n\n<p class=\"wp-block-paragraph\">Miercuri, 29 aprilie, Guvernul a consemnat un val de plec\u0103ri \u00een teritoriu:&nbsp;<strong>au demisionat 22 de prefec\u021bi \u0219i 36 de subprefec\u021bi<\/strong>. \u00cen aceea\u0219i \u0219edin\u021b\u0103, pentru a asigura continuitatea administrativ\u0103, au fost f\u0103cute \u0219i numiri:&nbsp;<strong>21 de prefec\u021bi<\/strong>&nbsp;\u0219i&nbsp;<strong>6 subprefec\u021bi<\/strong>&nbsp;au primit mandate noi.<\/p>\n\n\n\n<p class=\"wp-block-paragraph\">\u00cen plan central,&nbsp;<em>deciziile premierului de eliberare din func\u021bie a secretarilor de stat sus\u021binu\u021bi de PSD<\/em>&nbsp;au fost publicate \u00een Monitorul Oficial, pas care produce efecte imediate. Practic, odat\u0103 cu plecarea social-democra\u021bilor de la Palatul Victoria, au fost operate schimb\u0103ri at\u00e2t \u00een ministere, c\u00e2t \u0219i \u00een structurile guvernului din fiecare jude\u021b.<\/p>\n\n\n\n<p class=\"wp-block-paragraph\">Retragerea a fost precedat\u0103 de apelul conducerii social-democrate, c\u00e2nd&nbsp;<strong>Sorin Grindeanu<\/strong>&nbsp;a cerut tuturor celor numi\u021bi politic din partea partidului&nbsp;<em>s\u0103 p\u0103r\u0103seasc\u0103 func\u021biile<\/em>. Pasul a fost urmat disciplinat \u00een teritoriu, unde prefecturile au transmis demisiile \u0219i au preg\u0103tit predarea atribu\u021biilor.<\/p>\n\n\n\n<h2 class=\"wp-block-heading\">Context \u0219i pa\u0219ii urm\u0103tori<\/h2>\n\n\n\n<p class=\"wp-block-paragraph\">Momentul a venit pe fondul tensiunilor politice care au culminat cu apropierea votului pe&nbsp;<strong>mo\u021biunea de cenzur\u0103<\/strong>. Pentru a evita ambiguit\u0103\u021bile institu\u021bionale, Executivul a optat pentru&nbsp;<strong>eliber\u0103ri rapide din func\u021bie<\/strong>&nbsp;\u0219i pentru&nbsp;<strong>numiri de \u00eenlocuitori<\/strong>, astfel \u00eenc\u00e2t activitatea administra\u021biei s\u0103 nu fie blocat\u0103.<\/p>\n\n\n\n<p class=\"wp-block-paragraph\">Prefec\u021bii, ca reprezentan\u021bi ai Guvernului \u00een teritoriu, coordoneaz\u0103 institu\u021biile deconcentrate \u0219i gestioneaz\u0103 situa\u021bii care \u021bin de ordine public\u0103 \u0219i interven\u021bii \u00een urgen\u021be. \u00cenlocuirile operate miercuri au rolul de a men\u021bine&nbsp;<em>fluxul decizional<\/em>&nbsp;\u0219i capacitatea de reac\u021bie a autorit\u0103\u021bilor locale, indiferent de reconfigurarea politic\u0103 de la centru.<\/p>\n\n\n\n<p class=\"wp-block-paragraph\">La nivelul ministerelor, schimb\u0103rile \u00een r\u00e2ndul&nbsp;<strong>secretarilor de stat<\/strong>&nbsp;\u00eenseamn\u0103 ajust\u0103ri de echipe \u0219i priorit\u0103\u021bi administrative. Documentele publicate \u00een Monitorul Oficial stabilesc data \u00eencet\u0103rii mandatelor pentru cei elibera\u021bi \u0219i intrarea \u00een atribu\u021bii a noilor numi\u021bi, cu efecte vizibile \u00een calendarul proiectelor aflate \u00een derulare.<\/p>\n\n\n\n<p class=\"wp-block-paragraph\"><em>\u00cen plan politic<\/em>, plecarea social-democra\u021bilor din Executiv marcheaz\u0103 o delimitare clar\u0103 \u00eenaintea confrunt\u0103rii parlamentare. De\u0219i mi\u0219carea este una cu miz\u0103 politic\u0103 major\u0103, impactul imediat pentru cet\u0103\u021beni se traduce mai ales prin schimbarea interlocutorilor institu\u021bionali \u00een jude\u021be \u0219i prin eventuale recalibr\u0103ri ale deciziilor administrative curente.<\/p>\n\n\n\n<p class=\"wp-block-paragraph\">\u00cen teritoriu, institu\u021biile prefectului vor continua procedurile de predare-primire, iar noile echipe vor prelua dosarele urgente \u2013 de la avize administrative la coordonarea comitetelor jude\u021bene pentru situa\u021bii de urgen\u021b\u0103 \u2013 pentru ca activitatea curent\u0103 s\u0103 r\u0103m\u00e2n\u0103 func\u021bional\u0103 p\u00e2n\u0103 la stabilizarea noii configura\u021bii guvernamentale.<\/p>\n","protected":false},"excerpt":{"rendered":"<p>Mi\u0219carea a venit la c\u00e2teva zile dup\u0103 ce&nbsp;Sorin Grindeanu&nbsp;le ceruse reprezentan\u021bilor partidului s\u0103 se retrag\u0103 din func\u021bii. Demisii \u00een lan\u021b \u0219i numiri imediate Miercuri, 29 aprilie, Guvernul a consemnat un val de plec\u0103ri \u00een teritoriu:&nbsp;au demisionat 22 de prefec\u021bi \u0219i 36 de subprefec\u021bi. \u00cen aceea\u0219i \u0219edin\u021b\u0103, pentru a asigura continuitatea administrativ\u0103, au fost f\u0103cute \u0219i &#8230; <a title=\"Social-democra\u021bii au plecat din Guvern \u00eenainte de votarea mo\u021biunii de cenzur\u0103. Premierul a eliberat din func\u021bii secretarii de stat, prefec\u0163i\" class=\"read-more\" href=\"https:\/\/stiri-faine.com\/?p=6259\" aria-label=\"Read more about Social-democra\u021bii au plecat din Guvern \u00eenainte de votarea mo\u021biunii de cenzur\u0103. Premierul a eliberat din func\u021bii secretarii de stat, prefec\u0163i\">Read more<\/a><\/p>\n","protected":false},"author":1,"featured_media":0,"comment_status":"open","ping_status":"open","sticky":false,"template":"","format":"standard","meta":{"footnotes":""},"categories":[1],"tags":[],"class_list":["post-6259","post","type-post","status-publish","format-standard","hentry","category-uncategorized"],"_links":{"self":[{"href":"https:\/\/stiri-faine.com\/index.php?rest_route=\/wp\/v2\/posts\/6259","targetHints":{"allow":["GET"]}}],"collection":[{"href":"https:\/\/stiri-faine.com\/index.php?rest_route=\/wp\/v2\/posts"}],"about":[{"href":"https:\/\/stiri-faine.com\/index.php?rest_route=\/wp\/v2\/types\/post"}],"author":[{"embeddable":true,"href":"https:\/\/stiri-faine.com\/index.php?rest_route=\/wp\/v2\/users\/1"}],"replies":[{"embeddable":true,"href":"https:\/\/stiri-faine.com\/index.php?rest_route=%2Fwp%2Fv2%2Fcomments&post=6259"}],"version-history":[{"count":1,"href":"https:\/\/stiri-faine.com\/index.php?rest_route=\/wp\/v2\/posts\/6259\/revisions"}],"predecessor-version":[{"id":6260,"href":"https:\/\/stiri-faine.com\/index.php?rest_route=\/wp\/v2\/posts\/6259\/revisions\/6260"}],"wp:attachment":[{"href":"https:\/\/stiri-faine.com\/index.php?rest_route=%2Fwp%2Fv2%2Fmedia&parent=6259"}],"wp:term":[{"taxonomy":"category","embeddable":true,"href":"https:\/\/stiri-faine.com\/index.php?rest_route=%2Fwp%2Fv2%2Fcategories&post=6259"},{"taxonomy":"post_tag","embeddable":true,"href":"https:\/\/stiri-faine.com\/index.php?rest_route=%2Fwp%2Fv2%2Ftags&post=6259"}],"curies":[{"name":"wp","href":"https:\/\/api.w.org\/{rel}","templated":true}]}}