{"id":6256,"date":"2026-09-06T08:31:48","date_gmt":"2026-09-06T08:31:48","guid":{"rendered":"https:\/\/stiri-faine.com\/?p=6256"},"modified":"2026-09-06T08:31:49","modified_gmt":"2026-09-06T08:31:49","slug":"ilie-bolojan-mesaj-catre-ministrii-psd-dupa-demisii","status":"publish","type":"post","link":"https:\/\/stiri-faine.com\/?p=6256","title":{"rendered":"Ilie Bolojan, mesaj c\u0103tre mini\u0219trii PSD dup\u0103 demisii"},"content":{"rendered":"\n<p class=\"wp-block-paragraph\">\u0218edin\u021ba de guvern de joi a avut loc f\u0103r\u0103 participarea reprezentan\u021bilor Partidul Social Democrat, pe fondul tensiunilor generate de anun\u021bul privind demisiile mini\u0219trilor social-democra\u021bi. La finalul \u00eent\u00e2lnirii, premierul Ilie Bolojan a transmis un mesaj public despre colaborarea din ultimele luni \u0219i pa\u0219ii care urmeaz\u0103 \u00een perioada de tranzi\u021bie.<\/p>\n\n\n\n<p class=\"wp-block-paragraph\">Potrivit declara\u021biilor f\u0103cute de purt\u0103torul de cuv\u00e2nt al Guvernului, Ioana Dogioiu, \u0219eful Executivului a ales un ton moderat \u0219i a insistat asupra ideii de continuitate administrativ\u0103.<\/p>\n\n\n\n<p class=\"wp-block-paragraph\">Mesaj de mul\u021bumire pentru colaborarea din ultimele luni<\/p>\n\n\n\n<p class=\"wp-block-paragraph\">La finalul \u0219edin\u021bei, premierul a transmis un mesaj de apreciere pentru mini\u0219trii PSD, chiar dac\u0103 ace\u0219tia nu au fost prezen\u021bi. Declara\u021bia a fost f\u0103cut\u0103 public\u0103 de Ioana Dogioiu, care a precizat c\u0103 Ilie Bolojan a eviden\u021biat contribu\u021bia colectiv\u0103 la deciziile \u0219i proiectele derulate \u00een ultimele zece luni.<\/p>\n\n\n\n<p class=\"wp-block-paragraph\">\u00cen discursul s\u0103u, premierul a subliniat c\u0103 activitatea guvernamental\u0103 din aceast\u0103 perioad\u0103 a fost rezultatul unei munci de echip\u0103, fiecare ministru av\u00e2nd un rol \u00een implementarea m\u0103surilor adoptate.<\/p>\n\n\n\n<p class=\"wp-block-paragraph\">De asemenea, Ilie Bolojan a men\u021bionat colaborarea cu vicepremierul Marian Neac\u0219u, subliniind rela\u021bia profesional\u0103 dezvoltat\u0103 \u00een cadrul echipei guvernamentale. Tonul adoptat sugereaz\u0103 dorin\u021ba de a evita escaladarea conflictelor politice \u00eentr-un moment tensionat.<\/p>\n\n\n\n<p class=\"wp-block-paragraph\">Demisiile mini\u0219trilor PSD, f\u0103r\u0103 un calendar clar<\/p>\n\n\n\n<p class=\"wp-block-paragraph\">Unul dintre subiectele centrale r\u0103m\u00e2ne momentul exact \u00een care vor fi depuse oficial demisiile mini\u0219trilor social-democra\u021bi. \u00centrebat\u0103 despre acest aspect, Ioana Dogioiu a precizat c\u0103 nu exist\u0103 \u00eenc\u0103 o dat\u0103 oficial\u0103 pentru \u00eenregistrarea documentelor.<\/p>\n\n\n\n<p class=\"wp-block-paragraph\">De asemenea, nu este clar dac\u0103 premierul va am\u00e2na transmiterea demisiilor sau dac\u0103 acestea vor fi trimise imediat c\u0103tre Palatul Cotroceni. Aceast\u0103 incertitudine reflect\u0103 negocierile politice aflate \u00een desf\u0103\u0219urare \u00eentre partidele implicate.<\/p>\n\n\n\n<p class=\"wp-block-paragraph\">Procedura legal\u0103 pentru schimbarea mini\u0219trilor<\/p>\n\n\n\n<p class=\"wp-block-paragraph\">Purt\u0103torul de cuv\u00e2nt al Guvernului a explicat \u0219i pa\u0219ii procedurali care urmeaz\u0103 dup\u0103 depunerea demisiilor.<\/p>\n\n\n\n<p class=\"wp-block-paragraph\">Documentele trebuie \u00eenregistrate mai \u00eent\u00e2i la Cancelaria premierului, iar ulterior sunt transmise la Palatul Cotroceni. Acolo vor fi analizate \u0219i vor fi emise decretele necesare pentru revocarea mini\u0219trilor \u0219i numirea unor interimari \u00een func\u021biile r\u0103mase vacante.<\/p>\n\n\n\n<p class=\"wp-block-paragraph\">Aceast\u0103 procedur\u0103 include dou\u0103 etape principale: revocarea oficial\u0103 a mini\u0219trilor demisionari \u0219i numirea unor persoane interimare care s\u0103 preia atribu\u021biile p\u00e2n\u0103 la stabilirea unei noi formule guvernamentale.<\/p>\n\n\n\n<p class=\"wp-block-paragraph\">Guvernul \u00ee\u0219i continu\u0103 activitatea<\/p>\n\n\n\n<p class=\"wp-block-paragraph\">Un mesaj important transmis de Executiv este legat de continuitatea activit\u0103\u021bii institu\u021biilor. Potrivit Ioanei Dogioiu, Guvernul va continua s\u0103 func\u021bioneze \u00een mod normal chiar \u0219i dup\u0103 plecarea mini\u0219trilor PSD.<\/p>\n\n\n\n<p class=\"wp-block-paragraph\">Interimarii care vor fi desemna\u021bi vor prelua responsabilit\u0103\u021bile ministeriale p\u00e2n\u0103 la formarea unei noi structuri politice. Aceast\u0103 continuitate este considerat\u0103 esen\u021bial\u0103 pentru stabilitatea administrativ\u0103 \u0219i pentru gestionarea proiectelor aflate \u00een derulare.<\/p>\n\n\n\n<p class=\"wp-block-paragraph\">Executivul \u00eencearc\u0103 astfel s\u0103 transmit\u0103 un mesaj clar c\u0103 func\u021bionarea statului nu va fi afectat\u0103 de schimb\u0103rile politice.<\/p>\n\n\n\n<p class=\"wp-block-paragraph\">F\u0103r\u0103 concedieri pe criterii politice<\/p>\n\n\n\n<p class=\"wp-block-paragraph\">Un alt punct important din mesajul premierului vizeaz\u0103 modul \u00een care vor fi gestionate resursele umane din ministere.<\/p>\n\n\n\n<p class=\"wp-block-paragraph\">Ilie Bolojan a cerut ca deciziile privind personalul s\u0103 fie luate exclusiv pe criterii de competen\u021b\u0103 profesional\u0103, nu pe baza apartenen\u021bei politice. Evaluarea angaja\u021bilor va fi realizat\u0103 \u00een func\u021bie de performan\u021ba \u0219i modul \u00een care \u00ee\u0219i \u00eendeplinesc atribu\u021biile.<\/p>\n\n\n\n<p class=\"wp-block-paragraph\">Aceast\u0103 declara\u021bie vine \u00eentr-un moment sensibil, \u00een care schimb\u0103rile politice sunt adesea \u00eenso\u021bite de reorganiz\u0103ri administrative. Prin acest mesaj, premierul \u00eencearc\u0103 s\u0103 reduc\u0103 tensiunile \u0219i s\u0103 asigure stabilitatea \u00een institu\u021biile publice.<\/p>\n\n\n\n<p class=\"wp-block-paragraph\">Contextul politic \u0219i rolul interimarilor<\/p>\n\n\n\n<p class=\"wp-block-paragraph\">Absen\u021ba mini\u0219trilor PSD de la \u0219edin\u021ba de guvern reprezint\u0103 un semnal clar al tensiunilor dintre partidele din coali\u021bie. Deciziile privind demisiile \u0219i reorganizarea Executivului sunt direct influen\u021bate de negocierile politice aflate \u00een desf\u0103\u0219urare.<\/p>\n\n\n\n<p class=\"wp-block-paragraph\">Numirea interimarilor reprezint\u0103 o solu\u021bie temporar\u0103 pentru perioada de tranzi\u021bie. Ace\u0219tia vor avea responsabilitatea de a men\u021bine func\u021bionarea ministerelor \u0219i de a lua deciziile necesare \u00een limitele stabilite de lege.<\/p>\n\n\n\n<p class=\"wp-block-paragraph\">Ce urmeaz\u0103 \u00een perioada urm\u0103toare<\/p>\n\n\n\n<p class=\"wp-block-paragraph\">Urm\u0103toarele zile vor fi decisive pentru evolu\u021bia situa\u021biei politice. Depunerea oficial\u0103 a demisiilor \u0219i emiterea decretelor preziden\u021biale vor marca etapa urm\u0103toare \u00een reorganizarea Executivului.<\/p>\n\n\n\n<p class=\"wp-block-paragraph\">\u00cen paralel, discu\u021biile politice continu\u0103, iar formarea unei noi majorit\u0103\u021bi sau reorganizarea coali\u021biei r\u0103m\u00e2n scenarii posibile. Deciziile care vor fi luate la Palatul Cotroceni vor influen\u021ba direc\u021bia guvern\u0103rii \u00een perioada urm\u0103toare.<\/p>\n\n\n\n<p class=\"wp-block-paragraph\">Mesajele transmise de premierul Ilie Bolojan indic\u0103 o \u00eencercare de men\u021binere a echilibrului \u00eentr-un context politic tensionat, \u00een care stabilitatea administrativ\u0103 \u0219i continuitatea activit\u0103\u021bii guvernamentale r\u0103m\u00e2n priorit\u0103\u021bi esen\u021biale.<\/p>\n","protected":false},"excerpt":{"rendered":"<p>\u0218edin\u021ba de guvern de joi a avut loc f\u0103r\u0103 participarea reprezentan\u021bilor Partidul Social Democrat, pe fondul tensiunilor generate de anun\u021bul privind demisiile mini\u0219trilor social-democra\u021bi. La finalul \u00eent\u00e2lnirii, premierul Ilie Bolojan a transmis un mesaj public despre colaborarea din ultimele luni \u0219i pa\u0219ii care urmeaz\u0103 \u00een perioada de tranzi\u021bie. Potrivit declara\u021biilor f\u0103cute de purt\u0103torul de cuv\u00e2nt &#8230; <a title=\"Ilie Bolojan, mesaj c\u0103tre mini\u0219trii PSD dup\u0103 demisii\" class=\"read-more\" href=\"https:\/\/stiri-faine.com\/?p=6256\" aria-label=\"Read more about Ilie Bolojan, mesaj c\u0103tre mini\u0219trii PSD dup\u0103 demisii\">Read more<\/a><\/p>\n","protected":false},"author":1,"featured_media":0,"comment_status":"open","ping_status":"open","sticky":false,"template":"","format":"standard","meta":{"footnotes":""},"categories":[1],"tags":[],"class_list":["post-6256","post","type-post","status-publish","format-standard","hentry","category-uncategorized"],"_links":{"self":[{"href":"https:\/\/stiri-faine.com\/index.php?rest_route=\/wp\/v2\/posts\/6256","targetHints":{"allow":["GET"]}}],"collection":[{"href":"https:\/\/stiri-faine.com\/index.php?rest_route=\/wp\/v2\/posts"}],"about":[{"href":"https:\/\/stiri-faine.com\/index.php?rest_route=\/wp\/v2\/types\/post"}],"author":[{"embeddable":true,"href":"https:\/\/stiri-faine.com\/index.php?rest_route=\/wp\/v2\/users\/1"}],"replies":[{"embeddable":true,"href":"https:\/\/stiri-faine.com\/index.php?rest_route=%2Fwp%2Fv2%2Fcomments&post=6256"}],"version-history":[{"count":1,"href":"https:\/\/stiri-faine.com\/index.php?rest_route=\/wp\/v2\/posts\/6256\/revisions"}],"predecessor-version":[{"id":6257,"href":"https:\/\/stiri-faine.com\/index.php?rest_route=\/wp\/v2\/posts\/6256\/revisions\/6257"}],"wp:attachment":[{"href":"https:\/\/stiri-faine.com\/index.php?rest_route=%2Fwp%2Fv2%2Fmedia&parent=6256"}],"wp:term":[{"taxonomy":"category","embeddable":true,"href":"https:\/\/stiri-faine.com\/index.php?rest_route=%2Fwp%2Fv2%2Fcategories&post=6256"},{"taxonomy":"post_tag","embeddable":true,"href":"https:\/\/stiri-faine.com\/index.php?rest_route=%2Fwp%2Fv2%2Ftags&post=6256"}],"curies":[{"name":"wp","href":"https:\/\/api.w.org\/{rel}","templated":true}]}}