{"id":6254,"date":"2026-09-06T08:31:30","date_gmt":"2026-09-06T08:31:30","guid":{"rendered":"https:\/\/stiri-faine.com\/?p=6254"},"modified":"2026-09-06T08:31:30","modified_gmt":"2026-09-06T08:31:30","slug":"nicusor-dan-pregateste-consultari-cu-partidele-pentru-formarea-noului-guvern-ce-variante-sunt-luate-in-calcul","status":"publish","type":"post","link":"https:\/\/stiri-faine.com\/?p=6254","title":{"rendered":"Nicu\u0219or Dan preg\u0103te\u0219te consult\u0103ri cu partidele pentru formarea noului Guvern. Ce variante sunt luate \u00een calcul"},"content":{"rendered":"\n<p class=\"wp-block-paragraph\">La finalul acestei s\u0103pt\u0103m\u00e2ni, pre\u0219edintele Rom\u00e2niei, Nicu\u0219or Dan, ar urma s\u0103 convoace partidele parlamentare la consult\u0103ri oficiale pentru formarea unui nou Executiv. Discu\u021biile sunt a\u0219teptate joi sau vineri, dup\u0103 desf\u0103\u0219urarea Summitului B9 programat miercuri la Palatul Cotroceni.<\/p>\n\n\n\n<p class=\"wp-block-paragraph\">Potrivit informa\u021biilor ap\u0103rute \u00een spa\u021biul public, \u0219eful statului inten\u021bioneaz\u0103 s\u0103 \u00eenceap\u0103 o nou\u0103 rund\u0103 de negocieri politice privind formula viitorului guvern. \u00cenainte de desemnarea unui candidat pentru func\u021bia de prim-ministru, pre\u0219edintele ar putea organiza \u0219i consult\u0103ri suplimentare cu liderii forma\u021biunilor parlamentare, ceea ce \u00eenseamn\u0103 c\u0103 nominalizarea unui premier ar putea avea loc abia spre finalul lunii.<\/p>\n\n\n\n<h3 class=\"wp-block-heading\">Mai multe variante pentru viitorul Executiv<\/h3>\n\n\n\n<p class=\"wp-block-paragraph\">Sursele politice sus\u021bin c\u0103 \u00een acest moment sunt analizate mai multe scenarii pentru viitoarea formul\u0103 de guvernare. Printre variantele discutate se afl\u0103:<\/p>\n\n\n\n<ul class=\"wp-block-list\">\n<li>un guvern politic sus\u021binut de o majoritate parlamentar\u0103;<\/li>\n\n\n\n<li>un guvern minoritar;<\/li>\n\n\n\n<li>un executiv tehnocrat.<\/li>\n<\/ul>\n\n\n\n<p class=\"wp-block-paragraph\">\u00cen paralel, Nicu\u0219or Dan ar urma s\u0103 solicite anumite garan\u021bii privind stabilitatea bugetar\u0103 \u0219i respectarea \u021bintelor de deficit asumate de Rom\u00e2nia.<\/p>\n\n\n\n<p class=\"wp-block-paragraph\">\u201eIndiferent de solu\u021bie, pre\u0219edintele va pune ni\u0219te condi\u021bii de politici publice, o foaie de parcurs\u201d, au declarat surse politice citate de pres\u0103.<\/p>\n\n\n\n<p class=\"wp-block-paragraph\">Temele economice \u0219i echilibrul fiscal par s\u0103 fie prioritare \u00een negocierile care vor urma, \u00een condi\u021biile \u00een care Rom\u00e2nia trebuie s\u0103 respecte mai multe jaloane \u0219i angajamente financiare \u00een perioada urm\u0103toare.<\/p>\n\n\n\n<h3 class=\"wp-block-heading\">Discu\u021bii \u00eentre PSD \u0219i UDMR<\/h3>\n\n\n\n<p class=\"wp-block-paragraph\">Liderul interimar al PSD, Sorin Grindeanu, a declarat luni c\u0103 nu exclude varianta unui guvern minoritar PSD\u2013UDMR, de\u0219i a precizat c\u0103 nu consider\u0103 aceast\u0103 formul\u0103 drept cea mai bun\u0103 solu\u021bie.<\/p>\n\n\n\n<p class=\"wp-block-paragraph\">\u00cen acela\u0219i timp, Kelemen Hunor \u0219i Sorin Grindeanu au purtat discu\u021bii la \u00eenceputul s\u0103pt\u0103m\u00e2nii \u00een biroul pre\u0219edintelui Camerei Deputa\u021bilor.<\/p>\n\n\n\n<p class=\"wp-block-paragraph\">Dup\u0103 \u00eent\u00e2lnire, liderul UDMR a afirmat c\u0103 prefer\u0103 refacerea actualei coali\u021bii de guvernare, \u00eens\u0103 nu exclude sus\u021binerea unui guvern minoritar dac\u0103 pre\u0219edintele \u00eel va nominaliza pe liderul PSD pentru func\u021bia de premier.<\/p>\n\n\n\n<p class=\"wp-block-paragraph\">\u201eEu doresc refacerea coali\u021biei. Trebuie v\u0103zut, din punct de vedere constitu\u021bional, c\u0103 a fost dat acest guvern jos, cu 281 de voturi. A doua zi, de unde s\u0103 ai 233 de voturi pentru a pune la loc acela\u0219i guvern sau acela\u0219i premier?\u201d, a declarat Kelemen Hunor.<\/p>\n\n\n\n<p class=\"wp-block-paragraph\">Acesta a subliniat \u0219i necesitatea form\u0103rii rapide a unui nou Executiv, pentru ca Rom\u00e2nia s\u0103 nu piard\u0103 fonduri importante \u0219i pentru ca m\u0103surile asumate prin diferite programe europene s\u0103 poat\u0103 fi adoptate la timp.<\/p>\n\n\n\n<h3 class=\"wp-block-heading\">Presiune pentru instalarea rapid\u0103 a unui nou Guvern<\/h3>\n\n\n\n<p class=\"wp-block-paragraph\">\u00cen contextul actualei crize politice, formarea unei majorit\u0103\u021bi stabile r\u0103m\u00e2ne principala provocare. Consult\u0103rile de la Palatul Cotroceni sunt considerate decisive pentru stabilirea direc\u021biei viitorului Executiv \u0219i pentru evitarea unui blocaj politic prelungit.<\/p>\n\n\n\n<p class=\"wp-block-paragraph\">P\u00e2n\u0103 la desemnarea unui nou premier \u0219i ob\u021binerea votului de \u00eencredere \u00een Parlament, negocierile dintre partide continu\u0103, iar toate variantele r\u0103m\u00e2n deschise \u00een ecua\u021bia politic\u0103 actual\u0103.<\/p>\n\n\n\n<p class=\"wp-block-paragraph\">Cum va fi vremea miercuri, 13 mai 2026. Temperaturile scad accentuat \u00een toat\u0103 \u021bara<\/p>\n","protected":false},"excerpt":{"rendered":"<p>La finalul acestei s\u0103pt\u0103m\u00e2ni, pre\u0219edintele Rom\u00e2niei, Nicu\u0219or Dan, ar urma s\u0103 convoace partidele parlamentare la consult\u0103ri oficiale pentru formarea unui nou Executiv. Discu\u021biile sunt a\u0219teptate joi sau vineri, dup\u0103 desf\u0103\u0219urarea Summitului B9 programat miercuri la Palatul Cotroceni. Potrivit informa\u021biilor ap\u0103rute \u00een spa\u021biul public, \u0219eful statului inten\u021bioneaz\u0103 s\u0103 \u00eenceap\u0103 o nou\u0103 rund\u0103 de negocieri politice privind &#8230; <a title=\"Nicu\u0219or Dan preg\u0103te\u0219te consult\u0103ri cu partidele pentru formarea noului Guvern. Ce variante sunt luate \u00een calcul\" class=\"read-more\" href=\"https:\/\/stiri-faine.com\/?p=6254\" aria-label=\"Read more about Nicu\u0219or Dan preg\u0103te\u0219te consult\u0103ri cu partidele pentru formarea noului Guvern. Ce variante sunt luate \u00een calcul\">Read more<\/a><\/p>\n","protected":false},"author":1,"featured_media":0,"comment_status":"open","ping_status":"open","sticky":false,"template":"","format":"standard","meta":{"footnotes":""},"categories":[1],"tags":[],"class_list":["post-6254","post","type-post","status-publish","format-standard","hentry","category-uncategorized"],"_links":{"self":[{"href":"https:\/\/stiri-faine.com\/index.php?rest_route=\/wp\/v2\/posts\/6254","targetHints":{"allow":["GET"]}}],"collection":[{"href":"https:\/\/stiri-faine.com\/index.php?rest_route=\/wp\/v2\/posts"}],"about":[{"href":"https:\/\/stiri-faine.com\/index.php?rest_route=\/wp\/v2\/types\/post"}],"author":[{"embeddable":true,"href":"https:\/\/stiri-faine.com\/index.php?rest_route=\/wp\/v2\/users\/1"}],"replies":[{"embeddable":true,"href":"https:\/\/stiri-faine.com\/index.php?rest_route=%2Fwp%2Fv2%2Fcomments&post=6254"}],"version-history":[{"count":1,"href":"https:\/\/stiri-faine.com\/index.php?rest_route=\/wp\/v2\/posts\/6254\/revisions"}],"predecessor-version":[{"id":6255,"href":"https:\/\/stiri-faine.com\/index.php?rest_route=\/wp\/v2\/posts\/6254\/revisions\/6255"}],"wp:attachment":[{"href":"https:\/\/stiri-faine.com\/index.php?rest_route=%2Fwp%2Fv2%2Fmedia&parent=6254"}],"wp:term":[{"taxonomy":"category","embeddable":true,"href":"https:\/\/stiri-faine.com\/index.php?rest_route=%2Fwp%2Fv2%2Fcategories&post=6254"},{"taxonomy":"post_tag","embeddable":true,"href":"https:\/\/stiri-faine.com\/index.php?rest_route=%2Fwp%2Fv2%2Ftags&post=6254"}],"curies":[{"name":"wp","href":"https:\/\/api.w.org\/{rel}","templated":true}]}}