{"id":6252,"date":"2026-09-06T08:29:13","date_gmt":"2026-09-06T08:29:13","guid":{"rendered":"https:\/\/stiri-faine.com\/?p=6252"},"modified":"2026-09-06T08:29:14","modified_gmt":"2026-09-06T08:29:14","slug":"ambasadorul-rusiei-convocat-la-mae-dupa-incidentul-cu-drone-din-germania-oana-toiu-vom-raspunde-uniti","status":"publish","type":"post","link":"https:\/\/stiri-faine.com\/?p=6252","title":{"rendered":"Ambasadorul Rusiei, convocat la MAE dup\u0103 incidentul cu drone din Germania. Oana \u021aoiu: \u201eVom r\u0103spunde uni\u021bi\u201d"},"content":{"rendered":"\n<p class=\"wp-block-paragraph\">Oana \u021aoiu \u00eel convoac\u0103 pe ambasadorul Rusiei la Ministrul Afacerilor Externe.<\/p>\n\n\n\n<p class=\"wp-block-paragraph\">Ministra Afacerilor Externe, Oana \u021aoiu, a anun\u021bat miercuri c\u0103 Rom\u00e2nia \u00ee\u0219i exprim\u0103 solidaritatea fa\u021b\u0103 de Germania \u00een urma<\/p>\n\n\n\n<p class=\"wp-block-paragraph\">incidentului cu drone de la Leipzig \u0219i \u00eel convoc\u0103 pe ambasadorul Rusiei la Bucure\u0219ti, potrivit unui mesaj publicat pe platforma X.<\/p>\n\n\n\n<p class=\"wp-block-paragraph\">\u201e\u00cen urma constat\u0103rii de c\u0103tre autorit\u0103\u0163ile germane c\u0103 Rusia este responsabil\u0103 pentru atacul cu drone de la Aeroportul Leipzig\/Halle, ac\u0163ion\u0103m colectiv \u015fi ferm, \u00een calitate de state membre ale UE \u015fi alia\u0163i NATO.<\/p>\n\n\n\n<p class=\"wp-block-paragraph\">Rom\u00e2nia este pe deplin solidar\u0103 cu Germania \u015fi cu alte state europene care au fost martori la activit\u0103\u0163i hibride, interferen\u0163e sau provoc\u0103ri ruse\u015fti nes\u0103buite \u015fi persistente. Rom\u00e2nia se num\u0103r\u0103 printre aceste \u0163\u0103ri.<\/p>\n\n\n\n<p class=\"wp-block-paragraph\">Aceste ac\u0163iuni nu vor r\u0103m\u00e2ne f\u0103r\u0103 r\u0103spuns. Am decis convocarea ambasadorului Rusiei la Bucure\u0219ti la Ministerul Afacerilor Externe al Rom\u00e2niei. Mesajul nostru este clar: nu vom tolera ac\u021biunile hibride ale Rusiei \u0219i vom r\u0103spunde uni\u021bi.<\/p>\n\n\n\n<p class=\"wp-block-paragraph\">Nu va exista impunitate. Descurajarea presupune at\u00e2t preg\u0103tire, c\u00e2t \u0219i disponibilitatea de a impune agresorului un cost real.\u201d, a declarat Oana \u0162oiu, ministra Afacerilor Externe, potrivit mesajului publicat pe platforma X.<\/p>\n","protected":false},"excerpt":{"rendered":"<p>Oana \u021aoiu \u00eel convoac\u0103 pe ambasadorul Rusiei la Ministrul Afacerilor Externe. Ministra Afacerilor Externe, Oana \u021aoiu, a anun\u021bat miercuri c\u0103 Rom\u00e2nia \u00ee\u0219i exprim\u0103 solidaritatea fa\u021b\u0103 de Germania \u00een urma incidentului cu drone de la Leipzig \u0219i \u00eel convoc\u0103 pe ambasadorul Rusiei la Bucure\u0219ti, potrivit unui mesaj publicat pe platforma X. \u201e\u00cen urma constat\u0103rii de c\u0103tre &#8230; <a title=\"Ambasadorul Rusiei, convocat la MAE dup\u0103 incidentul cu drone din Germania. Oana \u021aoiu: \u201eVom r\u0103spunde uni\u021bi\u201d\" class=\"read-more\" href=\"https:\/\/stiri-faine.com\/?p=6252\" aria-label=\"Read more about Ambasadorul Rusiei, convocat la MAE dup\u0103 incidentul cu drone din Germania. Oana \u021aoiu: \u201eVom r\u0103spunde uni\u021bi\u201d\">Read more<\/a><\/p>\n","protected":false},"author":1,"featured_media":0,"comment_status":"open","ping_status":"open","sticky":false,"template":"","format":"standard","meta":{"footnotes":""},"categories":[1],"tags":[],"class_list":["post-6252","post","type-post","status-publish","format-standard","hentry","category-uncategorized"],"_links":{"self":[{"href":"https:\/\/stiri-faine.com\/index.php?rest_route=\/wp\/v2\/posts\/6252","targetHints":{"allow":["GET"]}}],"collection":[{"href":"https:\/\/stiri-faine.com\/index.php?rest_route=\/wp\/v2\/posts"}],"about":[{"href":"https:\/\/stiri-faine.com\/index.php?rest_route=\/wp\/v2\/types\/post"}],"author":[{"embeddable":true,"href":"https:\/\/stiri-faine.com\/index.php?rest_route=\/wp\/v2\/users\/1"}],"replies":[{"embeddable":true,"href":"https:\/\/stiri-faine.com\/index.php?rest_route=%2Fwp%2Fv2%2Fcomments&post=6252"}],"version-history":[{"count":1,"href":"https:\/\/stiri-faine.com\/index.php?rest_route=\/wp\/v2\/posts\/6252\/revisions"}],"predecessor-version":[{"id":6253,"href":"https:\/\/stiri-faine.com\/index.php?rest_route=\/wp\/v2\/posts\/6252\/revisions\/6253"}],"wp:attachment":[{"href":"https:\/\/stiri-faine.com\/index.php?rest_route=%2Fwp%2Fv2%2Fmedia&parent=6252"}],"wp:term":[{"taxonomy":"category","embeddable":true,"href":"https:\/\/stiri-faine.com\/index.php?rest_route=%2Fwp%2Fv2%2Fcategories&post=6252"},{"taxonomy":"post_tag","embeddable":true,"href":"https:\/\/stiri-faine.com\/index.php?rest_route=%2Fwp%2Fv2%2Ftags&post=6252"}],"curies":[{"name":"wp","href":"https:\/\/api.w.org\/{rel}","templated":true}]}}