{"id":6248,"date":"2026-09-06T08:26:38","date_gmt":"2026-09-06T08:26:38","guid":{"rendered":"https:\/\/stiri-faine.com\/?p=6248"},"modified":"2026-09-06T08:26:38","modified_gmt":"2026-09-06T08:26:38","slug":"sorin-grindeanu-a-dat-vestea-nicusor-dan-a-vezi-mai-mult-2","status":"publish","type":"post","link":"https:\/\/stiri-faine.com\/?p=6248","title":{"rendered":"Sorin Grindeanu a dat vestea! Nicu\u0219or Dan a\u2026 Vezi mai mult"},"content":{"rendered":"\n<p class=\"wp-block-paragraph\">Sorin Grindeanu transmite c\u0103 PSD este preg\u0103tit s\u0103 \u00ee\u0219i asume din nou responsabilitatea guvern\u0103rii, \u00een contextul \u00een care pre\u0219edintele Nicu\u0219or Dan urmeaz\u0103 s\u0103 desemneze un nou candidat pentru func\u021bia de prim-ministru. Liderul social-democra\u021bilor sus\u021bine c\u0103 Rom\u00e2nia nu \u00ee\u0219i mai permite prelungirea perioadei de interimat \u0219i cere partidelor s\u0103 g\u0103seasc\u0103 rapid o formul\u0103 care s\u0103 ob\u021bin\u0103 majoritatea \u00een Parlament.<\/p>\n\n\n\n<p class=\"wp-block-paragraph\">Rom\u00e2nia este condus\u0103 de un Guvern interimar dup\u0103 c\u0103derea Executivului condus de Ilie Bolojan prin mo\u021biune de cenzur\u0103. \u00cen aceast\u0103 perioad\u0103 au existat mai multe negocieri \u0219i scenarii pentru formarea unei noi majorit\u0103\u021bi, f\u0103r\u0103 ca partidele s\u0103 ajung\u0103 p\u00e2n\u0103 acum la o formul\u0103 acceptat\u0103 de suficien\u021bi parlamentari.<\/p>\n\n\n\n<p class=\"wp-block-paragraph\">\u00cen acest context, Sorin Grindeanu transmite c\u0103 PSD nu inten\u021bioneaz\u0103 s\u0103 r\u0103m\u00e2n\u0103 \u00een afara negocierilor \u0219i este preg\u0103tit s\u0103 participe la formarea viitorului Executiv.<\/p>\n\n\n\n<h2 class=\"wp-block-heading\">Sorin Grindeanu: \u201eRom\u00e2nia are nevoie de un Guvern cu puteri depline\u201d<\/h2>\n\n\n\n<p class=\"wp-block-paragraph\">Liderul PSD \u0219i-a construit mesajul \u00een jurul situa\u021biei economice, sus\u021bin\u00e2nd c\u0103 aceasta ar trebui s\u0103 reprezinte principala preocupare a partidelor \u00een perioada urm\u0103toare.<\/p>\n\n\n\n<p class=\"wp-block-paragraph\">Grindeanu a invocat datele Institutului Na\u021bional de Statistic\u0103 privind evolu\u021bia v\u00e2nz\u0103rilor \u0219i a afirmat c\u0103 sc\u0103derea consumului arat\u0103 presiunea tot mai mare resim\u021bit\u0103 de popula\u021bie.<\/p>\n\n\n\n<p class=\"wp-block-paragraph\">\u201eRom\u00e2nia are nevoie de un Guvern cu puteri depline. O arat\u0103 inclusiv datele publicate ast\u0103zi de INS: v\u00e2nz\u0103rile au sc\u0103zut cu aproape 6% \u00een primele \u0219apte luni ale anului\u201d, a transmis liderul PSD.<\/p>\n\n\n\n<p class=\"wp-block-paragraph\">Potrivit acestuia, comparativ cu anul precedent, rom\u00e2nii ar fi devenit mult mai aten\u021bi la cheltuieli, inclusiv atunci c\u00e2nd vine vorba despre produsele de baz\u0103.<\/p>\n\n\n\n<p class=\"wp-block-paragraph\">\u201eRom\u00e2nii au cump\u0103rat tot mai pu\u021bin, au t\u0103iat \u0219i din lista de alimente! Se uit\u0103 de dou\u0103 ori \u00eenainte s\u0103 pun\u0103 ceva \u00een co\u0219. Iar familiile renun\u021b\u0103 la tot mai multe lucruri pe care, p\u00e2n\u0103 ieri, \u0219i le permiteau\u201d, a continuat Grindeanu.<\/p>\n\n\n\n<h2 class=\"wp-block-heading\">Liderul PSD critic\u0103 perioada lung\u0103 de negocieri<\/h2>\n\n\n\n<p class=\"wp-block-paragraph\">Sorin Grindeanu consider\u0103 c\u0103 discu\u021biile politice privind num\u0103rul de voturi \u0219i configura\u021bia viitoarei majorit\u0103\u021bi s-au prelungit prea mult.<\/p>\n\n\n\n<p class=\"wp-block-paragraph\">\u00cen opinia sa, aten\u021bia ar trebui mutat\u0103 de la calculele parlamentare c\u0103tre problemele economice \u0219i sociale.<\/p>\n\n\n\n<p class=\"wp-block-paragraph\">\u201eDespre aceast\u0103 criz\u0103 economico-social\u0103 ar trebui s\u0103 discut\u0103m ast\u0103zi. Nu despre c\u00e2te voturi \u00eei lipsesc unuia sau altuia, ci despre c\u00e2t timp mai poate pierde Rom\u00e2nia\u201d, a transmis acesta.<\/p>\n\n\n\n<p class=\"wp-block-paragraph\">Liderul social-democra\u021bilor a criticat \u0219i faptul c\u0103 fiecare partid a \u00eencercat s\u0103 demonstreze de ce variantele propuse de adversarii s\u0103i nu pot func\u021biona.<\/p>\n\n\n\n<p class=\"wp-block-paragraph\">\u201eAu trecut deja patru luni de interimat, calcule politice \u0219i discu\u021bii \u00een care fiecare partid explic\u0103 de ce solu\u021bia celuilalt nu poate func\u021biona\u201d, a afirmat Sorin Grindeanu.<\/p>\n\n\n\n<h2 class=\"wp-block-heading\">\u201eEconomia nu a\u0219teapt\u0103 ca partidele s\u0103-\u0219i termine calculele\u201d<\/h2>\n\n\n\n<p class=\"wp-block-paragraph\">Mesajul liderului PSD vine \u00eentr-un moment \u00een care negocierile pentru formarea unei majorit\u0103\u021bi sunt complicate de pozi\u021biile diferite ale forma\u021biunilor parlamentare.<\/p>\n\n\n\n<p class=\"wp-block-paragraph\">Grindeanu sus\u021bine c\u0103 prelungirea acestei situa\u021bii genereaz\u0103 incertitudine at\u00e2t pentru popula\u021bie, c\u00e2t \u0219i pentru mediul de afaceri.<\/p>\n\n\n\n<p class=\"wp-block-paragraph\">\u201eEconomia nu a\u0219teapt\u0103 ca partidele s\u0103-\u0219i termine calculele. Fiecare zi f\u0103r\u0103 un Guvern cu puteri depline \u00eenseamn\u0103 mai mult\u0103 presiune pe oameni, pe firme \u0219i pe o economie care are nevoie urgent\u0103 de direc\u021bie \u0219i de solu\u021bii, nu doar t\u0103ieri\u201d, a declarat liderul PSD.<\/p>\n\n\n\n<p class=\"wp-block-paragraph\">\u00cen aceste condi\u021bii, social-democra\u021bii transmit c\u0103 sunt dispu\u0219i s\u0103 intre \u00een negocieri pentru construirea unei majorit\u0103\u021bi parlamentare.<\/p>\n\n\n\n<h2 class=\"wp-block-heading\">PSD vrea s\u0103 participe la formarea viitorului Guvern<\/h2>\n\n\n\n<p class=\"wp-block-paragraph\">Sorin Grindeanu a formulat f\u0103r\u0103 echivoc pozi\u021bia partidului pe care \u00eel conduce:<\/p>\n\n\n\n<blockquote class=\"wp-block-quote is-layout-flow wp-block-quote-is-layout-flow\">\n<p class=\"wp-block-paragraph\">\u201ePSD este preg\u0103tit s\u0103 construiasc\u0103 o majoritate. PSD a demonstrat c\u0103 \u0219tie s\u0103 guverneze.\u201d<\/p>\n<\/blockquote>\n\n\n\n<p class=\"wp-block-paragraph\">Afirma\u021biile reprezint\u0103 pozi\u021bia politic\u0103 a liderului PSD \u00eentr-o perioad\u0103 \u00een care nu exist\u0103 \u00eenc\u0103 o majoritate parlamentar\u0103 confirmat\u0103 pentru viitorul Executiv.<\/p>\n\n\n\n<p class=\"wp-block-paragraph\">Grindeanu sus\u021bine c\u0103 forma\u021biunea sa nu dore\u0219te s\u0103 r\u0103m\u00e2n\u0103 \u00een expectativ\u0103 p\u00e2n\u0103 c\u00e2nd celelalte partide ajung la un acord.<\/p>\n\n\n\n<p class=\"wp-block-paragraph\">\u201eDe aceea, PSD nu st\u0103 pe margine \u0219i r\u0103m\u00e2ne maturul din \u00eenc\u0103pere\u201d, a afirmat acesta.<\/p>\n\n\n\n<h2 class=\"wp-block-heading\">Grindeanu, mesaj pentru PNL \u0219i USR<\/h2>\n\n\n\n<p class=\"wp-block-paragraph\">Liderul PSD a f\u0103cut referire direct\u0103 \u0219i la PNL \u0219i USR, \u00een condi\u021biile \u00een care num\u0103rul voturilor necesare pentru \u00eenvestirea unui Guvern reprezint\u0103 principala problem\u0103 a negocierilor actuale.<\/p>\n\n\n\n<p class=\"wp-block-paragraph\">\u201e\u00cen timp ce PNL \u0219i USR \u00eencearc\u0103 s\u0103 demonstreze c\u0103 PSD nu are cele 233 de voturi, Rom\u00e2nia are o problem\u0103 mult mai mare: lipsa unei perspective clare care macin\u0103 toat\u0103 societatea\u201d, a transmis Grindeanu.<\/p>\n\n\n\n<p class=\"wp-block-paragraph\">Pentru \u00eenvestirea unui Guvern este necesar votul majorit\u0103\u021bii deputa\u021bilor \u0219i senatorilor, astfel c\u0103 orice candidat desemnat de pre\u0219edinte trebuie s\u0103 g\u0103seasc\u0103 suficient sprijin parlamentar pentru programul \u0219i echipa sa.<\/p>\n\n\n\n<p class=\"wp-block-paragraph\">Tocmai aceast\u0103 aritmetic\u0103 politic\u0103 a complicat negocierile din ultimele luni.<\/p>\n\n\n\n<h2 class=\"wp-block-heading\">PSD anun\u021b\u0103 consult\u0103ri cu partenerii sociali<\/h2>\n\n\n\n<p class=\"wp-block-paragraph\">\u00cen timp ce negocierile politice continu\u0103, Sorin Grindeanu spune c\u0103 PSD inten\u021bioneaz\u0103 s\u0103 poarte discu\u021bii \u0219i cu reprezentan\u021bii mediului economic \u0219i social.<\/p>\n\n\n\n<p class=\"wp-block-paragraph\">\u201ePSD \u0219i-a asumat o solu\u021bie, \u0219i-a prezentat priorit\u0103\u021bile \u0219i este preg\u0103tit s\u0103 construiasc\u0103 majoritatea necesar\u0103 pentru a guverna\u201d, a transmis acesta.<\/p>\n\n\n\n<p class=\"wp-block-paragraph\">P\u00e2n\u0103 la \u00eencheierea unui acord politic, partidul va \u00eencerca s\u0103 identifice m\u0103suri pe care le consider\u0103 necesare pentru economie.<\/p>\n\n\n\n<p class=\"wp-block-paragraph\">\u201eP\u00e2n\u0103 la un dialog politic matur cu celelalte partide politice, ne vom concentra pe consultarea partenerilor sociali pentru coagularea celor mai eficiente m\u0103suri pentru ie\u0219irea din criz\u0103\u201d, a \u00eencheiat Sorin Grindeanu.<\/p>\n\n\n\n<h2 class=\"wp-block-heading\">Nicu\u0219or Dan trebuie s\u0103 g\u0103seasc\u0103 un candidat care s\u0103 treac\u0103 de Parlament<\/h2>\n\n\n\n<p class=\"wp-block-paragraph\">Mesajul liderului PSD apare \u00eentr-un moment decisiv pentru pre\u0219edintele Nicu\u0219or Dan, care trebuie s\u0103 identifice un candidat la func\u021bia de premier capabil s\u0103 ob\u021bin\u0103 sprijinul Parlamentului.<\/p>\n\n\n\n<p class=\"wp-block-paragraph\">Mai multe variante au fost vehiculate \u00een negocierile politice, \u00eens\u0103 niciuna nu a reu\u0219it p\u00e2n\u0103 acum s\u0103 coaguleze o majoritate cert\u0103.<\/p>\n\n\n\n<p class=\"wp-block-paragraph\">Prin mesajul s\u0103u, Sorin Grindeanu \u00eencearc\u0103 s\u0103 pozi\u021bioneze PSD drept una dintre forma\u021biunile dispuse s\u0103 \u00ee\u0219i asume formarea viitorului Guvern. R\u0103m\u00e2ne \u00eens\u0103 de v\u0103zut dac\u0103 social-democra\u021bii vor putea str\u00e2nge voturile necesare \u0219i, mai ales, ce candidat va decide Nicu\u0219or Dan s\u0103 desemneze pentru func\u021bia de prim-ministru.<\/p>\n","protected":false},"excerpt":{"rendered":"<p>Sorin Grindeanu transmite c\u0103 PSD este preg\u0103tit s\u0103 \u00ee\u0219i asume din nou responsabilitatea guvern\u0103rii, \u00een contextul \u00een care pre\u0219edintele Nicu\u0219or Dan urmeaz\u0103 s\u0103 desemneze un nou candidat pentru func\u021bia de prim-ministru. Liderul social-democra\u021bilor sus\u021bine c\u0103 Rom\u00e2nia nu \u00ee\u0219i mai permite prelungirea perioadei de interimat \u0219i cere partidelor s\u0103 g\u0103seasc\u0103 rapid o formul\u0103 care s\u0103 ob\u021bin\u0103 &#8230; <a title=\"Sorin Grindeanu a dat vestea! Nicu\u0219or Dan a\u2026 Vezi mai mult\" class=\"read-more\" href=\"https:\/\/stiri-faine.com\/?p=6248\" aria-label=\"Read more about Sorin Grindeanu a dat vestea! Nicu\u0219or Dan a\u2026 Vezi mai mult\">Read more<\/a><\/p>\n","protected":false},"author":1,"featured_media":0,"comment_status":"open","ping_status":"open","sticky":false,"template":"","format":"standard","meta":{"footnotes":""},"categories":[1],"tags":[],"class_list":["post-6248","post","type-post","status-publish","format-standard","hentry","category-uncategorized"],"_links":{"self":[{"href":"https:\/\/stiri-faine.com\/index.php?rest_route=\/wp\/v2\/posts\/6248","targetHints":{"allow":["GET"]}}],"collection":[{"href":"https:\/\/stiri-faine.com\/index.php?rest_route=\/wp\/v2\/posts"}],"about":[{"href":"https:\/\/stiri-faine.com\/index.php?rest_route=\/wp\/v2\/types\/post"}],"author":[{"embeddable":true,"href":"https:\/\/stiri-faine.com\/index.php?rest_route=\/wp\/v2\/users\/1"}],"replies":[{"embeddable":true,"href":"https:\/\/stiri-faine.com\/index.php?rest_route=%2Fwp%2Fv2%2Fcomments&post=6248"}],"version-history":[{"count":1,"href":"https:\/\/stiri-faine.com\/index.php?rest_route=\/wp\/v2\/posts\/6248\/revisions"}],"predecessor-version":[{"id":6249,"href":"https:\/\/stiri-faine.com\/index.php?rest_route=\/wp\/v2\/posts\/6248\/revisions\/6249"}],"wp:attachment":[{"href":"https:\/\/stiri-faine.com\/index.php?rest_route=%2Fwp%2Fv2%2Fmedia&parent=6248"}],"wp:term":[{"taxonomy":"category","embeddable":true,"href":"https:\/\/stiri-faine.com\/index.php?rest_route=%2Fwp%2Fv2%2Fcategories&post=6248"},{"taxonomy":"post_tag","embeddable":true,"href":"https:\/\/stiri-faine.com\/index.php?rest_route=%2Fwp%2Fv2%2Ftags&post=6248"}],"curies":[{"name":"wp","href":"https:\/\/api.w.org\/{rel}","templated":true}]}}