{"id":6244,"date":"2026-09-06T08:26:07","date_gmt":"2026-09-06T08:26:07","guid":{"rendered":"https:\/\/stiri-faine.com\/?p=6244"},"modified":"2026-09-06T08:26:08","modified_gmt":"2026-09-06T08:26:08","slug":"anuntul-momentului-florin-citu-a","status":"publish","type":"post","link":"https:\/\/stiri-faine.com\/?p=6244","title":{"rendered":"Anun\u021bul momentului! Florin C\u00ee\u021bu a\u2026"},"content":{"rendered":"\n<p class=\"wp-block-paragraph\">Florin C\u00ee\u021bu lanseaz\u0103 critici dure la adresa Comisiei Europene \u0219i a Consiliului European, sus\u021bin\u00e2nd c\u0103 presiunile pentru majorarea taxelor \u00een statele membre ale Uniunii Europene reprezint\u0103 o decizie gre\u0219it\u0103 \u00een actualul context economic \u0219i geopolitic.<\/p>\n\n\n\n<p class=\"wp-block-paragraph\">Fostul premier al Rom\u00e2niei afirm\u0103 c\u0103 o astfel de abordare ar putea afecta competitivitatea statelor europene \u0219i consider\u0103 c\u0103 direc\u021bia corect\u0103 ar trebui s\u0103 fie exact opus\u0103: taxe mai mici \u0219i mai pu\u021bine reglement\u0103ri.<\/p>\n\n\n\n<p class=\"wp-block-paragraph\">Florin C\u00ee\u021bu: \u201eUE are nevoie de taxe mai mici\u201d<br>\u00centr-un mesaj publicat pe re\u021belele sociale, Florin C\u00ee\u021bu a criticat ideea ca statele membre s\u0103 fie \u00eencurajate s\u0103 majoreze taxele \u00eenainte de aprobarea viitorului buget multianual al Uniunii Europene.<\/p>\n\n\n\n<p class=\"wp-block-paragraph\">Potrivit acestuia, \u00eentr-o perioad\u0103 marcat\u0103 de tensiuni geopolitice, presiuni economice \u0219i competi\u021bie interna\u021bional\u0103 tot mai puternic\u0103, cre\u0219terea fiscalit\u0103\u021bii ar putea pune \u0219i mai mult\u0103 presiune asupra economiilor europene.<\/p>\n\n\n\n<p class=\"wp-block-paragraph\">\u201ePresiunea oficialilor CE \u0219i ai Consiliului European ca statele membre s\u0103 creasc\u0103 taxele \u00eenainte de aprobarea bugetului UE pentru urm\u0103torii 7 ani este cea mai proast\u0103 \u0219i cea mai nociv\u0103 decizie posibil\u0103 acum\u201d, a transmis fostul premier.<\/p>\n\n\n\n<p class=\"wp-block-paragraph\">Florin C\u00ee\u021bu sus\u021bine c\u0103, \u00een loc s\u0103 fie \u00eempinse spre noi major\u0103ri de taxe, statele membre ar trebui s\u0103 \u00ee\u0219i consolideze competitivitatea \u0219i s\u0103 creeze un mediu economic mai favorabil investi\u021biilor.<\/p>\n\n\n\n<p class=\"wp-block-paragraph\">Fostul premier cere dereglementare \u0219i competitivitate mai mare<br>\u00cen opinia sa, Uniunea European\u0103 risc\u0103 s\u0103 piard\u0103 teren \u00een fa\u021ba altor economii importante dac\u0103 va continua s\u0103 creasc\u0103 povara fiscal\u0103 \u0219i birocratic\u0103 asupra companiilor \u0219i contribuabililor.<\/p>\n\n\n\n<p class=\"wp-block-paragraph\">\u201eE o idee proast\u0103, \u00een general, s\u0103 ceri \u021b\u0103rilor din UE s\u0103 mai creasc\u0103 taxele. \u00cen contextul geopolitic actual, e devastator. Din contr\u0103, statele membre UE ar trebui s\u0103-\u0219i creasc\u0103 gradul de competitivitate interna\u021bional\u0103\u201d, a mai afirmat Florin C\u00ee\u021bu.<\/p>\n\n\n\n<p class=\"wp-block-paragraph\">Fostul \u0219ef al Guvernului consider\u0103 c\u0103 Bruxelles-ul ar trebui s\u0103 pun\u0103 accent pe reducerea taxelor \u0219i pe simplificarea regulilor care afecteaz\u0103 mediul de afaceri.<\/p>\n\n\n\n<p class=\"wp-block-paragraph\">\u201eUE are nevoie de taxe mai mici \u0219i de dereglementare. Exact opusul propunerilor care se vehiculeaz\u0103 acum la Bruxelles\u201d, a concluzionat Florin C\u00ee\u021bu.<\/p>\n\n\n\n<p class=\"wp-block-paragraph\">Declara\u021biile sale vin \u00eentr-un moment \u00een care la nivel european continu\u0103 discu\u021biile despre viitorul buget al Uniunii \u0219i despre sursele de finan\u021bare necesare pentru urm\u0103torii ani.<\/p>\n","protected":false},"excerpt":{"rendered":"<p>Florin C\u00ee\u021bu lanseaz\u0103 critici dure la adresa Comisiei Europene \u0219i a Consiliului European, sus\u021bin\u00e2nd c\u0103 presiunile pentru majorarea taxelor \u00een statele membre ale Uniunii Europene reprezint\u0103 o decizie gre\u0219it\u0103 \u00een actualul context economic \u0219i geopolitic. Fostul premier al Rom\u00e2niei afirm\u0103 c\u0103 o astfel de abordare ar putea afecta competitivitatea statelor europene \u0219i consider\u0103 c\u0103 direc\u021bia &#8230; <a title=\"Anun\u021bul momentului! Florin C\u00ee\u021bu a\u2026\" class=\"read-more\" href=\"https:\/\/stiri-faine.com\/?p=6244\" aria-label=\"Read more about Anun\u021bul momentului! Florin C\u00ee\u021bu a\u2026\">Read more<\/a><\/p>\n","protected":false},"author":1,"featured_media":0,"comment_status":"open","ping_status":"open","sticky":false,"template":"","format":"standard","meta":{"footnotes":""},"categories":[1],"tags":[],"class_list":["post-6244","post","type-post","status-publish","format-standard","hentry","category-uncategorized"],"_links":{"self":[{"href":"https:\/\/stiri-faine.com\/index.php?rest_route=\/wp\/v2\/posts\/6244","targetHints":{"allow":["GET"]}}],"collection":[{"href":"https:\/\/stiri-faine.com\/index.php?rest_route=\/wp\/v2\/posts"}],"about":[{"href":"https:\/\/stiri-faine.com\/index.php?rest_route=\/wp\/v2\/types\/post"}],"author":[{"embeddable":true,"href":"https:\/\/stiri-faine.com\/index.php?rest_route=\/wp\/v2\/users\/1"}],"replies":[{"embeddable":true,"href":"https:\/\/stiri-faine.com\/index.php?rest_route=%2Fwp%2Fv2%2Fcomments&post=6244"}],"version-history":[{"count":1,"href":"https:\/\/stiri-faine.com\/index.php?rest_route=\/wp\/v2\/posts\/6244\/revisions"}],"predecessor-version":[{"id":6245,"href":"https:\/\/stiri-faine.com\/index.php?rest_route=\/wp\/v2\/posts\/6244\/revisions\/6245"}],"wp:attachment":[{"href":"https:\/\/stiri-faine.com\/index.php?rest_route=%2Fwp%2Fv2%2Fmedia&parent=6244"}],"wp:term":[{"taxonomy":"category","embeddable":true,"href":"https:\/\/stiri-faine.com\/index.php?rest_route=%2Fwp%2Fv2%2Fcategories&post=6244"},{"taxonomy":"post_tag","embeddable":true,"href":"https:\/\/stiri-faine.com\/index.php?rest_route=%2Fwp%2Fv2%2Ftags&post=6244"}],"curies":[{"name":"wp","href":"https:\/\/api.w.org\/{rel}","templated":true}]}}