{"id":6242,"date":"2026-09-06T08:25:45","date_gmt":"2026-09-06T08:25:45","guid":{"rendered":"https:\/\/stiri-faine.com\/?p=6242"},"modified":"2026-09-06T08:25:45","modified_gmt":"2026-09-06T08:25:45","slug":"lovitura-totala-data-de-nicusor-dan-noul-premier-va-fi-iulian-vezi-mai-mult","status":"publish","type":"post","link":"https:\/\/stiri-faine.com\/?p=6242","title":{"rendered":"Lovitur\u00e3 total\u00e3 dat\u00e3 de Nicu\u0219or Dan! Noul premier va fi Iulian\u2026 Vezi mai mult"},"content":{"rendered":"\n<p class=\"wp-block-paragraph\">Iulian Stanciu este pe lista scurt\u0103 pentru preluarea func\u021biei de premier. Iulian Stanciu, antreprenorul care a condus eMAG timp de 17 ani, este luat \u00een calcul pentru func\u021bia de prim-ministru.<\/p>\n\n\n\n<p class=\"wp-block-paragraph\">Iulian Stanciu, ce se afl\u0103 pe lista scurt\u0103 pentru preluarea func\u021biei de premier, este unul dintre cei mai cunoscu\u021bi antreprenori rom\u00e2ni din industria IT&amp;C. El a condus eMAG timp de 17 ani, din 2009 p\u00e2n\u0103 \u00een 2026, perioad\u0103 \u00een care compania s-a transformat dintr-un retailer online local \u00eentr-un grup regional cu afaceri \u00een mai multe domenii.<\/p>\n\n\n\n<p class=\"wp-block-paragraph\">Iulian Stanciu a ie\u0219it \u00een luna iunie din ac\u021bionariatul eMAG, dup\u0103 ce \u0219i-a v\u00e2ndut integral participa\u021bia de 11,77% c\u0103tre Prosus. Tranzac\u021bia a marcat \u00eencheierea unei perioade de 17 ani \u00een care antreprenorul a fost implicat \u00een dezvoltarea companiei.<\/p>\n\n\n\n<p class=\"wp-block-paragraph\">Dup\u0103 exitul din eMAG, acesta \u0219i-a concentrat activitatea asupra investi\u021biilor prin Inspire Asset Management, companie fondat\u0103 \u00eempreun\u0103 cu Iulian Portas\u0103.<\/p>\n\n\n\n<p class=\"wp-block-paragraph\">Vehiculul de investi\u021bii a plasat deja peste 100 de milioane de euro \u0219i urm\u0103re\u0219te s\u0103 ajung\u0103 la investi\u021bii de 350-400 de milioane de euro din fonduri proprii.<\/p>\n\n\n\n<p class=\"wp-block-paragraph\">Iulian Stanciu nu p\u0103rea s\u0103 ia \u00een calcul o carier\u0103 politic\u0103 dup\u0103 ie\u0219irea din eMAG, ci a declarat atunci c\u0103 inten\u021bioneaz\u0103 s\u0103 investeasc\u0103 \u00een domenii strategice precum energia, serviciile medicale, industria \u0219i tehnologia, dar \u0219i s\u0103 sus\u021bin\u0103 antreprenoriatul \u0219i fondurile de investi\u021bii.<\/p>\n\n\n\n<p class=\"wp-block-paragraph\">\u201eDac\u0103 p\u00e2n\u0103 acum am fost juc\u0103tor, adic\u0103 antreprenor, acum merg c\u0103tre antrenor, adic\u0103 investitor. \u00cemi doresc s\u0103 ajut companii \u0219i antreprenori s\u0103 creasc\u0103, s\u0103 avem poate 10 eMAG-uri \u00een 10 ani, \u00een diverse domenii. Rom\u00e2nia nu duce lips\u0103 de talent, de antreprenori. \u00cens\u0103 ducem lips\u0103 de equity, de capital de risc. Voi pune banii la treab\u0103, \u00eenapoi \u00een economie\u201d, declara la acel moment Iulian Stanciu.<\/p>\n\n\n\n<p class=\"wp-block-paragraph\">\u201eNu este adev\u0103rat, nu am avut nicio discu\u021bie si nu este de interes pentru mine\u201d, a spus Iulian Stanciu.<\/p>\n\n\n\n<p class=\"wp-block-paragraph\">Cine este Iulian Stanciu Iulian Stanciu este unul dintre cei mai cunoscu\u021bi antreprenori \u00een serie \u0219i investitori din Rom\u00e2nia. Pionier al industriei locale de e-commerce, Iulian Stanciu a condus eMAG \u00een perioada 2009-2026 \u0219i a transformat un mic retailer online local \u00eentr-un grup regional cu activit\u0103\u021bi pe mai multe verticale.<\/p>\n\n\n\n<p class=\"wp-block-paragraph\">\u00cen paralel cu dezvoltarea eMAG, omul de afaceri a investit \u00een companii precum NOD \u0219i Flanco, iar \u00een prezent investe\u0219te \u00een companii \u0219i fonduri prin vehiculul de investi\u021bii Inspire Asset Management. Dincolo de business, Iulian Stanciu este implicat \u00een organiza\u021bii, asocia\u021bii \u0219i funda\u021bii precum Conservation Carpathia, Via Transilvanica, Edge Institute, Endeavor Rom\u00e2nia, Asocia\u021bia pentru Rela\u021bii Comunitare sau funda\u021bia Nou\u0103 ne pas\u0103.<\/p>\n","protected":false},"excerpt":{"rendered":"<p>Iulian Stanciu este pe lista scurt\u0103 pentru preluarea func\u021biei de premier. Iulian Stanciu, antreprenorul care a condus eMAG timp de 17 ani, este luat \u00een calcul pentru func\u021bia de prim-ministru. Iulian Stanciu, ce se afl\u0103 pe lista scurt\u0103 pentru preluarea func\u021biei de premier, este unul dintre cei mai cunoscu\u021bi antreprenori rom\u00e2ni din industria IT&amp;C. El &#8230; <a title=\"Lovitur\u00e3 total\u00e3 dat\u00e3 de Nicu\u0219or Dan! Noul premier va fi Iulian\u2026 Vezi mai mult\" class=\"read-more\" href=\"https:\/\/stiri-faine.com\/?p=6242\" aria-label=\"Read more about Lovitur\u00e3 total\u00e3 dat\u00e3 de Nicu\u0219or Dan! Noul premier va fi Iulian\u2026 Vezi mai mult\">Read more<\/a><\/p>\n","protected":false},"author":1,"featured_media":0,"comment_status":"open","ping_status":"open","sticky":false,"template":"","format":"standard","meta":{"footnotes":""},"categories":[1],"tags":[],"class_list":["post-6242","post","type-post","status-publish","format-standard","hentry","category-uncategorized"],"_links":{"self":[{"href":"https:\/\/stiri-faine.com\/index.php?rest_route=\/wp\/v2\/posts\/6242","targetHints":{"allow":["GET"]}}],"collection":[{"href":"https:\/\/stiri-faine.com\/index.php?rest_route=\/wp\/v2\/posts"}],"about":[{"href":"https:\/\/stiri-faine.com\/index.php?rest_route=\/wp\/v2\/types\/post"}],"author":[{"embeddable":true,"href":"https:\/\/stiri-faine.com\/index.php?rest_route=\/wp\/v2\/users\/1"}],"replies":[{"embeddable":true,"href":"https:\/\/stiri-faine.com\/index.php?rest_route=%2Fwp%2Fv2%2Fcomments&post=6242"}],"version-history":[{"count":1,"href":"https:\/\/stiri-faine.com\/index.php?rest_route=\/wp\/v2\/posts\/6242\/revisions"}],"predecessor-version":[{"id":6243,"href":"https:\/\/stiri-faine.com\/index.php?rest_route=\/wp\/v2\/posts\/6242\/revisions\/6243"}],"wp:attachment":[{"href":"https:\/\/stiri-faine.com\/index.php?rest_route=%2Fwp%2Fv2%2Fmedia&parent=6242"}],"wp:term":[{"taxonomy":"category","embeddable":true,"href":"https:\/\/stiri-faine.com\/index.php?rest_route=%2Fwp%2Fv2%2Fcategories&post=6242"},{"taxonomy":"post_tag","embeddable":true,"href":"https:\/\/stiri-faine.com\/index.php?rest_route=%2Fwp%2Fv2%2Ftags&post=6242"}],"curies":[{"name":"wp","href":"https:\/\/api.w.org\/{rel}","templated":true}]}}