{"id":6240,"date":"2026-09-06T08:25:16","date_gmt":"2026-09-06T08:25:16","guid":{"rendered":"https:\/\/stiri-faine.com\/?p=6240"},"modified":"2026-09-06T08:25:16","modified_gmt":"2026-09-06T08:25:16","slug":"alerta-mondiala-rusia-vrea-sa-atace-si-germania-dupa-ce","status":"publish","type":"post","link":"https:\/\/stiri-faine.com\/?p=6240","title":{"rendered":"ALERT\u0102 mondial\u0103! Rusia vrea s\u0103 ATACE \u0219i Germania dup\u0103 ce\u2026"},"content":{"rendered":"\n<p class=\"wp-block-paragraph\">Tensiunile dintre Germania \u0219i Rusia se amplific\u0103 dup\u0103 ce autorit\u0103\u021bile de la Berlin au acuzat Moscova c\u0103 s-ar afla \u00een spatele atacului cu drone de la aeroportul Leipzig\/Halle. Reac\u021bia venit\u0103 din Rusia a fost una extrem de dur\u0103, Dmitri Medvedev lans\u00e2nd amenin\u021b\u0103ri directe la adresa Germaniei \u0219i a liderilor europeni care sprijin\u0103 Ucraina.<\/p>\n\n\n\n<p class=\"wp-block-paragraph\">Vicepre\u0219edintele Consiliului de Securitate al Rusiei \u0219i fost pre\u0219edinte al Federa\u021biei Ruse a sugerat c\u0103 fabricile germane care produc echipamente militare ar putea deveni \u021binte ale unor atacuri.<\/p>\n\n\n\n<p class=\"wp-block-paragraph\">Dmitri Medvedev amenin\u021b\u0103 fabricile militare din Germania<br>Declara\u021biile lui Medvedev au venit dup\u0103 ce Berlinul a atribuit Rusiei responsabilitatea pentru incidentul produs la \u00eenceputul lunii august pe aeroportul Leipzig\/Halle.<\/p>\n\n\n\n<p class=\"wp-block-paragraph\">Oficialul rus a sus\u021binut c\u0103 Germania ar trebui s\u0103 r\u0103spund\u0103 pentru acuza\u021biile formulate \u00eempotriva Moscovei \u0219i a vorbit despre posibilitatea unor lovituri asupra unit\u0103\u021bilor care produc echipamente militare destinate inclusiv Ucrainei.<\/p>\n\n\n\n<p class=\"wp-block-paragraph\">Medvedev nu s-a limitat \u00eens\u0103 doar la fabricile din industria de ap\u0103rare. Acesta a sugerat c\u0103 \u0219i alte obiective din Berlin ar putea fi vizate, \u00eentr-o nou\u0103 escaladare a discursului agresiv folosit de oficialul rus.<\/p>\n\n\n\n<p class=\"wp-block-paragraph\">Fostul pre\u0219edinte al Rusiei a acuzat din nou conducerea german\u0103 de o politic\u0103 ostil\u0103 Moscovei \u0219i de sus\u021binerea militar\u0103 acordat\u0103 Kievului.<\/p>\n\n\n\n<p class=\"wp-block-paragraph\">Amenin\u021b\u0103ri \u0219i la adresa liderilor europeni care merg la Kiev<br>Mesajele lui Medvedev i-au vizat \u0219i pe liderii occidentali care c\u0103l\u0103toresc \u00een Ucraina. Oficialul rus a f\u0103cut referire la deplas\u0103rile cu trenul spre Kiev, suger\u00e2nd c\u0103 inclusiv acestea ar putea deveni \u021binte.<\/p>\n\n\n\n<p class=\"wp-block-paragraph\">El a afirmat c\u0103 statele occidentale, \u00een special cele europene, sunt responsabile pentru sprijinirea Ucrainei \u0219i a amintit faptul c\u0103 numero\u0219i lideri europeni ajung la Kiev pe cale feroviar\u0103.<\/p>\n\n\n\n<p class=\"wp-block-paragraph\">Afirma\u021biile au provocat noi \u00eengrijor\u0103ri \u00een contextul rela\u021biilor deja extrem de tensionate dintre Rusia \u0219i statele NATO.<\/p>\n\n\n\n<p class=\"wp-block-paragraph\">Germania acuz\u0103 Rusia pentru atacul de la Leipzig<br>Incidentul care a declan\u0219at noul schimb de amenin\u021b\u0103ri a avut loc \u00een august, pe aeroportul Leipzig\/Halle. Autorit\u0103\u021bile germane au descoperit o dron\u0103 care transporta explozibil \u00een zona de securitate a aeroportului, \u00een apropierea unor aeronave cargo ucrainene.<\/p>\n\n\n\n<p class=\"wp-block-paragraph\">Dup\u0103 investiga\u021bii, guvernul german a anun\u021bat c\u0103 informa\u021biile ob\u021binute indic\u0103 implicarea Rusiei \u00eentr-o opera\u021biune hibrid\u0103. Berlinul a decis ulterior mai multe m\u0103suri diplomatice, printre care \u00eenchiderea Consulatului General al Rusiei din Bonn \u0219i a centrului cultural \u201eCasa Rus\u0103\u201d din Berlin.<\/p>\n\n\n\n<p class=\"wp-block-paragraph\">Germania inten\u021bioneaz\u0103, de asemenea, s\u0103 \u00een\u0103spreasc\u0103 m\u0103surile \u00eempotriva opera\u021biunilor hibride \u0219i s\u0103 sus\u021bin\u0103 noi sanc\u021biuni europene.<\/p>\n\n\n\n<p class=\"wp-block-paragraph\">NATO \u0219i Uniunea European\u0103 \u0219i-au exprimat solidaritatea cu Germania, \u00een timp ce Moscova respinge acuza\u021biile Berlinului. Schimbul de declara\u021bii \u0219i amenin\u021b\u0103ri marcheaz\u0103 \u00eens\u0103 o nou\u0103 deteriorare a rela\u021biilor dintre Rusia \u0219i una dintre cele mai importante puteri europene.<\/p>\n","protected":false},"excerpt":{"rendered":"<p>Tensiunile dintre Germania \u0219i Rusia se amplific\u0103 dup\u0103 ce autorit\u0103\u021bile de la Berlin au acuzat Moscova c\u0103 s-ar afla \u00een spatele atacului cu drone de la aeroportul Leipzig\/Halle. Reac\u021bia venit\u0103 din Rusia a fost una extrem de dur\u0103, Dmitri Medvedev lans\u00e2nd amenin\u021b\u0103ri directe la adresa Germaniei \u0219i a liderilor europeni care sprijin\u0103 Ucraina. Vicepre\u0219edintele Consiliului &#8230; <a title=\"ALERT\u0102 mondial\u0103! Rusia vrea s\u0103 ATACE \u0219i Germania dup\u0103 ce\u2026\" class=\"read-more\" href=\"https:\/\/stiri-faine.com\/?p=6240\" aria-label=\"Read more about ALERT\u0102 mondial\u0103! Rusia vrea s\u0103 ATACE \u0219i Germania dup\u0103 ce\u2026\">Read more<\/a><\/p>\n","protected":false},"author":1,"featured_media":0,"comment_status":"open","ping_status":"open","sticky":false,"template":"","format":"standard","meta":{"footnotes":""},"categories":[1],"tags":[],"class_list":["post-6240","post","type-post","status-publish","format-standard","hentry","category-uncategorized"],"_links":{"self":[{"href":"https:\/\/stiri-faine.com\/index.php?rest_route=\/wp\/v2\/posts\/6240","targetHints":{"allow":["GET"]}}],"collection":[{"href":"https:\/\/stiri-faine.com\/index.php?rest_route=\/wp\/v2\/posts"}],"about":[{"href":"https:\/\/stiri-faine.com\/index.php?rest_route=\/wp\/v2\/types\/post"}],"author":[{"embeddable":true,"href":"https:\/\/stiri-faine.com\/index.php?rest_route=\/wp\/v2\/users\/1"}],"replies":[{"embeddable":true,"href":"https:\/\/stiri-faine.com\/index.php?rest_route=%2Fwp%2Fv2%2Fcomments&post=6240"}],"version-history":[{"count":1,"href":"https:\/\/stiri-faine.com\/index.php?rest_route=\/wp\/v2\/posts\/6240\/revisions"}],"predecessor-version":[{"id":6241,"href":"https:\/\/stiri-faine.com\/index.php?rest_route=\/wp\/v2\/posts\/6240\/revisions\/6241"}],"wp:attachment":[{"href":"https:\/\/stiri-faine.com\/index.php?rest_route=%2Fwp%2Fv2%2Fmedia&parent=6240"}],"wp:term":[{"taxonomy":"category","embeddable":true,"href":"https:\/\/stiri-faine.com\/index.php?rest_route=%2Fwp%2Fv2%2Fcategories&post=6240"},{"taxonomy":"post_tag","embeddable":true,"href":"https:\/\/stiri-faine.com\/index.php?rest_route=%2Fwp%2Fv2%2Ftags&post=6240"}],"curies":[{"name":"wp","href":"https:\/\/api.w.org\/{rel}","templated":true}]}}