{"id":6216,"date":"2026-09-05T11:16:45","date_gmt":"2026-09-05T11:16:45","guid":{"rendered":"https:\/\/stiri-faine.com\/?p=6216"},"modified":"2026-09-05T11:16:46","modified_gmt":"2026-09-05T11:16:46","slug":"scandal-in-usr-si-a-dat-demisia-si-a-atacat-actuala-conducere-3","status":"publish","type":"post","link":"https:\/\/stiri-faine.com\/?p=6216","title":{"rendered":"Scandal \u00een USR. \u0218i-a dat DEMISIA \u0219i a atacat actuala conducere"},"content":{"rendered":"\n<p class=\"wp-block-paragraph\">Senatorul de Gala\u021bi Gheorghe \u0218tef\u0103nache \u0219i-a anun\u021bat plecarea din USR \u0219i spune c\u0103 \u00ee\u0219i va continua mandatul \u00een Parlament ca independent, f\u0103r\u0103 s\u0103 se afilieze, cel pu\u021bin pentru moment, unui alt grup politic. Decizia a provocat o reac\u021bie dur\u0103 din partea organiza\u021biei USR Gala\u021bi, care sus\u021bine c\u0103 plecarea parlamentarului era anticipat\u0103.<\/p>\n\n\n\n<p class=\"wp-block-paragraph\">\u0218tef\u0103nache \u00ee\u0219i justific\u0103 hot\u0103r\u00e2rea prin nemul\u021bumirile acumulate fa\u021b\u0103 de activitatea organiza\u021biei locale \u0219i sus\u021bine c\u0103 exist\u0103 o diferen\u021b\u0103 tot mai mare \u00eentre modul \u00een care vede el implicarea politic\u0103 \u00een Gala\u021bi \u0219i direc\u021bia filialei din care a f\u0103cut parte.<\/p>\n\n\n\n<p class=\"wp-block-paragraph\">Senatorul insist\u0103 c\u0103 nu inten\u021bioneaz\u0103 s\u0103 renun\u021be la activitatea politic\u0103 \u0219i nici la proiectele pentru jude\u021b, ci doar s\u0103 \u00ee\u0219i continue mandatul dintr-o alt\u0103 pozi\u021bie.<\/p>\n\n\n\n<h2 class=\"wp-block-heading\">Gheorghe \u0218tef\u0103nache explic\u0103 de ce a plecat din USR<\/h2>\n\n\n\n<p class=\"wp-block-paragraph\">\u00cen mesajul prin care \u0219i-a anun\u021bat demisia, senatorul prezint\u0103 decizia drept una legat\u0103 de propriile convingeri \u0219i de modul \u00een care consider\u0103 c\u0103 trebuie s\u0103 \u00ee\u0219i reprezinte aleg\u0103torii.<\/p>\n\n\n\n<p class=\"wp-block-paragraph\">Una dintre principalele sale nemul\u021bumiri vizeaz\u0103 activitatea USR Gala\u021bi. \u0218tef\u0103nache consider\u0103 c\u0103 organiza\u021bia local\u0103 nu are suficient\u0103 implicare \u0219i sus\u021bine c\u0103 nu mai poate accepta aceast\u0103 situa\u021bie.<\/p>\n\n\n\n<blockquote class=\"wp-block-quote is-layout-flow wp-block-quote-is-layout-flow\">\n<p class=\"wp-block-paragraph\">\u201eOric\u00e2t de ata\u0219at a\u0219 fi de activitatea partidului la nivel central \u0219i parlamentar, nu pot accepta inactivitatea \u00abasumat\u0103\u00bb a structurii politice locale din care deja am f\u0103cut parte.\u201d<\/p>\n<\/blockquote>\n\n\n\n<p class=\"wp-block-paragraph\">Din perspectiva sa, activitatea unei organiza\u021bii politice nu ar trebui s\u0103 se rezume la perioadele electorale, ci s\u0103 presupun\u0103 o prezen\u021b\u0103 permanent\u0103 \u00een comunitate \u0219i construirea unor alternative locale.<\/p>\n\n\n\n<h2 class=\"wp-block-heading\">Senatorul spune c\u0103 vrea s\u0103 continue confruntarea politic\u0103 din Gala\u021bi<\/h2>\n\n\n\n<p class=\"wp-block-paragraph\">Gheorghe \u0218tef\u0103nache sus\u021bine c\u0103 plecarea din USR nu \u00eenseamn\u0103 c\u0103 \u00ee\u0219i abandoneaz\u0103 obiectivele politice.<\/p>\n\n\n\n<p class=\"wp-block-paragraph\">Acesta afirm\u0103 c\u0103 inten\u021bioneaz\u0103 s\u0103 r\u0103m\u00e2n\u0103 implicat \u00een problemele Gala\u021biului \u0219i s\u0103 continue opozi\u021bia fa\u021b\u0103 de PSD la nivel local, \u00eens\u0103 consider\u0103 c\u0103 nu mai poate face acest lucru \u00een actuala formul\u0103 a organiza\u021biei USR.<\/p>\n\n\n\n<p class=\"wp-block-paragraph\">Mesajul s\u0103u este orientat \u00een special c\u0103tre viitoarele confrunt\u0103ri electorale locale. Senatorul consider\u0103 c\u0103 filiala trebuie s\u0103 preg\u0103teasc\u0103 din timp persoane capabile s\u0103 candideze pentru cele mai importante func\u021bii din administra\u021bia local\u0103.<\/p>\n\n\n\n<h2 class=\"wp-block-heading\">Ce spune despre Dominic Fritz \u0219i ceilal\u021bi lideri USR<\/h2>\n\n\n\n<p class=\"wp-block-paragraph\">\u00cen argumenta\u021bia sa, \u0218tef\u0103nache a f\u0103cut referire \u0219i la mai multe nume importante din conducerea sau structurile centrale ale USR.<\/p>\n\n\n\n<p class=\"wp-block-paragraph\">Dominic Fritz, Diana Buzoianu, Oana \u021aoiu, Irineu Dar\u0103u \u0219i Radu Miru\u021b\u0103 sunt printre politicienii men\u021biona\u021bi de senator.<\/p>\n\n\n\n<p class=\"wp-block-paragraph\">Ideea transmis\u0103 de acesta este c\u0103 liderii cunoscu\u021bi la nivel na\u021bional nu vor putea \u00eenlocui munca pe care organiza\u021bia din Gala\u021bi trebuie s\u0103 o fac\u0103 pe plan local.<\/p>\n\n\n\n<p class=\"wp-block-paragraph\">\u00cen opinia sa, Dominic Fritz nu va candida la Prim\u0103ria Gala\u021bi, dup\u0103 cum ceilal\u021bi lideri men\u021biona\u021bi nu vor ocupa locurile organiza\u021biei pe listele pentru Consiliul Local sau Consiliul Jude\u021bean.<\/p>\n\n\n\n<p class=\"wp-block-paragraph\">Prin urmare, responsabilitatea pentru rezultatele electorale va reveni membrilor USR din Gala\u021bi.<\/p>\n\n\n\n<h2 class=\"wp-block-heading\">\u201eNu doar pentru a \u00eenc\u0103rca listele electorale\u201d<\/h2>\n\n\n\n<p class=\"wp-block-paragraph\">\u0218tef\u0103nache consider\u0103 c\u0103 una dintre priorit\u0103\u021bile unei organiza\u021bii locale trebuie s\u0103 fie identificarea \u0219i promovarea unor candida\u021bi care au \u0219anse reale s\u0103 ob\u021bin\u0103 func\u021bii publice.<\/p>\n\n\n\n<p class=\"wp-block-paragraph\">Senatorul nu dore\u0219te ca viitoarele liste electorale s\u0103 fie alc\u0103tuite doar pentru \u00eendeplinirea unor formalit\u0103\u021bi politice.<\/p>\n\n\n\n<p class=\"wp-block-paragraph\">Mesajul s\u0103u sugereaz\u0103 c\u0103 USR Gala\u021bi ar trebui s\u0103 \u00eenceap\u0103 din timp preg\u0103tirea unor oameni care s\u0103 intre \u00eentr-o competi\u021bie real\u0103 pentru Prim\u0103ria Gala\u021bi, Consiliul Local \u0219i Consiliul Jude\u021bean.<\/p>\n\n\n\n<p class=\"wp-block-paragraph\">\u00cen opinia parlamentarului, f\u0103r\u0103 o asemenea strategie, filiala risc\u0103 s\u0103 r\u0103m\u00e2n\u0103 \u00eentr-o pozi\u021bie politic\u0103 secundar\u0103.<\/p>\n\n\n\n<h2 class=\"wp-block-heading\">USR Gala\u021bi reac\u021bioneaz\u0103 dup\u0103 demisia senatorului<\/h2>\n\n\n\n<p class=\"wp-block-paragraph\">Plecarea lui Gheorghe \u0218tef\u0103nache nu a r\u0103mas f\u0103r\u0103 r\u0103spuns.<\/p>\n\n\n\n<p class=\"wp-block-paragraph\">USR Gala\u021bi a reac\u021bionat critic \u0219i sus\u021bine c\u0103 decizia senatorului nu reprezint\u0103 o surpriz\u0103 pentru membrii organiza\u021biei.<\/p>\n\n\n\n<p class=\"wp-block-paragraph\">Filiala afirm\u0103 c\u0103 existau de mai mult timp indicii privind o posibil\u0103 desp\u0103r\u021bire \u0219i pune sub semnul \u00eentreb\u0103rii durata perioadei \u00een care \u0218tef\u0103nache va r\u0103m\u00e2ne parlamentar independent.<\/p>\n\n\n\n<p class=\"wp-block-paragraph\">Mai mult, reprezentan\u021bii organiza\u021biei au lansat ipoteza c\u0103 senatorul s-ar putea \u00eendrepta, la un moment dat, c\u0103tre o forma\u021biune din zona suveranist\u0103.<\/p>\n\n\n\n<p class=\"wp-block-paragraph\">Este \u00eens\u0103 o afirma\u021bie a USR Gala\u021bi \u0219i nu o decizie anun\u021bat\u0103 de parlamentar.<\/p>\n\n\n\n<h2 class=\"wp-block-heading\">\u0218tef\u0103nache spune c\u0103 r\u0103m\u00e2ne independent<\/h2>\n\n\n\n<p class=\"wp-block-paragraph\">Senatorul respinge, cel pu\u021bin \u00een acest moment, scenariul unei \u00eenscrieri imediate \u00eentr-o alt\u0103 forma\u021biune.<\/p>\n\n\n\n<p class=\"wp-block-paragraph\">Potrivit pozi\u021biei sale publice, \u00ee\u0219i va continua mandatul de senator ca independent \u0219i neafiliat unui grup parlamentar.<\/p>\n\n\n\n<p class=\"wp-block-paragraph\">\u0218tef\u0103nache sus\u021bine c\u0103 aceast\u0103 pozi\u021bie \u00eei va permite s\u0103 \u00ee\u0219i continue activitatea pentru Gala\u021bi f\u0103r\u0103 constr\u00e2ngerile pe care afirm\u0103 c\u0103 le-a resim\u021bit \u00een interiorul fostului s\u0103u partid.<\/p>\n\n\n\n<p class=\"wp-block-paragraph\">Plecarea nu presupune pierderea mandatului de senator. Mandatul parlamentar este reprezentativ, astfel c\u0103 demisia din partidul pe listele c\u0103ruia un senator a fost ales nu determin\u0103 automat \u00eencetarea mandatului.<\/p>\n\n\n\n<h2 class=\"wp-block-heading\">O nou\u0103 ruptur\u0103 pe scena politic\u0103 din Gala\u021bi<\/h2>\n\n\n\n<p class=\"wp-block-paragraph\">Demisia lui Gheorghe \u0218tef\u0103nache deschide acum dou\u0103 direc\u021bii diferite de interpretare.<\/p>\n\n\n\n<p class=\"wp-block-paragraph\">Senatorul prezint\u0103 plecarea drept o decizie de principiu, determinat\u0103 de nemul\u021bumirile privind func\u021bionarea organiza\u021biei locale \u0219i de dorin\u021ba de a avea mai mult\u0103 libertate politic\u0103.<\/p>\n\n\n\n<p class=\"wp-block-paragraph\">USR Gala\u021bi prive\u0219te \u00eens\u0103 diferit situa\u021bia \u0219i sugereaz\u0103 c\u0103 statutul de independent ar putea reprezenta doar o etap\u0103 \u00eenaintea unei alte alegeri politice.<\/p>\n\n\n\n<p class=\"wp-block-paragraph\">Pentru moment, singura decizie anun\u021bat\u0103 de Gheorghe \u0218tef\u0103nache este continuarea mandatului ca senator independent. R\u0103m\u00e2ne de v\u0103zut dac\u0103 acesta \u00ee\u0219i va p\u0103stra statutul p\u00e2n\u0103 la finalul mandatului sau dac\u0103 evolu\u021biile politice viitoare \u00eel vor determina s\u0103 se apropie de o alt\u0103 forma\u021biune.<\/p>\n","protected":false},"excerpt":{"rendered":"<p>Senatorul de Gala\u021bi Gheorghe \u0218tef\u0103nache \u0219i-a anun\u021bat plecarea din USR \u0219i spune c\u0103 \u00ee\u0219i va continua mandatul \u00een Parlament ca independent, f\u0103r\u0103 s\u0103 se afilieze, cel pu\u021bin pentru moment, unui alt grup politic. Decizia a provocat o reac\u021bie dur\u0103 din partea organiza\u021biei USR Gala\u021bi, care sus\u021bine c\u0103 plecarea parlamentarului era anticipat\u0103. \u0218tef\u0103nache \u00ee\u0219i justific\u0103 hot\u0103r\u00e2rea &#8230; <a title=\"Scandal \u00een USR. \u0218i-a dat DEMISIA \u0219i a atacat actuala conducere\" class=\"read-more\" href=\"https:\/\/stiri-faine.com\/?p=6216\" aria-label=\"Read more about Scandal \u00een USR. \u0218i-a dat DEMISIA \u0219i a atacat actuala conducere\">Read more<\/a><\/p>\n","protected":false},"author":1,"featured_media":0,"comment_status":"open","ping_status":"open","sticky":false,"template":"","format":"standard","meta":{"footnotes":""},"categories":[1],"tags":[],"class_list":["post-6216","post","type-post","status-publish","format-standard","hentry","category-uncategorized"],"_links":{"self":[{"href":"https:\/\/stiri-faine.com\/index.php?rest_route=\/wp\/v2\/posts\/6216","targetHints":{"allow":["GET"]}}],"collection":[{"href":"https:\/\/stiri-faine.com\/index.php?rest_route=\/wp\/v2\/posts"}],"about":[{"href":"https:\/\/stiri-faine.com\/index.php?rest_route=\/wp\/v2\/types\/post"}],"author":[{"embeddable":true,"href":"https:\/\/stiri-faine.com\/index.php?rest_route=\/wp\/v2\/users\/1"}],"replies":[{"embeddable":true,"href":"https:\/\/stiri-faine.com\/index.php?rest_route=%2Fwp%2Fv2%2Fcomments&post=6216"}],"version-history":[{"count":1,"href":"https:\/\/stiri-faine.com\/index.php?rest_route=\/wp\/v2\/posts\/6216\/revisions"}],"predecessor-version":[{"id":6217,"href":"https:\/\/stiri-faine.com\/index.php?rest_route=\/wp\/v2\/posts\/6216\/revisions\/6217"}],"wp:attachment":[{"href":"https:\/\/stiri-faine.com\/index.php?rest_route=%2Fwp%2Fv2%2Fmedia&parent=6216"}],"wp:term":[{"taxonomy":"category","embeddable":true,"href":"https:\/\/stiri-faine.com\/index.php?rest_route=%2Fwp%2Fv2%2Fcategories&post=6216"},{"taxonomy":"post_tag","embeddable":true,"href":"https:\/\/stiri-faine.com\/index.php?rest_route=%2Fwp%2Fv2%2Ftags&post=6216"}],"curies":[{"name":"wp","href":"https:\/\/api.w.org\/{rel}","templated":true}]}}