{"id":6214,"date":"2026-09-05T11:16:32","date_gmt":"2026-09-05T11:16:32","guid":{"rendered":"https:\/\/stiri-faine.com\/?p=6214"},"modified":"2026-09-05T11:16:33","modified_gmt":"2026-09-05T11:16:33","slug":"s0c-dupa-moartea-ancai-pandrea-elena-merisoreanu-a","status":"publish","type":"post","link":"https:\/\/stiri-faine.com\/?p=6214","title":{"rendered":"\u02180C! Dup\u0103 moartea Anc\u0103i Pandrea, Elena Meri\u0219oreanu a\u2026"},"content":{"rendered":"\n<p class=\"wp-block-paragraph\">Moartea Anc\u0103i Pandrea a provocat mult\u0103 triste\u021be \u00een r\u00e2ndul celor care au cunoscut-o \u0219i au apreciat-o de-a lungul anilor. Printre cei afecta\u021bi de dispari\u021bia actri\u021bei se num\u0103r\u0103 \u0219i Elena Meri\u0219oreanu, care a vorbit despre regretul s\u0103u, dar \u0219i despre faptul c\u0103, \u00een opinia ei, Anca Pandrea nu a fost apreciat\u0103 suficient \u00een timpul vie\u021bii.<\/p>\n\n\n\n<p class=\"wp-block-paragraph\">Interpreta de muzic\u0103 popular\u0103 a m\u0103rturisit c\u0103 o consider\u0103 pe actri\u021b\u0103 o valoare important\u0103 a scenei rom\u00e2ne\u0219ti \u0219i c\u0103 este dureros ca recunoa\u0219terea s\u0103 vin\u0103 mai ales dup\u0103 dispari\u021bia unui artist.<\/p>\n\n\n\n<p class=\"wp-block-paragraph\">\u201eAnca Pandrea a fost o valoare imens\u0103\u201d<br>Elena Meri\u0219oreanu a spus c\u0103 regret\u0103 faptul c\u0103 Anca Pandrea nu a primit, c\u00e2t timp a tr\u0103it, aprecierea pe care ar fi meritat-o.<\/p>\n\n\n\n<p class=\"wp-block-paragraph\">\u201eAnca Pandrea a fost o valoare imens\u0103, de\u0219i, \u00eemi pare r\u0103u c\u0103 spun, nu a fost recunoscut\u0103 la valoarea ei\u201d, a declarat aceasta.<\/p>\n\n\n\n<p class=\"wp-block-paragraph\">Interpreta a ad\u0103ugat c\u0103, de multe ori, oamenii ajung s\u0103 vorbeasc\u0103 despre valoarea unei persoane abia dup\u0103 moarte.<\/p>\n\n\n\n<p class=\"wp-block-paragraph\">\u201eDup\u0103 ce omul nu mai e pe p\u0103m\u00e2nt \u00eencep s\u0103 spun\u0103 c\u0103 vai ce grozav a fost. P\u0103cat. Ce p\u0103cat c\u0103 nu \u0219tiu s\u0103 aprecieze oamenii la justa lor valoare\u201d, a mai spus Elena Meri\u0219oreanu.<\/p>\n\n\n\n<p class=\"wp-block-paragraph\">Ultimele zile ale Anc\u0103i Pandrea<br>Anca Pandrea \u0219i-a petrecut ultimele zile \u00een spital, \u00eentr-o stare de s\u0103n\u0103tate fragil\u0103, dar \u00eenconjurat\u0103 de oameni apropia\u021bi.<\/p>\n\n\n\n<p class=\"wp-block-paragraph\">Ingrid Lalique, prietena sa de suflet, a povestit c\u0103 actri\u021ba s-a bucurat de prezen\u021ba celor dragi \u0219i c\u0103 unul dintre cele mai importante lucruri pentru apropia\u021bi a fost faptul c\u0103 nu a fost singur\u0103 \u00een ultimele momente.<\/p>\n\n\n\n<p class=\"wp-block-paragraph\">Potrivit acesteia, mai mul\u021bi prieteni s-au aflat al\u0103turi de Anca Pandrea \u00een spital, iar atmosfera ar fi fost una de lini\u0219te \u0219i apropiere.<\/p>\n\n\n\n<p class=\"wp-block-paragraph\">\u201eNu a plecat singuric\u0103\u201d<br>Ingrid Lalique a povestit c\u0103 actri\u021ba era mul\u021bumit\u0103 c\u0103 prietenii veniser\u0103 s\u0103 o vad\u0103 \u0219i c\u0103 oameni dragi au r\u0103mas l\u00e2ng\u0103 ea.<\/p>\n\n\n\n<p class=\"wp-block-paragraph\">\u201eNe-am bucurat c\u0103 nu a fost singuric\u0103 \u00een momentul plec\u0103rii, asta a fost cel mai important\u201d, a spus aceasta.<\/p>\n\n\n\n<p class=\"wp-block-paragraph\">Prietena Anc\u0103i Pandrea a descris \u0219i ultimele clipe ca fiind unele de lini\u0219te, dup\u0103 ce una dintre persoanele apropiate revenise l\u00e2ng\u0103 ea.<\/p>\n\n\n\n<p class=\"wp-block-paragraph\">\u201eA fost a\u0219a ca o stare de lini\u0219te, dup\u0103 care a plecat. Foarte ciudat a fost. Este foarte greu\u201d, a m\u0103rturisit Ingrid Lalique.<\/p>\n\n\n\n<p class=\"wp-block-paragraph\">O pierdere grea pentru lumea artistic\u0103<br>Dispari\u021bia Anc\u0103i Pandrea a readus \u00een aten\u021bie nu doar cariera sa, ci \u0219i leg\u0103turile puternice pe care le-a avut cu oamenii apropia\u021bi.<\/p>\n\n\n\n<p class=\"wp-block-paragraph\">Pentru Elena Meri\u0219oreanu, una dintre cele mai mari triste\u021bi r\u0103m\u00e2ne faptul c\u0103 actri\u021ba nu ar fi fost apreciat\u0103 suficient c\u00e2t timp era \u00een via\u021b\u0103.<\/p>\n\n\n\n<p class=\"wp-block-paragraph\">R\u0103m\u00e2n \u00eens\u0103 rolurile, amintirile \u0219i m\u0103rturiile celor care au cunoscut-o. Iar pentru cei apropia\u021bi, faptul c\u0103 Anca Pandrea a avut l\u00e2ng\u0103 ea oameni dragi p\u00e2n\u0103 \u00een ultimele momente reprezint\u0103 o mic\u0103 alinare \u00eentr-o desp\u0103r\u021bire extrem de dureroas\u0103.<\/p>\n","protected":false},"excerpt":{"rendered":"<p>Moartea Anc\u0103i Pandrea a provocat mult\u0103 triste\u021be \u00een r\u00e2ndul celor care au cunoscut-o \u0219i au apreciat-o de-a lungul anilor. Printre cei afecta\u021bi de dispari\u021bia actri\u021bei se num\u0103r\u0103 \u0219i Elena Meri\u0219oreanu, care a vorbit despre regretul s\u0103u, dar \u0219i despre faptul c\u0103, \u00een opinia ei, Anca Pandrea nu a fost apreciat\u0103 suficient \u00een timpul vie\u021bii. Interpreta &#8230; <a title=\"\u02180C! Dup\u0103 moartea Anc\u0103i Pandrea, Elena Meri\u0219oreanu a\u2026\" class=\"read-more\" href=\"https:\/\/stiri-faine.com\/?p=6214\" aria-label=\"Read more about \u02180C! Dup\u0103 moartea Anc\u0103i Pandrea, Elena Meri\u0219oreanu a\u2026\">Read more<\/a><\/p>\n","protected":false},"author":1,"featured_media":0,"comment_status":"open","ping_status":"open","sticky":false,"template":"","format":"standard","meta":{"footnotes":""},"categories":[1],"tags":[],"class_list":["post-6214","post","type-post","status-publish","format-standard","hentry","category-uncategorized"],"_links":{"self":[{"href":"https:\/\/stiri-faine.com\/index.php?rest_route=\/wp\/v2\/posts\/6214","targetHints":{"allow":["GET"]}}],"collection":[{"href":"https:\/\/stiri-faine.com\/index.php?rest_route=\/wp\/v2\/posts"}],"about":[{"href":"https:\/\/stiri-faine.com\/index.php?rest_route=\/wp\/v2\/types\/post"}],"author":[{"embeddable":true,"href":"https:\/\/stiri-faine.com\/index.php?rest_route=\/wp\/v2\/users\/1"}],"replies":[{"embeddable":true,"href":"https:\/\/stiri-faine.com\/index.php?rest_route=%2Fwp%2Fv2%2Fcomments&post=6214"}],"version-history":[{"count":1,"href":"https:\/\/stiri-faine.com\/index.php?rest_route=\/wp\/v2\/posts\/6214\/revisions"}],"predecessor-version":[{"id":6215,"href":"https:\/\/stiri-faine.com\/index.php?rest_route=\/wp\/v2\/posts\/6214\/revisions\/6215"}],"wp:attachment":[{"href":"https:\/\/stiri-faine.com\/index.php?rest_route=%2Fwp%2Fv2%2Fmedia&parent=6214"}],"wp:term":[{"taxonomy":"category","embeddable":true,"href":"https:\/\/stiri-faine.com\/index.php?rest_route=%2Fwp%2Fv2%2Fcategories&post=6214"},{"taxonomy":"post_tag","embeddable":true,"href":"https:\/\/stiri-faine.com\/index.php?rest_route=%2Fwp%2Fv2%2Ftags&post=6214"}],"curies":[{"name":"wp","href":"https:\/\/api.w.org\/{rel}","templated":true}]}}