{"id":6212,"date":"2026-09-05T11:16:19","date_gmt":"2026-09-05T11:16:19","guid":{"rendered":"https:\/\/stiri-faine.com\/?p=6212"},"modified":"2026-09-05T11:16:19","modified_gmt":"2026-09-05T11:16:19","slug":"news-alert-pensiile-si-salariile-se","status":"publish","type":"post","link":"https:\/\/stiri-faine.com\/?p=6212","title":{"rendered":"NEWS ALERT! Pensiile \u0219i salariile se\u2026"},"content":{"rendered":"\n<p class=\"wp-block-paragraph\">Drago\u0219 P\u00eeslaru, ministrul interimar al Muncii, a vorbit despre posibilitatea index\u0103rii pensiilor \u0219i salariilor \u00een 2027 \u0219i a transmis c\u0103 o astfel de m\u0103sur\u0103 nu ar fi blocat\u0103 de Comisia European\u0103.<\/p>\n\n\n\n<p class=\"wp-block-paragraph\">Potrivit acestuia, adev\u0103rata problem\u0103 nu este dac\u0103 Rom\u00e2nia poate majora pensiile \u0219i salariile, ci dac\u0103 bugetul pentru anul viitor va putea sus\u021bine aceste cheltuieli \u00eentr-un mod responsabil.<\/p>\n\n\n\n<p class=\"wp-block-paragraph\">P\u00eeslaru: Bruxelles-ul nu stabile\u0219te politica de pensii \u0219i salarii<br>Ministrul interimar al Muncii a subliniat c\u0103 deciziile privind nivelul pensiilor \u0219i salariilor apar\u021bin autorit\u0103\u021bilor rom\u00e2ne.<\/p>\n\n\n\n<p class=\"wp-block-paragraph\">\u201eNu exist\u0103 vreun motiv de \u00eengrijorare c\u0103 nu ne-ar l\u0103sa Bruxelles-ul s\u0103 facem aceste index\u0103ri\u201d, a declarat Drago\u0219 P\u00eeslaru.<\/p>\n\n\n\n<p class=\"wp-block-paragraph\">El a explicat c\u0103 institu\u021biile europene ar putea solicita Rom\u00e2niei s\u0103 arate clar sursele de finan\u021bare \u0219i modul \u00een care aceste cheltuieli sunt integrate \u00eentr-un buget sustenabil.<\/p>\n\n\n\n<p class=\"wp-block-paragraph\">Indexarea trebuie prev\u0103zut\u0103 \u00een bugetul pe 2027<br>Potrivit ministrului, dac\u0103 autorit\u0103\u021bile vor decide majorarea pensiilor \u0219i salariilor, m\u0103sura trebuie inclus\u0103 \u00een construc\u021bia bugetar\u0103 pentru 2027.<\/p>\n\n\n\n<p class=\"wp-block-paragraph\">\u201eProblema nu e dac\u0103 putem indexa pensiile sau salariile, ci problema e cum construie\u0219ti un buget care s\u0103 permit\u0103 aceste lucruri\u201d, a spus Drago\u0219 P\u00eeslaru.<\/p>\n\n\n\n<p class=\"wp-block-paragraph\">Acesta a criticat \u0219i promisiunile politice care nu sunt \u00eenso\u021bite de explica\u021bii privind sursele de finan\u021bare.<\/p>\n\n\n\n<p class=\"wp-block-paragraph\">\u00cen opinia sa, orice majorare trebuie f\u0103cut\u0103 doar dac\u0103 exist\u0103 resurse suficiente \u0219i dac\u0103 bugetul poate sus\u021bine cheltuielile \u0219i pe termen mediu.<\/p>\n\n\n\n<p class=\"wp-block-paragraph\">Comisia European\u0103 ar urm\u0103ri sustenabilitatea cheltuielilor<br>Drago\u0219 P\u00eeslaru a insistat asupra faptului c\u0103 politica de pensii \u0219i salarii nu este decis\u0103 de Comisia European\u0103.<\/p>\n\n\n\n<p class=\"wp-block-paragraph\">Totu\u0219i, Rom\u00e2nia trebuie s\u0103 demonstreze c\u0103 m\u0103surile adoptate nu dezechilibreaz\u0103 finan\u021bele publice \u0219i c\u0103 exist\u0103 bani pentru aplicarea lor.<\/p>\n\n\n\n<p class=\"wp-block-paragraph\">Prin urmare, o eventual\u0103 indexare \u00een 2027 r\u0103m\u00e2ne posibil\u0103, dar depinde de veniturile statului, de situa\u021bia economic\u0103 \u0219i de modul \u00een care va fi construit bugetul.<\/p>\n\n\n\n<p class=\"wp-block-paragraph\">Salariul minim a crescut \u00een iulie 2026<br>De la 1 iulie 2026, salariul minim brut a ajuns la 4.325 de lei, ceea ce a reprezentat o cre\u0219tere de aproximativ 6,8%, respectiv 275 de lei brut.<\/p>\n\n\n\n<p class=\"wp-block-paragraph\">Economistul Adrian Negrescu a atras \u00eens\u0103 aten\u021bia c\u0103 efectul cre\u0219terii este diferit pentru angaja\u021bi \u0219i pentru companii.<\/p>\n\n\n\n<p class=\"wp-block-paragraph\">Potrivit acestuia, majorarea net\u0103 resim\u021bit\u0103 de angaja\u021bi este de aproximativ 125 de lei, \u00een timp ce costul total pentru firme cre\u0219te mai mult.<\/p>\n\n\n\n<p class=\"wp-block-paragraph\">\u201ePentru oameni \u00eenseamn\u0103 o cre\u0219tere real\u0103 a salariului cu 125 lei. Ce mai \u00eenseamn\u0103 125 de lei, \u00een Rom\u00e2nia lui 2026, la o infla\u021bie de 10%? Aproape nimic, din punctul meu de vedere\u201d, a declarat economistul.<\/p>\n\n\n\n<p class=\"wp-block-paragraph\">Ce se poate \u00eent\u00e2mpla cu pensiile \u0219i salariile \u00een 2027<br>Pentru moment, indexarea pensiilor \u0219i salariilor \u00een 2027 nu este o decizie definitiv\u0103.<\/p>\n\n\n\n<p class=\"wp-block-paragraph\">Totul va depinde de bugetul pentru anul viitor, de evolu\u021bia veniturilor \u0219i cheltuielilor statului \u0219i de deciziile politice care vor fi luate p\u00e2n\u0103 atunci.<\/p>\n\n\n\n<p class=\"wp-block-paragraph\">Mesajul transmis de Drago\u0219 P\u00eeslaru este \u00eens\u0103 clar: o eventual\u0103 indexare este posibil\u0103, dar trebuie sus\u021binut\u0103 de surse reale de finan\u021bare \u0219i de un buget construit responsabil.<\/p>\n","protected":false},"excerpt":{"rendered":"<p>Drago\u0219 P\u00eeslaru, ministrul interimar al Muncii, a vorbit despre posibilitatea index\u0103rii pensiilor \u0219i salariilor \u00een 2027 \u0219i a transmis c\u0103 o astfel de m\u0103sur\u0103 nu ar fi blocat\u0103 de Comisia European\u0103. Potrivit acestuia, adev\u0103rata problem\u0103 nu este dac\u0103 Rom\u00e2nia poate majora pensiile \u0219i salariile, ci dac\u0103 bugetul pentru anul viitor va putea sus\u021bine aceste cheltuieli &#8230; <a title=\"NEWS ALERT! Pensiile \u0219i salariile se\u2026\" class=\"read-more\" href=\"https:\/\/stiri-faine.com\/?p=6212\" aria-label=\"Read more about NEWS ALERT! Pensiile \u0219i salariile se\u2026\">Read more<\/a><\/p>\n","protected":false},"author":1,"featured_media":0,"comment_status":"open","ping_status":"open","sticky":false,"template":"","format":"standard","meta":{"footnotes":""},"categories":[1],"tags":[],"class_list":["post-6212","post","type-post","status-publish","format-standard","hentry","category-uncategorized"],"_links":{"self":[{"href":"https:\/\/stiri-faine.com\/index.php?rest_route=\/wp\/v2\/posts\/6212","targetHints":{"allow":["GET"]}}],"collection":[{"href":"https:\/\/stiri-faine.com\/index.php?rest_route=\/wp\/v2\/posts"}],"about":[{"href":"https:\/\/stiri-faine.com\/index.php?rest_route=\/wp\/v2\/types\/post"}],"author":[{"embeddable":true,"href":"https:\/\/stiri-faine.com\/index.php?rest_route=\/wp\/v2\/users\/1"}],"replies":[{"embeddable":true,"href":"https:\/\/stiri-faine.com\/index.php?rest_route=%2Fwp%2Fv2%2Fcomments&post=6212"}],"version-history":[{"count":1,"href":"https:\/\/stiri-faine.com\/index.php?rest_route=\/wp\/v2\/posts\/6212\/revisions"}],"predecessor-version":[{"id":6213,"href":"https:\/\/stiri-faine.com\/index.php?rest_route=\/wp\/v2\/posts\/6212\/revisions\/6213"}],"wp:attachment":[{"href":"https:\/\/stiri-faine.com\/index.php?rest_route=%2Fwp%2Fv2%2Fmedia&parent=6212"}],"wp:term":[{"taxonomy":"category","embeddable":true,"href":"https:\/\/stiri-faine.com\/index.php?rest_route=%2Fwp%2Fv2%2Fcategories&post=6212"},{"taxonomy":"post_tag","embeddable":true,"href":"https:\/\/stiri-faine.com\/index.php?rest_route=%2Fwp%2Fv2%2Ftags&post=6212"}],"curies":[{"name":"wp","href":"https:\/\/api.w.org\/{rel}","templated":true}]}}