{"id":6210,"date":"2026-09-05T11:16:02","date_gmt":"2026-09-05T11:16:02","guid":{"rendered":"https:\/\/stiri-faine.com\/?p=6210"},"modified":"2026-09-05T11:16:03","modified_gmt":"2026-09-05T11:16:03","slug":"breaking-carmen-harra-a-prezis-ca-ilie-bolojan-va-vezi-mai-mult","status":"publish","type":"post","link":"https:\/\/stiri-faine.com\/?p=6210","title":{"rendered":"BREAKING! Carmen Harra a prezis c\u0103 Ilie Bolojan va \u2026 Vezi mai mult"},"content":{"rendered":"\n<p class=\"wp-block-paragraph\">Carmen Harra a revenit \u00een aten\u021bia publicului dup\u0103 schimbarea produs\u0103 la conducerea Guvernului, \u00een condi\u021biile \u00een care aceasta vorbise \u00eenc\u0103 din decembrie 2025 despre posibilitatea ca Ilie Bolojan s\u0103 \u00ee\u0219i piard\u0103 func\u021bia de prim-ministru. La momentul respectiv, cunoscuta clarv\u0103z\u0103toare \u0219i-a bazat afirma\u021biile pe propriile interpret\u0103ri numerologice \u0219i pe ceea ce nume\u0219te \u201eanul personal\u201d.<\/p>\n\n\n\n<p class=\"wp-block-paragraph\">\u00cen cadrul unei emisiuni, Harra afirma c\u0103 prim\u0103vara anului 2026 ar putea aduce schimb\u0103ri importante pentru Rom\u00e2nia \u0219i indica \u00een mod explicit o posibil\u0103 plecare a lui Ilie Bolojan de la conducerea Executivului.<\/p>\n\n\n\n<p class=\"wp-block-paragraph\">Predic\u021biile de acest tip \u021bin de numerologie \u0219i nu reprezint\u0103 metode validate \u0219tiin\u021bific de anticipare a evenimentelor politice. Coinciden\u021ba dintre afirma\u021biile f\u0103cute atunci \u0219i evolu\u021biile politice ulterioare a readus \u00eens\u0103 declara\u021biile sale \u00een discu\u021bie.<\/p>\n\n\n\n<h2 class=\"wp-block-heading\">Carmen Harra vorbea despre un an al schimb\u0103rilor pentru Rom\u00e2nia<\/h2>\n\n\n\n<p class=\"wp-block-paragraph\">\u00cen decembrie 2025, Carmen Harra a f\u0103cut o ampl\u0103 analiz\u0103 despre ceea ce credea c\u0103 urma s\u0103 se \u00eent\u00e2mple \u00een Rom\u00e2nia \u00een 2026.<\/p>\n\n\n\n<p class=\"wp-block-paragraph\">Potrivit interpret\u0103rii sale numerologice, 2026 reprezenta un \u201ean 1\u201d, asociat unui nou \u00eenceput \u0219i unor transform\u0103ri importante.<\/p>\n\n\n\n<p class=\"wp-block-paragraph\">\u201e2026 este un an de reveniment, un an care deschide un portal \u0219i s-ar putea s\u0103 v\u0103 fac\u0103 o mare surpriz\u0103 \u00een ceea ce prive\u0219te nu numai conducerea Rom\u00e2niei\u201d, declara Carmen Harra \u00een emisiunea \u201eOnline Story by Cornelia Ionescu\u201d.<\/p>\n\n\n\n<p class=\"wp-block-paragraph\">Aceasta sus\u021binea c\u0103 Rom\u00e2nia ar putea beneficia de o perioad\u0103 favorabil\u0103 \u0219i c\u0103 pozi\u021bia \u021b\u0103rii s-ar putea modifica inclusiv \u00een plan interna\u021bional.<\/p>\n\n\n\n<p class=\"wp-block-paragraph\">\u201eRom\u00e2nia \u00een 2026, eu zic c\u0103 are \u0219ansa s\u0103 deschid\u0103 un drum, o \u0219ans\u0103 pe care nu a avut-o de mult\u0103 vreme\u201d, mai spunea aceasta.<\/p>\n\n\n\n<h2 class=\"wp-block-heading\">Carmen Harra \u00eel indica direct pe Ilie Bolojan<\/h2>\n\n\n\n<p class=\"wp-block-paragraph\">\u00cen aceea\u0219i interven\u021bie, discu\u021bia a ajuns la situa\u021bia politic\u0103 intern\u0103, iar Carmen Harra a f\u0103cut o afirma\u021bie mult mai concret\u0103.<\/p>\n\n\n\n<p class=\"wp-block-paragraph\">Clarv\u0103z\u0103toarea spunea c\u0103 prima schimbare politic\u0103 important\u0103 pe care o anticipa era plecarea lui Ilie Bolojan.<\/p>\n\n\n\n<blockquote class=\"wp-block-quote is-layout-flow wp-block-quote-is-layout-flow\">\n<p class=\"wp-block-paragraph\">\u201eDac\u0103 vre\u021bi s\u0103 m\u0103 \u00eentreba\u021bi care este prima chestie care se \u00eent\u00e2mpl\u0103 politic \u00een Rom\u00e2nia, cred c\u0103 aceasta va fi c\u0103derea lui Bolojan. Pot s\u0103 gre\u0219esc, pentru c\u0103 eu nu sunt politician, dar v\u0103d asta.\u201d<\/p>\n<\/blockquote>\n\n\n\n<p class=\"wp-block-paragraph\">Harra afirma atunci c\u0103 dup\u0103 Bolojan ar putea veni o alt\u0103 persoan\u0103 la conducere \u0219i c\u0103 schimbarea ar putea avea consecin\u021be importante pentru Rom\u00e2nia.<\/p>\n\n\n\n<p class=\"wp-block-paragraph\">La momentul declara\u021biilor, predic\u021bia sa era una despre un eveniment viitor, f\u0103r\u0103 certitudinea c\u0103 acesta avea s\u0103 se produc\u0103.<\/p>\n\n\n\n<h2 class=\"wp-block-heading\">Ce calcule a f\u0103cut dup\u0103 ce a aflat data de na\u0219tere a lui Bolojan<\/h2>\n\n\n\n<p class=\"wp-block-paragraph\">Analiza a continuat dup\u0103 ce Carmen Harra a aflat c\u0103 Ilie Bolojan este n\u0103scut pe 17 martie.<\/p>\n\n\n\n<p class=\"wp-block-paragraph\">Pe baza propriului sistem numerologic, aceasta a calculat ceea ce nume\u0219te \u201eanul personal\u201d al fostului premier \u0219i a ajuns la concluzia c\u0103 perioada respectiv\u0103 nu \u00eel favoriza.<\/p>\n\n\n\n<p class=\"wp-block-paragraph\">\u201eEl se g\u0103se\u0219te exact ca Donald Trump \u00een anul 2 p\u00e2n\u0103 \u00een martie, deci el \u00een anul 2 nu are cum s\u0103 supravie\u021buiasc\u0103. Teoretic. Dup\u0103 calculele lumii fizice, el nu ar avea cum s\u0103 r\u0103m\u00e2n\u0103 la conducere\u201d, spunea Carmen Harra.<\/p>\n\n\n\n<p class=\"wp-block-paragraph\">Aceasta a mers \u0219i mai departe cu predic\u021bia:<\/p>\n\n\n\n<blockquote class=\"wp-block-quote is-layout-flow wp-block-quote-is-layout-flow\">\n<p class=\"wp-block-paragraph\">\u201eEu zic c\u0103 iese din pozi\u021bia pe care o are. Aici este clar, datorit\u0103 anului lui personal, care nu \u00eel favorizeaz\u0103 \u00een niciun caz.\u201d<\/p>\n<\/blockquote>\n\n\n\n<p class=\"wp-block-paragraph\">Potrivit interpret\u0103rii sale, Bolojan traversa o perioad\u0103 complicat\u0103, iar men\u021binerea \u00een func\u021bie ar fi fost dificil\u0103.<\/p>\n\n\n\n<h2 class=\"wp-block-heading\">Exista \u00eens\u0103 \u0219i un scenariu \u00een care Bolojan putea r\u0103m\u00e2ne \u00een func\u021bie<\/h2>\n\n\n\n<p class=\"wp-block-paragraph\">Carmen Harra nu excludea complet posibilitatea ca predic\u021bia s\u0103 nu se confirme.<\/p>\n\n\n\n<p class=\"wp-block-paragraph\">Aceasta spunea c\u0103 anumite circumstan\u021be externe ar fi putut modifica evolu\u021bia anticipat\u0103 de calculele sale numerologice.<\/p>\n\n\n\n<p class=\"wp-block-paragraph\">\u201eCe te poate salva \u00eentr-o situa\u021bie ca asta este conjunctura de care tu po\u021bi beneficia. Dac\u0103 ar exista o conjunctur\u0103 mondial\u0103 sau conjunctur\u0103 european\u0103 care s\u0103 poat\u0103 s\u0103 \u00eel sus\u021bin\u0103 sau cineva \u00een perimetrul interna\u021bional care s\u0103 fie sus\u021bin\u0103torul lui, atunci poate s\u0103 treac\u0103 peste \u00eencercarea asta\u201d, explica ea.<\/p>\n\n\n\n<p class=\"wp-block-paragraph\">\u00cen lipsa unui asemenea context, Harra considera c\u0103 perioada avea s\u0103 fie extrem de dificil\u0103 pentru fostul premier.<\/p>\n\n\n\n<p class=\"wp-block-paragraph\">\u201eDac\u0103 o lu\u0103m numai pur numerologic, \u00eencercarea este foarte dur\u0103 \u0219i foarte greu de supravie\u021buit\u201d, concluziona aceasta.<\/p>\n\n\n\n<h2 class=\"wp-block-heading\">Declara\u021biile din decembrie au revenit acum \u00een aten\u021bie<\/h2>\n\n\n\n<p class=\"wp-block-paragraph\">Afirma\u021biile f\u0103cute de Carmen Harra la sf\u00e2r\u0219itul anului trecut sunt redistribuite acum \u00een contextul plec\u0103rii lui Ilie Bolojan de la conducerea Guvernului.<\/p>\n\n\n\n<p class=\"wp-block-paragraph\">\u00cen mesajul transmis dup\u0103 mo\u021biunea de cenzur\u0103, Bolojan a f\u0103cut bilan\u021bul celor zece luni petrecute \u00een func\u021bia de prim-ministru \u0219i le-a mul\u021bumit rom\u00e2nilor pentru sprijin.<\/p>\n\n\n\n<p class=\"wp-block-paragraph\">\u201eDragi rom\u00e2ni, a fost o onoare pentru mine s\u0103 fiu 10 luni \u00een serviciul \u021b\u0103rii noastre, \u00een func\u021bia de prim-ministru\u201d, a transmis acesta.<\/p>\n\n\n\n<p class=\"wp-block-paragraph\">Fostul \u0219ef al Executivului a sus\u021binut c\u0103 perioada petrecut\u0103 la Palatul Victoria a fost dedicat\u0103 stabiliz\u0103rii finan\u021belor publice \u0219i reformelor pe care le-a considerat necesare.<\/p>\n\n\n\n<p class=\"wp-block-paragraph\">\u201eAm f\u0103cut tot ce mi-a stat \u00een putin\u021b\u0103 pentru a aduce ordine \u00een finan\u021bele Rom\u00e2niei, a corecta nedrept\u0103\u021bi \u0219i a promova reforme pentru modernizarea Rom\u00e2niei\u201d, a mai transmis Ilie Bolojan.<\/p>\n\n\n\n<h2 class=\"wp-block-heading\">\u201eSe \u00eencheie o etap\u0103, \u00eencepe alta\u201d<\/h2>\n\n\n\n<p class=\"wp-block-paragraph\">\u00cen mesajul s\u0103u, Bolojan a sugerat c\u0103 plecarea din fruntea Guvernului nu \u00eenseamn\u0103 \u0219i retragerea sa din via\u021ba public\u0103.<\/p>\n\n\n\n<p class=\"wp-block-paragraph\">Acesta a pus schimbarea politic\u0103 pe seama opozi\u021biei \u00eent\u00e2mpinate \u00een timpul reformelor promovate de Executiv.<\/p>\n\n\n\n<p class=\"wp-block-paragraph\">\u201eDup\u0103 10 luni, s-a \u00eent\u00e2mplat inevitabilul. C\u00e2nd ataci privilegii \u0219i aprinzi lumina, reac\u021biile sunt pe m\u0103sur\u0103\u201d, a afirmat Bolojan.<\/p>\n\n\n\n<p class=\"wp-block-paragraph\">Fostul premier a \u00eencheiat cu un mesaj privind continuarea activit\u0103\u021bii sale:<\/p>\n\n\n\n<blockquote class=\"wp-block-quote is-layout-flow wp-block-quote-is-layout-flow\">\n<p class=\"wp-block-paragraph\">\u201eSe \u00eencheie o etap\u0103, \u00eencepe alta; valorile pentru care lupt r\u0103m\u00e2n acelea\u0219i \u0219i este esen\u021bial c\u0103 v\u0103 simt al\u0103turi.\u201d<\/p>\n<\/blockquote>\n\n\n\n<p class=\"wp-block-paragraph\">Privite retrospectiv, declara\u021biile f\u0103cute de Carmen Harra \u00een decembrie 2025 atrag aten\u021bia prin faptul c\u0103 aceasta indicase explicit posibilitatea plec\u0103rii lui Ilie Bolojan. Totu\u0219i, predic\u021bia a fost realizat\u0103 prin numerologie, iar faptul c\u0103 un eveniment ulterior seam\u0103n\u0103 cu scenariul descris nu demonstreaz\u0103 existen\u021ba unei capacit\u0103\u021bi de a anticipa \u00een mod obiectiv evolu\u021biile politice.<\/p>\n","protected":false},"excerpt":{"rendered":"<p>Carmen Harra a revenit \u00een aten\u021bia publicului dup\u0103 schimbarea produs\u0103 la conducerea Guvernului, \u00een condi\u021biile \u00een care aceasta vorbise \u00eenc\u0103 din decembrie 2025 despre posibilitatea ca Ilie Bolojan s\u0103 \u00ee\u0219i piard\u0103 func\u021bia de prim-ministru. La momentul respectiv, cunoscuta clarv\u0103z\u0103toare \u0219i-a bazat afirma\u021biile pe propriile interpret\u0103ri numerologice \u0219i pe ceea ce nume\u0219te \u201eanul personal\u201d. \u00cen cadrul &#8230; <a title=\"BREAKING! Carmen Harra a prezis c\u0103 Ilie Bolojan va \u2026 Vezi mai mult\" class=\"read-more\" href=\"https:\/\/stiri-faine.com\/?p=6210\" aria-label=\"Read more about BREAKING! Carmen Harra a prezis c\u0103 Ilie Bolojan va \u2026 Vezi mai mult\">Read more<\/a><\/p>\n","protected":false},"author":1,"featured_media":0,"comment_status":"open","ping_status":"open","sticky":false,"template":"","format":"standard","meta":{"footnotes":""},"categories":[1],"tags":[],"class_list":["post-6210","post","type-post","status-publish","format-standard","hentry","category-uncategorized"],"_links":{"self":[{"href":"https:\/\/stiri-faine.com\/index.php?rest_route=\/wp\/v2\/posts\/6210","targetHints":{"allow":["GET"]}}],"collection":[{"href":"https:\/\/stiri-faine.com\/index.php?rest_route=\/wp\/v2\/posts"}],"about":[{"href":"https:\/\/stiri-faine.com\/index.php?rest_route=\/wp\/v2\/types\/post"}],"author":[{"embeddable":true,"href":"https:\/\/stiri-faine.com\/index.php?rest_route=\/wp\/v2\/users\/1"}],"replies":[{"embeddable":true,"href":"https:\/\/stiri-faine.com\/index.php?rest_route=%2Fwp%2Fv2%2Fcomments&post=6210"}],"version-history":[{"count":1,"href":"https:\/\/stiri-faine.com\/index.php?rest_route=\/wp\/v2\/posts\/6210\/revisions"}],"predecessor-version":[{"id":6211,"href":"https:\/\/stiri-faine.com\/index.php?rest_route=\/wp\/v2\/posts\/6210\/revisions\/6211"}],"wp:attachment":[{"href":"https:\/\/stiri-faine.com\/index.php?rest_route=%2Fwp%2Fv2%2Fmedia&parent=6210"}],"wp:term":[{"taxonomy":"category","embeddable":true,"href":"https:\/\/stiri-faine.com\/index.php?rest_route=%2Fwp%2Fv2%2Fcategories&post=6210"},{"taxonomy":"post_tag","embeddable":true,"href":"https:\/\/stiri-faine.com\/index.php?rest_route=%2Fwp%2Fv2%2Ftags&post=6210"}],"curies":[{"name":"wp","href":"https:\/\/api.w.org\/{rel}","templated":true}]}}