{"id":6208,"date":"2026-09-05T11:15:49","date_gmt":"2026-09-05T11:15:49","guid":{"rendered":"https:\/\/stiri-faine.com\/?p=6208"},"modified":"2026-09-05T11:15:49","modified_gmt":"2026-09-05T11:15:49","slug":"udmr-lovitura-pentru-nicusor-dan-premierul-ales-vezi-mai-mult","status":"publish","type":"post","link":"https:\/\/stiri-faine.com\/?p=6208","title":{"rendered":"UDMR, lovitur\u0103 pentru Nicu\u0219or Dan! Premierul ales\u2026 Vezi mai mult"},"content":{"rendered":"\n<h1 class=\"wp-block-heading\">Nicu\u0219or Dan caut\u0103 un nou premier dup\u0103 blocajul politic. Varianta Eugen Tomac ar fi fost respins\u0103 de UDMR<\/h1>\n\n\n\n<p class=\"wp-block-paragraph\">Criza politic\u0103 de la v\u00e2rful statului continu\u0103, iar pre\u0219edintele Nicu\u0219or Dan \u00eencearc\u0103 s\u0103 identifice un candidat pentru func\u021bia de prim-ministru care s\u0103 poat\u0103 ob\u021bine sus\u021binerea necesar\u0103 \u00een Parlament. Potrivit unor informa\u021bii ap\u0103rute pe surse, \u0219eful statului ar fi luat \u00een calcul o nou\u0103 desemnare a lui Eugen Tomac, \u00eens\u0103 aceast\u0103 variant\u0103 ar fi fost respins\u0103 rapid de UDMR.<\/p>\n\n\n\n<p class=\"wp-block-paragraph\">\u00cen contextul \u00een care consult\u0103rile cu partidele parlamentare urmeaz\u0103 s\u0103 fie reluate, aten\u021bia se \u00eendreapt\u0103 acum c\u0103tre posibilitatea desemn\u0103rii unui premier tehnocrat, f\u0103r\u0103 apartenen\u021b\u0103 politic\u0103 \u0219i cu experien\u021b\u0103 \u00een domeniul economic.<\/p>\n\n\n\n<h2 class=\"wp-block-heading\">Varianta Eugen Tomac nu ar fi convins UDMR<\/h2>\n\n\n\n<p class=\"wp-block-paragraph\">Surse politice sus\u021bin c\u0103 Nicu\u0219or Dan a analizat posibilitatea revenirii la numele lui Eugen Tomac pentru func\u021bia de premier, \u00eens\u0103 liderii UDMR nu \u0219i-ar fi schimbat pozi\u021bia exprimat\u0103 anterior.<\/p>\n\n\n\n<p class=\"wp-block-paragraph\">Forma\u021biunea condus\u0103 de Kelemen Hunor consider\u0103 c\u0103 ar fi dificil s\u0103 sus\u021bin\u0103 acum un candidat pe care l-a respins categoric \u00een urm\u0103 cu doar c\u00e2teva luni. Din acest motiv, \u0219ansele unei noi nominaliz\u0103ri a lui Tomac ar fi devenit extrem de reduse.<\/p>\n\n\n\n<p class=\"wp-block-paragraph\">Blocajul a obligat Administra\u021bia Preziden\u021bial\u0103 s\u0103 caute o nou\u0103 solu\u021bie pentru formarea viitorului Executiv.<\/p>\n\n\n\n<h2 class=\"wp-block-heading\">Pre\u0219edintele ar prefera un tehnocrat cu experien\u021b\u0103 economic\u0103<\/h2>\n\n\n\n<p class=\"wp-block-paragraph\">\u00cen lipsa unui acord politic clar \u00eentre partide, Nicu\u0219or Dan ar lua \u00een calcul desemnarea unei persoane din afara forma\u021biunilor parlamentare.<\/p>\n\n\n\n<p class=\"wp-block-paragraph\">Potrivit informa\u021biilor vehiculate \u00een spa\u021biul public, pre\u0219edintele \u0219i-ar dori un premier cu profil tehnocrat, experien\u021b\u0103 economic\u0103 \u0219i f\u0103r\u0103 leg\u0103turi directe cu partidele politice.<\/p>\n\n\n\n<p class=\"wp-block-paragraph\">Aceast\u0103 variant\u0103 ar avea rolul de a reduce tensiunile dintre forma\u021biuni \u0219i de a facilita ob\u021binerea unei majorit\u0103\u021bi parlamentare.<\/p>\n\n\n\n<p class=\"wp-block-paragraph\">\u00cen acela\u0219i timp, surse politice sus\u021bin c\u0103 \u0219eful statului nu ar fi favorabil unei desemn\u0103ri a liderului PSD, Sorin Grindeanu, \u00een func\u021bia de prim-ministru.<\/p>\n\n\n\n<h2 class=\"wp-block-heading\">Teama unei cre\u0219teri a AUR influen\u021beaz\u0103 negocierile<\/h2>\n\n\n\n<p class=\"wp-block-paragraph\">\u00cen culisele negocierilor se discut\u0103 \u0219i despre impactul pe termen lung al formulei viitorului guvern.<\/p>\n\n\n\n<p class=\"wp-block-paragraph\">Exist\u0103 voci care sus\u021bin c\u0103 o eventual\u0103 revenire a PSD \u00een fruntea Executivului ar putea accelera erodarea electoral\u0103 a social-democra\u021bilor \u0219i ar putea alimenta cre\u0219terea forma\u021biunilor de opozi\u021bie.<\/p>\n\n\n\n<p class=\"wp-block-paragraph\">\u00cen acest context, una dintre preocup\u0103rile exprimate \u00een spa\u021biul politic este legat\u0103 de posibilitatea ca AUR s\u0103 \u00ee\u0219i consolideze pozi\u021bia p\u00e2n\u0103 la alegerile din 2028.<\/p>\n\n\n\n<p class=\"wp-block-paragraph\">Potrivit unor analize, o cre\u0219tere semnificativ\u0103 a partidului condus de George Simion ar putea schimba radical raportul de for\u021be din Parlament la urm\u0103torul ciclu electoral.<\/p>\n\n\n\n<h2 class=\"wp-block-heading\">UDMR r\u0103m\u00e2ne un actor-cheie \u00een formarea majorit\u0103\u021bii<\/h2>\n\n\n\n<p class=\"wp-block-paragraph\">Negocierile pentru desemnarea noului premier arat\u0103 \u00eenc\u0103 o dat\u0103 rolul important pe care \u00eel joac\u0103 UDMR \u00een actuala configura\u021bie parlamentar\u0103.<\/p>\n\n\n\n<p class=\"wp-block-paragraph\">Voturile forma\u021biunii conduse de Kelemen Hunor sunt considerate esen\u021biale pentru formarea unei majorit\u0103\u021bi stabile.<\/p>\n\n\n\n<p class=\"wp-block-paragraph\">\u00cen acela\u0219i timp, PNL \u0219i USR au transmis \u00een repetate r\u00e2nduri c\u0103 nu sus\u021bin o formul\u0103 guvernamental\u0103 \u00een care PSD s\u0103 de\u021bin\u0103 portofolii ministeriale importante.<\/p>\n\n\n\n<p class=\"wp-block-paragraph\">Aceast\u0103 pozi\u021bionare complic\u0103 \u0219i mai mult calculele politice \u0219i reduce num\u0103rul variantelor disponibile pentru pre\u0219edinte.<\/p>\n\n\n\n<h2 class=\"wp-block-heading\">Ce formule de guvernare sunt luate \u00een calcul<\/h2>\n\n\n\n<p class=\"wp-block-paragraph\">\u00cen prezent, nu exist\u0103 un nume oficial anun\u021bat pentru func\u021bia de premier, \u00eens\u0103 discu\u021biile dintre partide continu\u0103.<\/p>\n\n\n\n<p class=\"wp-block-paragraph\">Pe masa negocierilor se afl\u0103 mai multe scenarii, inclusiv o formul\u0103 bazat\u0103 pe PSD, UDMR, grupul minorit\u0103\u021bilor na\u021bionale \u0219i parlamentari neafilia\u021bi sau proveni\u021bi din zona suveranist\u0103.<\/p>\n\n\n\n<p class=\"wp-block-paragraph\">Totu\u0219i, p\u00e2n\u0103 la consult\u0103rile oficiale de la Palatul Cotroceni \u0219i la desemnarea unui candidat, toate variantele r\u0103m\u00e2n la nivel de negocieri \u0219i specula\u021bii politice.<\/p>\n\n\n\n<p class=\"wp-block-paragraph\">\u00cen zilele urm\u0103toare, Nicu\u0219or Dan urmeaz\u0103 s\u0103 discute cu liderii forma\u021biunilor parlamentare pentru a identifica persoana care ar putea ob\u021bine sprijinul necesar \u00een Parlament \u0219i ar putea pune cap\u0103t actualei crize politice.<\/p>\n","protected":false},"excerpt":{"rendered":"<p>Nicu\u0219or Dan caut\u0103 un nou premier dup\u0103 blocajul politic. Varianta Eugen Tomac ar fi fost respins\u0103 de UDMR Criza politic\u0103 de la v\u00e2rful statului continu\u0103, iar pre\u0219edintele Nicu\u0219or Dan \u00eencearc\u0103 s\u0103 identifice un candidat pentru func\u021bia de prim-ministru care s\u0103 poat\u0103 ob\u021bine sus\u021binerea necesar\u0103 \u00een Parlament. Potrivit unor informa\u021bii ap\u0103rute pe surse, \u0219eful statului ar &#8230; <a title=\"UDMR, lovitur\u0103 pentru Nicu\u0219or Dan! Premierul ales\u2026 Vezi mai mult\" class=\"read-more\" href=\"https:\/\/stiri-faine.com\/?p=6208\" aria-label=\"Read more about UDMR, lovitur\u0103 pentru Nicu\u0219or Dan! Premierul ales\u2026 Vezi mai mult\">Read more<\/a><\/p>\n","protected":false},"author":1,"featured_media":0,"comment_status":"open","ping_status":"open","sticky":false,"template":"","format":"standard","meta":{"footnotes":""},"categories":[1],"tags":[],"class_list":["post-6208","post","type-post","status-publish","format-standard","hentry","category-uncategorized"],"_links":{"self":[{"href":"https:\/\/stiri-faine.com\/index.php?rest_route=\/wp\/v2\/posts\/6208","targetHints":{"allow":["GET"]}}],"collection":[{"href":"https:\/\/stiri-faine.com\/index.php?rest_route=\/wp\/v2\/posts"}],"about":[{"href":"https:\/\/stiri-faine.com\/index.php?rest_route=\/wp\/v2\/types\/post"}],"author":[{"embeddable":true,"href":"https:\/\/stiri-faine.com\/index.php?rest_route=\/wp\/v2\/users\/1"}],"replies":[{"embeddable":true,"href":"https:\/\/stiri-faine.com\/index.php?rest_route=%2Fwp%2Fv2%2Fcomments&post=6208"}],"version-history":[{"count":1,"href":"https:\/\/stiri-faine.com\/index.php?rest_route=\/wp\/v2\/posts\/6208\/revisions"}],"predecessor-version":[{"id":6209,"href":"https:\/\/stiri-faine.com\/index.php?rest_route=\/wp\/v2\/posts\/6208\/revisions\/6209"}],"wp:attachment":[{"href":"https:\/\/stiri-faine.com\/index.php?rest_route=%2Fwp%2Fv2%2Fmedia&parent=6208"}],"wp:term":[{"taxonomy":"category","embeddable":true,"href":"https:\/\/stiri-faine.com\/index.php?rest_route=%2Fwp%2Fv2%2Fcategories&post=6208"},{"taxonomy":"post_tag","embeddable":true,"href":"https:\/\/stiri-faine.com\/index.php?rest_route=%2Fwp%2Fv2%2Ftags&post=6208"}],"curies":[{"name":"wp","href":"https:\/\/api.w.org\/{rel}","templated":true}]}}