{"id":6204,"date":"2026-09-05T10:29:17","date_gmt":"2026-09-05T10:29:17","guid":{"rendered":"https:\/\/stiri-faine.com\/?p=6204"},"modified":"2026-09-05T10:29:18","modified_gmt":"2026-09-05T10:29:18","slug":"vladimir-putin-in-doliu-a-incetat-din-viata-succesorul-sau","status":"publish","type":"post","link":"https:\/\/stiri-faine.com\/?p=6204","title":{"rendered":"Vladimir Putin, \u00een DOLIU! A \u00eencetat din via\u021b\u0103 succesorul s\u0103u"},"content":{"rendered":"\n<p class=\"wp-block-paragraph\">Unul dintre cei mai apropia\u021bi colaboratori ai lui Vladimir Putin a \u00eencetat din via\u021b\u0103. Serghei Ivanov, fost ministru al Ap\u0103r\u0103rii al Rusiei \u0219i figur\u0103 influent\u0103 \u00een cercul de putere de la Kremlin, a murit la v\u00e2rsta de 73 de ani, potrivit informa\u021biilor transmise de Nexta. Cauza decesului nu a fost anun\u021bat\u0103 p\u00e2n\u0103 \u00een prezent.<\/p>\n\n\n\n<p class=\"wp-block-paragraph\">Serghei Ivanov a fost considerat, de-a lungul anilor, unul dintre oamenii de \u00eencredere ai liderului de la Kremlin. Provenit din structurile KGB-ului sovietic, acesta a lucrat \u00een serviciile de informa\u021bii externe \u00eenainte de a ajunge la conducerea Ministerului Ap\u0103r\u0103rii din Rusia. Ulterior, a ocupat func\u021bii importante \u00een stat, printre care cele de vicepremier \u0219i \u0219ef al administra\u021biei preziden\u021biale.<\/p>\n\n\n\n<p class=\"wp-block-paragraph\">Ivanov \u0219i Putin au avut o rela\u021bie apropiat\u0103 \u00eenc\u0103 din perioada \u00een care activau \u00een serviciile secrete sovietice. Cei doi sunt originari din Leningrad, actualul Sankt Petersburg, iar parcursul lor profesional s-a intersectat \u00een mai multe momente-cheie ale ascensiunii politice de la Moscova.<\/p>\n\n\n\n<p class=\"wp-block-paragraph\">De-a lungul carierei sale, Serghei Ivanov a fost unul dintre oficialii ru\u0219i care au criticat extinderea NATO, pe care a descris-o drept o amenin\u021bare strategic\u0103 pentru Rusia. El a sus\u021binut \u00een repetate r\u00e2nduri c\u0103 securitatea european\u0103 ar trebui construit\u0103 pe baza \u201erespectului reciproc pentru preocup\u0103rile \u0219i interesele tuturor p\u0103r\u021bilor\u201d.<\/p>\n\n\n\n<p class=\"wp-block-paragraph\">Ani mai t\u00e2rziu, Vladimir Putin avea s\u0103 invoce argumente asem\u0103n\u0103toare pentru a justifica invazia Ucrainei din 2022, sus\u021bin\u00e2nd c\u0103 NATO ar fi dep\u0103\u0219it limitele acceptabile ale influen\u021bei sale \u00een apropierea grani\u021belor Rusiei. Aceast\u0103 justificare a fost respins\u0103 de Kiev \u0219i de statele occidentale.<\/p>\n\n\n\n<p class=\"wp-block-paragraph\">Din KGB \u00een primul cerc al puterii de la Kremlin<\/p>\n\n\n\n<p class=\"wp-block-paragraph\">N\u0103scut la Leningrad, Serghei Ivanov a studiat limbi str\u0103ine \u00eenainte de a fi recrutat de KGB, unde \u0219i-a \u00eenceput cariera \u00een aceea\u0219i perioad\u0103 cu Vladimir Putin. Dup\u0103 destr\u0103marea Uniunii Sovietice, el a continuat s\u0103 avanseze \u00een structurile care au succedat fostului serviciu sovietic de informa\u021bii.<\/p>\n\n\n\n<p class=\"wp-block-paragraph\">Ivanov a ajuns director adjunct al FSB, institu\u021bie condus\u0103 la acel moment de Vladimir Putin. \u00cen anul 2001, a fost numit ministru al Ap\u0103r\u0103rii, devenind primul civil care a ocupat aceast\u0103 func\u021bie \u00een istoria modern\u0103 a Rusiei.<\/p>\n\n\n\n<p class=\"wp-block-paragraph\">Influen\u021ba sa a crescut \u0219i mai mult \u00een 2005, c\u00e2nd a fost numit viceprim-ministru. Doi ani mai t\u00e2rziu, \u00een 2007, a devenit prim-viceprim-ministru, moment \u00een care era v\u0103zut drept unul dintre cei mai probabili succesori ai lui Vladimir Putin.<\/p>\n\n\n\n<p class=\"wp-block-paragraph\">\u00cen cele din urm\u0103, liderul de la Kremlin l-a ales pe Dmitri Medvedev pentru rolul de succesor temporar, \u00een timp ce Ivanov a r\u0103mas \u00een Guvern. Ulterior, el a fost numit \u0219ef al administra\u021biei preziden\u021biale, una dintre cele mai importante pozi\u021bii din aparatul Kremlinului.<\/p>\n\n\n\n<p class=\"wp-block-paragraph\">\u00cen 2016, Serghei Ivanov a fost \u00eenlocuit din aceast\u0103 func\u021bie \u0219i numit trimis special pentru probleme de mediu \u0219i transporturi, mutare interpretat\u0103 de mul\u021bi observatori drept o retrogradare politic\u0103.<\/p>\n\n\n\n<p class=\"wp-block-paragraph\">Dup\u0103 anun\u021bul privind decesul s\u0103u, Kremlinul a transmis un mesaj scurt de condolean\u021be. \u201eVladimir Putin \u0219i-a exprimat cele mai sincere condolean\u021be familiei \u0219i prietenilor lui Serghei Ivanov cu ocazia decesului acestuia\u201d, se arat\u0103 \u00een comunicatul oficial.<\/p>\n\n\n\n<p class=\"wp-block-paragraph\">P\u00e2n\u0103 acum, autorit\u0103\u021bile ruse nu au oferit detalii despre cauza mor\u021bii \u0219i nici nu au precizat dac\u0103 fostul oficial suferea de vreo afec\u021biune.<\/p>\n","protected":false},"excerpt":{"rendered":"<p>Unul dintre cei mai apropia\u021bi colaboratori ai lui Vladimir Putin a \u00eencetat din via\u021b\u0103. Serghei Ivanov, fost ministru al Ap\u0103r\u0103rii al Rusiei \u0219i figur\u0103 influent\u0103 \u00een cercul de putere de la Kremlin, a murit la v\u00e2rsta de 73 de ani, potrivit informa\u021biilor transmise de Nexta. Cauza decesului nu a fost anun\u021bat\u0103 p\u00e2n\u0103 \u00een prezent. Serghei &#8230; <a title=\"Vladimir Putin, \u00een DOLIU! A \u00eencetat din via\u021b\u0103 succesorul s\u0103u\" class=\"read-more\" href=\"https:\/\/stiri-faine.com\/?p=6204\" aria-label=\"Read more about Vladimir Putin, \u00een DOLIU! A \u00eencetat din via\u021b\u0103 succesorul s\u0103u\">Read more<\/a><\/p>\n","protected":false},"author":1,"featured_media":0,"comment_status":"open","ping_status":"open","sticky":false,"template":"","format":"standard","meta":{"footnotes":""},"categories":[1],"tags":[],"class_list":["post-6204","post","type-post","status-publish","format-standard","hentry","category-uncategorized"],"_links":{"self":[{"href":"https:\/\/stiri-faine.com\/index.php?rest_route=\/wp\/v2\/posts\/6204","targetHints":{"allow":["GET"]}}],"collection":[{"href":"https:\/\/stiri-faine.com\/index.php?rest_route=\/wp\/v2\/posts"}],"about":[{"href":"https:\/\/stiri-faine.com\/index.php?rest_route=\/wp\/v2\/types\/post"}],"author":[{"embeddable":true,"href":"https:\/\/stiri-faine.com\/index.php?rest_route=\/wp\/v2\/users\/1"}],"replies":[{"embeddable":true,"href":"https:\/\/stiri-faine.com\/index.php?rest_route=%2Fwp%2Fv2%2Fcomments&post=6204"}],"version-history":[{"count":1,"href":"https:\/\/stiri-faine.com\/index.php?rest_route=\/wp\/v2\/posts\/6204\/revisions"}],"predecessor-version":[{"id":6205,"href":"https:\/\/stiri-faine.com\/index.php?rest_route=\/wp\/v2\/posts\/6204\/revisions\/6205"}],"wp:attachment":[{"href":"https:\/\/stiri-faine.com\/index.php?rest_route=%2Fwp%2Fv2%2Fmedia&parent=6204"}],"wp:term":[{"taxonomy":"category","embeddable":true,"href":"https:\/\/stiri-faine.com\/index.php?rest_route=%2Fwp%2Fv2%2Fcategories&post=6204"},{"taxonomy":"post_tag","embeddable":true,"href":"https:\/\/stiri-faine.com\/index.php?rest_route=%2Fwp%2Fv2%2Ftags&post=6204"}],"curies":[{"name":"wp","href":"https:\/\/api.w.org\/{rel}","templated":true}]}}