{"id":6200,"date":"2026-09-04T19:33:37","date_gmt":"2026-09-04T19:33:37","guid":{"rendered":"https:\/\/stiri-faine.com\/?p=6200"},"modified":"2026-09-04T19:33:37","modified_gmt":"2026-09-04T19:33:37","slug":"rares-bogdan-il-pune-la-zid-pe-ilie-bolojan-uite-ilie-pe-cine-tii-la-san","status":"publish","type":"post","link":"https:\/\/stiri-faine.com\/?p=6200","title":{"rendered":"Rare\u0219 Bogdan \u00eel pune la zid pe Ilie Bolojan: \u201eUite, Ilie, pe cine \u021bii la s\u00e2n!\u201d"},"content":{"rendered":"\n<p class=\"wp-block-paragraph\">Europarlamentarul PNL Rare\u0219 Bogdan a lansat un atac dur la adresa lui Ilie Bolojan \u0219i a USR, dup\u0103 controversa izbucnit\u0103 la Cluj-Napoca \u00een leg\u0103tur\u0103 cu participarea elevilor la o slujb\u0103 religioas\u0103 organizat\u0103 la \u00eenceputul noului an \u0219colar.<\/p>\n\n\n\n<p class=\"wp-block-paragraph\">Disputa a pornit dup\u0103 ce Inspectoratul \u0218colar Jude\u021bean Cluj a transmis unit\u0103\u021bilor de \u00eenv\u0103\u021b\u0103m\u00e2nt o adres\u0103 privind participarea la un Te Deum programat pe 7 septembrie, la Catedrala Mitropolitan\u0103.<\/p>\n\n\n\n<p class=\"wp-block-paragraph\">Documentul prevedea ca \u0219colile s\u0103 asigure prezen\u021ba unei clase de elevi, \u00eenso\u021bit\u0103 de profesorul de religie.<\/p>\n\n\n\n<p class=\"wp-block-paragraph\">Rare\u0219 Bogdan, atac la adresa USR \u0219i a lui Ilie Bolojan<br>\u00centr-un mesaj publicat pe re\u021belele sociale, Rare\u0219 Bogdan a criticat reac\u021biile venite din partea USR \u0219i solicit\u0103rile privind conducerea Inspectoratului \u0218colar Jude\u021bean Cluj.<\/p>\n\n\n\n<p class=\"wp-block-paragraph\">\u201eDar chiar nu v\u0103 este ru\u0219ine? Uite, Ilie, pe cine \u021bii la s\u00e2n!\u201d, a transmis europarlamentarul, adres\u00e2ndu-se lui Ilie Bolojan.<\/p>\n\n\n\n<p class=\"wp-block-paragraph\">Rare\u0219 Bogdan sus\u021bine c\u0103 participarea elevilor nu ar fi fost impus\u0103 \u0219i consider\u0103 exagerate criticile formulate dup\u0103 apari\u021bia documentului.<\/p>\n\n\n\n<p class=\"wp-block-paragraph\">\u201eUSR cere capul \u0219efei Inspectoratului \u0218colar Cluj, dup\u0103 ce aceasta le-a spus directorilor de \u0219coal\u0103 s\u0103 trimit\u0103 c\u00e2te o clas\u0103 de elevi la slujba oficiat\u0103 de Mitropolitul Clujului\u201d, a mai afirmat liberalul.<\/p>\n\n\n\n<p class=\"wp-block-paragraph\">Inspectoratul spune c\u0103 participarea nu este obligatorie<br>Ulterior apari\u021biei controversei, reprezentan\u021bii Inspectoratului \u0218colar au precizat c\u0103 participarea la eveniment nu este obligatorie \u0219i c\u0103 elevii care nu frecventeaz\u0103 ora de Religie nu sunt viza\u021bi.<\/p>\n\n\n\n<p class=\"wp-block-paragraph\">Ministrul Educa\u021biei, Mihai Dimian, a intervenit la r\u00e2ndul s\u0103u \u0219i a subliniat c\u0103 prezen\u021ba elevilor la astfel de manifest\u0103ri trebuie s\u0103 respecte caracterul facultativ.<\/p>\n\n\n\n<p class=\"wp-block-paragraph\">Acesta a apreciat c\u0103 formularea adresei transmise de inspectorat ar fi trebuit s\u0103 fie mai clar\u0103 pentru a evita interpret\u0103rile privind o eventual\u0103 obligativitate.<\/p>\n\n\n\n<p class=\"wp-block-paragraph\">Rare\u0219 Bogdan ap\u0103r\u0103 rolul Bisericii<br>Europarlamentarul PNL a sus\u021binut c\u0103 nu vede o problem\u0103 \u00een participarea voluntar\u0103 a elevilor la o slujb\u0103 religioas\u0103 \u0219i a invocat rolul istoric \u0219i cultural al Bisericii \u00een societatea rom\u00e2neasc\u0103.<\/p>\n\n\n\n<p class=\"wp-block-paragraph\">\u201e\u0218i de c\u00e2nd a devenit Biserica ceva nefrecventabil \u00een Rom\u00e2nia?\u201d, a \u00eentrebat Rare\u0219 Bogdan.<\/p>\n\n\n\n<p class=\"wp-block-paragraph\">El a insistat c\u0103 nimeni nu ar trebui s\u0103 impun\u0103 religia sau participarea la ora de Religie, dar consider\u0103 c\u0103 libertatea de alegere trebuie s\u0103 func\u021bioneze \u00een ambele direc\u021bii.<\/p>\n\n\n\n<p class=\"wp-block-paragraph\">\u00cen finalul mesajului, Rare\u0219 Bogdan \u0219i-a criticat \u0219i colegii liberali pe care \u00eei consider\u0103 prea pu\u021bin vocali \u00een ap\u0103rarea valorilor tradi\u021bionale.<\/p>\n\n\n\n<p class=\"wp-block-paragraph\">Disputa de la Cluj readuce astfel \u00een aten\u021bie o tem\u0103 sensibil\u0103: raportul dintre educa\u021bia public\u0103, libertatea religioas\u0103 \u0219i caracterul voluntar al particip\u0103rii elevilor la manifest\u0103ri confesionale.<\/p>\n","protected":false},"excerpt":{"rendered":"<p>Europarlamentarul PNL Rare\u0219 Bogdan a lansat un atac dur la adresa lui Ilie Bolojan \u0219i a USR, dup\u0103 controversa izbucnit\u0103 la Cluj-Napoca \u00een leg\u0103tur\u0103 cu participarea elevilor la o slujb\u0103 religioas\u0103 organizat\u0103 la \u00eenceputul noului an \u0219colar. Disputa a pornit dup\u0103 ce Inspectoratul \u0218colar Jude\u021bean Cluj a transmis unit\u0103\u021bilor de \u00eenv\u0103\u021b\u0103m\u00e2nt o adres\u0103 privind participarea &#8230; <a title=\"Rare\u0219 Bogdan \u00eel pune la zid pe Ilie Bolojan: \u201eUite, Ilie, pe cine \u021bii la s\u00e2n!\u201d\" class=\"read-more\" href=\"https:\/\/stiri-faine.com\/?p=6200\" aria-label=\"Read more about Rare\u0219 Bogdan \u00eel pune la zid pe Ilie Bolojan: \u201eUite, Ilie, pe cine \u021bii la s\u00e2n!\u201d\">Read more<\/a><\/p>\n","protected":false},"author":1,"featured_media":0,"comment_status":"open","ping_status":"open","sticky":false,"template":"","format":"standard","meta":{"footnotes":""},"categories":[1],"tags":[],"class_list":["post-6200","post","type-post","status-publish","format-standard","hentry","category-uncategorized"],"_links":{"self":[{"href":"https:\/\/stiri-faine.com\/index.php?rest_route=\/wp\/v2\/posts\/6200","targetHints":{"allow":["GET"]}}],"collection":[{"href":"https:\/\/stiri-faine.com\/index.php?rest_route=\/wp\/v2\/posts"}],"about":[{"href":"https:\/\/stiri-faine.com\/index.php?rest_route=\/wp\/v2\/types\/post"}],"author":[{"embeddable":true,"href":"https:\/\/stiri-faine.com\/index.php?rest_route=\/wp\/v2\/users\/1"}],"replies":[{"embeddable":true,"href":"https:\/\/stiri-faine.com\/index.php?rest_route=%2Fwp%2Fv2%2Fcomments&post=6200"}],"version-history":[{"count":1,"href":"https:\/\/stiri-faine.com\/index.php?rest_route=\/wp\/v2\/posts\/6200\/revisions"}],"predecessor-version":[{"id":6201,"href":"https:\/\/stiri-faine.com\/index.php?rest_route=\/wp\/v2\/posts\/6200\/revisions\/6201"}],"wp:attachment":[{"href":"https:\/\/stiri-faine.com\/index.php?rest_route=%2Fwp%2Fv2%2Fmedia&parent=6200"}],"wp:term":[{"taxonomy":"category","embeddable":true,"href":"https:\/\/stiri-faine.com\/index.php?rest_route=%2Fwp%2Fv2%2Fcategories&post=6200"},{"taxonomy":"post_tag","embeddable":true,"href":"https:\/\/stiri-faine.com\/index.php?rest_route=%2Fwp%2Fv2%2Ftags&post=6200"}],"curies":[{"name":"wp","href":"https:\/\/api.w.org\/{rel}","templated":true}]}}