{"id":6198,"date":"2026-09-04T19:33:18","date_gmt":"2026-09-04T19:33:18","guid":{"rendered":"https:\/\/stiri-faine.com\/?p=6198"},"modified":"2026-09-04T19:33:18","modified_gmt":"2026-09-04T19:33:18","slug":"mesaj-controversat-al-ambasadei-moscovei-la-bucuresti-amenintarea-la-adresa-romaniei-nu-vine-din-rusia","status":"publish","type":"post","link":"https:\/\/stiri-faine.com\/?p=6198","title":{"rendered":"Mesaj controversat al Ambasadei Moscovei la Bucure\u0219ti: \u201eAmenin\u021barea la adresa Rom\u00e2niei nu vine din Rusia\u201d"},"content":{"rendered":"\n<p class=\"wp-block-paragraph\">Ambasada Rusiei la Bucure\u0219ti a reac\u021bionat vineri dup\u0103 convocarea ambasadorului Vladimir Lipaev la Ministerul Afacerilor Externe \u0219i a respins acuza\u021biile formulate la adresa Moscovei. Reprezentan\u021ba diplomatic\u0103 rus\u0103 a calificat drept \u201eabsurde\u201d afirma\u021biile privind o presupus\u0103 implicare a Rusiei \u00een incidentul cu o dron\u0103 de la aeroportul din Leipzig \u0219i a transmis un mesaj dur la adresa NATO \u0219i a Uniunii Europene.<\/p>\n\n\n\n<p class=\"wp-block-paragraph\">Potrivit declara\u021biei publicate de ambasad\u0103, Moscova consider\u0103 c\u0103 amenin\u021barea la adresa securit\u0103\u021bii Rom\u00e2niei nu ar veni din Rusia, ci din ceea ce nume\u0219te \u201erespectarea nechibzuit\u0103\u201d a directivelor de politic\u0103 extern\u0103 ale NATO \u0219i UE.<\/p>\n\n\n\n<p class=\"wp-block-paragraph\">Ambasadorul Rusiei a fost convocat la MAE<br>Vladimir Lipaev a fost convocat la Ministerul rom\u00e2n de Externe pe 3 septembrie 2026, unde i-au fost prezentate mai multe teme considerate sensibile de partea rom\u00e2n\u0103.<\/p>\n\n\n\n<p class=\"wp-block-paragraph\">Printre acestea s-au num\u0103rat acuza\u021biile privind incidentul cu dron\u0103 din Germania, dar \u0219i atacul asupra punctului de frontier\u0103 Orlivka, situat \u00een Ucraina, \u00een apropierea grani\u021bei cu Rom\u00e2nia.<\/p>\n\n\n\n<p class=\"wp-block-paragraph\">Ambasada Rusiei sus\u021bine c\u0103 Lipaev a respins acuza\u021biile \u0219i a catalogat protestele drept nefondate.<\/p>\n\n\n\n<p class=\"wp-block-paragraph\">Diplomatul rus ar fi afirmat c\u0103 infrastructura folosit\u0103 de Ucraina \u00een scopuri militare sau logistice poate deveni, \u00een opinia Moscovei, o \u021bint\u0103 a for\u021belor armate ruse, inclusiv \u00een situa\u021biile \u00een care aceasta are \u0219i o utilizare civil\u0103.<\/p>\n\n\n\n<p class=\"wp-block-paragraph\">Aceast\u0103 pozi\u021bie reprezint\u0103 punctul de vedere exprimat de partea rus\u0103 \u0219i nu echivaleaz\u0103 cu o confirmare independent\u0103 a caracterului militar al obiectivelor vizate.<\/p>\n\n\n\n<p class=\"wp-block-paragraph\">Atac dur la adresa lui Volodimir Zelenski<br>\u00cen cadrul \u00eent\u00e2lnirii, ambasadorul rus a lansat \u0219i acuza\u021bii grave la adresa pre\u0219edintelui ucrainean Volodimir Zelenski.<\/p>\n\n\n\n<p class=\"wp-block-paragraph\">Potrivit comunicatului Ambasadei Rusiei, Lipaev l-a acuzat pe liderul de la Kiev c\u0103 ar fi devenit un \u201eterorist interna\u021bional\u201d \u0219i un factor de escaladare a conflictului european.<\/p>\n\n\n\n<p class=\"wp-block-paragraph\">Afirma\u021biile apar\u021bin diplomatului rus \u0219i fac parte din retorica Moscovei \u00een contextul r\u0103zboiului din Ucraina.<\/p>\n\n\n\n<p class=\"wp-block-paragraph\">Ambasadorul a criticat totodat\u0103 sprijinul militar, logistic \u0219i diplomatic acordat Ucrainei de statele occidentale, sus\u021bin\u00e2nd c\u0103 acesta contribuie la prelungirea conflictului.<\/p>\n\n\n\n<p class=\"wp-block-paragraph\">Moscova atac\u0103 NATO \u0219i Uniunea European\u0103<br>Declara\u021bia ambasadei con\u021bine \u0219i un mesaj direct la adresa politicii externe a Rom\u00e2niei.<\/p>\n\n\n\n<p class=\"wp-block-paragraph\">Reprezentan\u021ba diplomatic\u0103 rus\u0103 sus\u021bine c\u0103 adev\u0103ratul risc pentru securitatea Rom\u00e2niei ar proveni din apropierea de politicile promovate de NATO \u0219i Uniunea European\u0103, pe care Moscova le descrie drept ostile Rusiei.<\/p>\n\n\n\n<p class=\"wp-block-paragraph\">Mesajul vine \u00eentr-un context de tensiuni crescute \u00eentre Rom\u00e2nia \u0219i Federa\u021bia Rus\u0103, alimentate de r\u0103zboiul din Ucraina, incidentele din apropierea frontierei \u0219i pozi\u021bionarea Bucure\u0219tiului \u00een cadrul NATO \u0219i UE.<\/p>\n","protected":false},"excerpt":{"rendered":"<p>Ambasada Rusiei la Bucure\u0219ti a reac\u021bionat vineri dup\u0103 convocarea ambasadorului Vladimir Lipaev la Ministerul Afacerilor Externe \u0219i a respins acuza\u021biile formulate la adresa Moscovei. Reprezentan\u021ba diplomatic\u0103 rus\u0103 a calificat drept \u201eabsurde\u201d afirma\u021biile privind o presupus\u0103 implicare a Rusiei \u00een incidentul cu o dron\u0103 de la aeroportul din Leipzig \u0219i a transmis un mesaj dur la &#8230; <a title=\"Mesaj controversat al Ambasadei Moscovei la Bucure\u0219ti: \u201eAmenin\u021barea la adresa Rom\u00e2niei nu vine din Rusia\u201d\" class=\"read-more\" href=\"https:\/\/stiri-faine.com\/?p=6198\" aria-label=\"Read more about Mesaj controversat al Ambasadei Moscovei la Bucure\u0219ti: \u201eAmenin\u021barea la adresa Rom\u00e2niei nu vine din Rusia\u201d\">Read more<\/a><\/p>\n","protected":false},"author":1,"featured_media":0,"comment_status":"open","ping_status":"open","sticky":false,"template":"","format":"standard","meta":{"footnotes":""},"categories":[1],"tags":[],"class_list":["post-6198","post","type-post","status-publish","format-standard","hentry","category-uncategorized"],"_links":{"self":[{"href":"https:\/\/stiri-faine.com\/index.php?rest_route=\/wp\/v2\/posts\/6198","targetHints":{"allow":["GET"]}}],"collection":[{"href":"https:\/\/stiri-faine.com\/index.php?rest_route=\/wp\/v2\/posts"}],"about":[{"href":"https:\/\/stiri-faine.com\/index.php?rest_route=\/wp\/v2\/types\/post"}],"author":[{"embeddable":true,"href":"https:\/\/stiri-faine.com\/index.php?rest_route=\/wp\/v2\/users\/1"}],"replies":[{"embeddable":true,"href":"https:\/\/stiri-faine.com\/index.php?rest_route=%2Fwp%2Fv2%2Fcomments&post=6198"}],"version-history":[{"count":1,"href":"https:\/\/stiri-faine.com\/index.php?rest_route=\/wp\/v2\/posts\/6198\/revisions"}],"predecessor-version":[{"id":6199,"href":"https:\/\/stiri-faine.com\/index.php?rest_route=\/wp\/v2\/posts\/6198\/revisions\/6199"}],"wp:attachment":[{"href":"https:\/\/stiri-faine.com\/index.php?rest_route=%2Fwp%2Fv2%2Fmedia&parent=6198"}],"wp:term":[{"taxonomy":"category","embeddable":true,"href":"https:\/\/stiri-faine.com\/index.php?rest_route=%2Fwp%2Fv2%2Fcategories&post=6198"},{"taxonomy":"post_tag","embeddable":true,"href":"https:\/\/stiri-faine.com\/index.php?rest_route=%2Fwp%2Fv2%2Ftags&post=6198"}],"curies":[{"name":"wp","href":"https:\/\/api.w.org\/{rel}","templated":true}]}}