{"id":6196,"date":"2026-09-04T19:32:59","date_gmt":"2026-09-04T19:32:59","guid":{"rendered":"https:\/\/stiri-faine.com\/?p=6196"},"modified":"2026-09-04T19:33:00","modified_gmt":"2026-09-04T19:33:00","slug":"anunt-pentru-toti-pensionarii-pensiile","status":"publish","type":"post","link":"https:\/\/stiri-faine.com\/?p=6196","title":{"rendered":"Anun\u021b pentru to\u021bi pensionarii! Pensiile\u2026"},"content":{"rendered":"\n<p class=\"wp-block-paragraph\">Drago\u0219 P\u00eeslaru, ministrul interimar al Muncii, a vorbit despre posibilitatea index\u0103rii pensiilor \u0219i salariilor \u00een 2027 \u0219i a transmis c\u0103 o astfel de m\u0103sur\u0103 nu ar fi blocat\u0103 de Comisia European\u0103.<\/p>\n\n\n\n<p class=\"wp-block-paragraph\">Potrivit acestuia, problema principal\u0103 nu este dac\u0103 Rom\u00e2nia \u201eare voie\u201d s\u0103 majoreze pensiile \u0219i salariile, ci dac\u0103 viitorul buget va putea sus\u021bine aceste cheltuieli \u00eentr-un mod responsabil.<\/p>\n\n\n\n<p class=\"wp-block-paragraph\">P\u00eeslaru: \u201eNu Comisia European\u0103 stabile\u0219te politica de pensii \u0219i salarii\u201d<br>Ministrul interimar al Muncii a precizat c\u0103 deciziile privind pensiile \u0219i salariile apar\u021bin autorit\u0103\u021bilor rom\u00e2ne.<\/p>\n\n\n\n<p class=\"wp-block-paragraph\">\u201eNu exist\u0103 vreun motiv de \u00eengrijorare c\u0103 nu ne-ar l\u0103sa Bruxelles-ul s\u0103 facem aceste index\u0103ri\u201d, a declarat Drago\u0219 P\u00eeslaru.<\/p>\n\n\n\n<p class=\"wp-block-paragraph\">El a subliniat \u00eens\u0103 c\u0103 Rom\u00e2nia trebuie s\u0103 poat\u0103 demonstra c\u0103 are sursele necesare pentru finan\u021barea unor astfel de m\u0103suri.<\/p>\n\n\n\n<p class=\"wp-block-paragraph\">\u00cen opinia sa, un buget bine construit pentru anul 2027 ar putea include index\u0103ri, \u00eens\u0103 acestea trebuie corelate cu veniturile \u0219i cheltuielile statului.<\/p>\n\n\n\n<p class=\"wp-block-paragraph\">Indexarea ar trebui prev\u0103zut\u0103 \u00een bugetul pe 2027<br>Drago\u0219 P\u00eeslaru a explicat c\u0103, dac\u0103 autorit\u0103\u021bile vor decide indexarea pensiilor \u0219i salariilor, m\u0103sura trebuie inclus\u0103 \u00een bugetul pentru anul viitor.<\/p>\n\n\n\n<p class=\"wp-block-paragraph\">\u201eProblema nu e dac\u0103 putem indexa pensiile sau salariile, ci cum construie\u0219ti un buget care s\u0103 permit\u0103 aceste lucruri\u201d, a spus ministrul.<\/p>\n\n\n\n<p class=\"wp-block-paragraph\">Acesta a criticat \u0219i promisiunile politice care nu indic\u0103 \u00een mod clar sursele de finan\u021bare.<\/p>\n\n\n\n<p class=\"wp-block-paragraph\">P\u00eeslaru a transmis c\u0103 orice majorare trebuie s\u0103 fie sustenabil\u0103 \u0219i s\u0103 nu dezechilibreze bugetul public.<\/p>\n\n\n\n<p class=\"wp-block-paragraph\">Comisia European\u0103 ar urm\u0103ri sursele de finan\u021bare<br>Ministrul interimar al Muncii a mai spus c\u0103 institu\u021biile europene nu ar decide nivelul pensiilor \u0219i salariilor din Rom\u00e2nia, dar ar putea analiza modul \u00een care sunt finan\u021bate aceste cheltuieli, mai ales \u00een contextul angajamentelor fiscale asumate.<\/p>\n\n\n\n<p class=\"wp-block-paragraph\">Cu alte cuvinte, o eventual\u0103 indexare nu este exclus\u0103, dar trebuie s\u0103 fie sus\u021binut\u0103 de un plan bugetar clar.<\/p>\n\n\n\n<p class=\"wp-block-paragraph\">Salariul minim a crescut \u00een iulie 2026<br>\u00cencep\u00e2nd cu 1 iulie 2026, salariul minim brut a ajuns la 4.325 de lei, ceea ce reprezint\u0103 o cre\u0219tere de aproximativ 6,8%, respectiv 275 de lei brut.<\/p>\n\n\n\n<p class=\"wp-block-paragraph\">Economistul Adrian Negrescu a comentat aceast\u0103 majorare \u0219i a atras aten\u021bia c\u0103 impactul difer\u0103 pentru angaja\u021bi, firme \u0219i stat.<\/p>\n\n\n\n<p class=\"wp-block-paragraph\">Potrivit acestuia, cre\u0219terea net\u0103 resim\u021bit\u0103 de angaja\u021bi este mai redus\u0103, \u00een timp ce pentru angajatori costurile totale cresc mai mult.<\/p>\n\n\n\n<p class=\"wp-block-paragraph\">Ce se poate \u00eent\u00e2mpla \u00een 2027<br>Pentru moment, indexarea pensiilor \u0219i salariilor \u00een 2027 nu poate fi considerat\u0103 o decizie definitiv\u0103.<\/p>\n\n\n\n<p class=\"wp-block-paragraph\">Totul va depinde de construc\u021bia bugetului, de veniturile statului, de situa\u021bia economic\u0103 \u0219i de deciziile politice care vor fi luate p\u00e2n\u0103 atunci.<\/p>\n\n\n\n<p class=\"wp-block-paragraph\">Mesajul transmis de Drago\u0219 P\u00eeslaru este \u00eens\u0103 clar: nu Bruxelles-ul decide dac\u0103 Rom\u00e2nia poate majora pensiile \u0219i salariile, ci autorit\u0103\u021bile rom\u00e2ne, cu condi\u021bia ca m\u0103surile s\u0103 poat\u0103 fi sus\u021binute financiar.<\/p>\n","protected":false},"excerpt":{"rendered":"<p>Drago\u0219 P\u00eeslaru, ministrul interimar al Muncii, a vorbit despre posibilitatea index\u0103rii pensiilor \u0219i salariilor \u00een 2027 \u0219i a transmis c\u0103 o astfel de m\u0103sur\u0103 nu ar fi blocat\u0103 de Comisia European\u0103. Potrivit acestuia, problema principal\u0103 nu este dac\u0103 Rom\u00e2nia \u201eare voie\u201d s\u0103 majoreze pensiile \u0219i salariile, ci dac\u0103 viitorul buget va putea sus\u021bine aceste cheltuieli &#8230; <a title=\"Anun\u021b pentru to\u021bi pensionarii! Pensiile\u2026\" class=\"read-more\" href=\"https:\/\/stiri-faine.com\/?p=6196\" aria-label=\"Read more about Anun\u021b pentru to\u021bi pensionarii! Pensiile\u2026\">Read more<\/a><\/p>\n","protected":false},"author":1,"featured_media":0,"comment_status":"open","ping_status":"open","sticky":false,"template":"","format":"standard","meta":{"footnotes":""},"categories":[1],"tags":[],"class_list":["post-6196","post","type-post","status-publish","format-standard","hentry","category-uncategorized"],"_links":{"self":[{"href":"https:\/\/stiri-faine.com\/index.php?rest_route=\/wp\/v2\/posts\/6196","targetHints":{"allow":["GET"]}}],"collection":[{"href":"https:\/\/stiri-faine.com\/index.php?rest_route=\/wp\/v2\/posts"}],"about":[{"href":"https:\/\/stiri-faine.com\/index.php?rest_route=\/wp\/v2\/types\/post"}],"author":[{"embeddable":true,"href":"https:\/\/stiri-faine.com\/index.php?rest_route=\/wp\/v2\/users\/1"}],"replies":[{"embeddable":true,"href":"https:\/\/stiri-faine.com\/index.php?rest_route=%2Fwp%2Fv2%2Fcomments&post=6196"}],"version-history":[{"count":1,"href":"https:\/\/stiri-faine.com\/index.php?rest_route=\/wp\/v2\/posts\/6196\/revisions"}],"predecessor-version":[{"id":6197,"href":"https:\/\/stiri-faine.com\/index.php?rest_route=\/wp\/v2\/posts\/6196\/revisions\/6197"}],"wp:attachment":[{"href":"https:\/\/stiri-faine.com\/index.php?rest_route=%2Fwp%2Fv2%2Fmedia&parent=6196"}],"wp:term":[{"taxonomy":"category","embeddable":true,"href":"https:\/\/stiri-faine.com\/index.php?rest_route=%2Fwp%2Fv2%2Fcategories&post=6196"},{"taxonomy":"post_tag","embeddable":true,"href":"https:\/\/stiri-faine.com\/index.php?rest_route=%2Fwp%2Fv2%2Ftags&post=6196"}],"curies":[{"name":"wp","href":"https:\/\/api.w.org\/{rel}","templated":true}]}}