{"id":6194,"date":"2026-09-04T19:32:14","date_gmt":"2026-09-04T19:32:14","guid":{"rendered":"https:\/\/stiri-faine.com\/?p=6194"},"modified":"2026-09-04T19:32:15","modified_gmt":"2026-09-04T19:32:15","slug":"scandal-in-usr-si-a-dat-demisia-si-a-atacat-actuala-conducere-2","status":"publish","type":"post","link":"https:\/\/stiri-faine.com\/?p=6194","title":{"rendered":"Scandal \u00een USR. \u0218i-a dat DEMISIA \u0219i a atacat actuala conducere"},"content":{"rendered":"\n<p class=\"wp-block-paragraph\">Senatorul USR de Gala\u021bi, Gheorghe \u0218tef\u0103nache, \u0219i-a anun\u021bat demisia din partid \u0219i a precizat c\u0103 \u00ee\u0219i va continua activitatea parlamentar\u0103 ca independent. Decizia vine dup\u0103 o serie de nemul\u021bumiri legate at\u00e2t de modul \u00een care func\u021bioneaz\u0103 organiza\u021bia local\u0103, c\u00e2t \u0219i de direc\u021bia adoptat\u0103 de conducerea forma\u021biunii.<\/p>\n\n\n\n<p class=\"wp-block-paragraph\">Parlamentarul sus\u021bine c\u0103 nu mai poate accepta situa\u021bia din filiala USR Gala\u021bi \u0219i c\u0103 alegerea de a p\u0103r\u0103si partidul este legat\u0103 de valorile \u0219i principiile pe care vrea s\u0103 le p\u0103streze \u00een activitatea sa politic\u0103.<\/p>\n\n\n\n<p class=\"wp-block-paragraph\">Gheorghe \u0218tef\u0103nache explic\u0103 de ce pleac\u0103 din USR<br>Senatorul a transmis c\u0103 demisia sa reprezint\u0103, \u00een opinia lui, o form\u0103 de loialitate fa\u021b\u0103 de propriile convingeri \u0219i fa\u021b\u0103 de aleg\u0103torii din Gala\u021bi.<\/p>\n\n\n\n<p class=\"wp-block-paragraph\">Acesta a precizat c\u0103 vrea s\u0103 \u00ee\u0219i continue activitatea politic\u0103 \u0219i s\u0103 r\u0103m\u00e2n\u0103 implicat \u00een confruntarea cu PSD la nivel local, \u00eens\u0103 spune c\u0103 nu mai poate face acest lucru \u00een actuala formul\u0103 a USR Gala\u021bi.<\/p>\n\n\n\n<p class=\"wp-block-paragraph\">Una dintre principalele sale nemul\u021bumiri este legat\u0103 de ceea ce descrie drept lipsa de activitate a organiza\u021biei locale.<\/p>\n\n\n\n<p class=\"wp-block-paragraph\">\u201eOric\u00e2t de ata\u0219at a\u0219 fi de activitatea partidului la nivel central \u0219i parlamentar, nu pot accepta inactivitatea \u00abasumat\u0103\u00bb a structurii politice locale din care deja am f\u0103cut parte\u201d, a transmis senatorul.<\/p>\n\n\n\n<p class=\"wp-block-paragraph\">Critici la adresa liderilor USR<br>Gheorghe \u0218tef\u0103nache a lansat \u0219i o serie de critici la adresa unor lideri importan\u021bi ai forma\u021biunii.<\/p>\n\n\n\n<p class=\"wp-block-paragraph\">El consider\u0103 c\u0103 politica local\u0103 din Gala\u021bi trebuie f\u0103cut\u0103 \u00een primul r\u00e2nd de membrii organiza\u021biei din jude\u021b \u0219i c\u0103 ace\u0219tia trebuie preg\u0103ti\u021bi pentru a ocupa pozi\u021bii eligibile la viitoarele alegeri.<\/p>\n\n\n\n<p class=\"wp-block-paragraph\">Senatorul a men\u021bionat nume precum Dominic Fritz, Diana Buzoianu, Oana \u021aoiu, Irineu Dar\u0103u \u0219i Radu Miru\u021b\u0103, subliniind c\u0103 ace\u0219tia nu vor candida pentru func\u021bii locale \u00een Gala\u021bi.<\/p>\n\n\n\n<p class=\"wp-block-paragraph\">\u00cen opinia sa, filiala are nevoie de oameni care s\u0103 lupte efectiv pentru Prim\u0103rie, Consiliul Local \u0219i Consiliul Jude\u021bean, nu doar de candida\u021bi care s\u0103 completeze listele electorale.<\/p>\n\n\n\n<p class=\"wp-block-paragraph\">USR Gala\u021bi r\u0103spunde dur dup\u0103 demisie<br>Organiza\u021bia USR Gala\u021bi a reac\u021bionat critic la plecarea senatorului \u0219i a sus\u021binut c\u0103 demisia acestuia era anticipat\u0103 de mai mult timp.<\/p>\n\n\n\n<p class=\"wp-block-paragraph\">Reprezentan\u021bii filialei au afirmat c\u0103 perioada de independen\u021b\u0103 anun\u021bat\u0103 de \u0218tef\u0103nache ar putea fi doar o etap\u0103 intermediar\u0103 \u00eenaintea unei eventuale \u00eenscrieri \u00eentr-o alt\u0103 forma\u021biune politic\u0103.<\/p>\n\n\n\n<p class=\"wp-block-paragraph\">USR Gala\u021bi a sugerat chiar c\u0103 senatorul s-ar putea \u00eendrepta c\u0103tre un partid cu orientare suveranist\u0103.<\/p>\n\n\n\n<p class=\"wp-block-paragraph\">Senatorul anun\u021b\u0103 c\u0103 r\u0103m\u00e2ne independent<br>Gheorghe \u0218tef\u0103nache respinge \u00eens\u0103, pentru moment, ideea unei noi \u00eenscrieri \u00eentr-un partid.<\/p>\n\n\n\n<p class=\"wp-block-paragraph\">El a anun\u021bat c\u0103 nu inten\u021bioneaz\u0103 s\u0103 se afilieze unui alt grup parlamentar \u0219i c\u0103 va continua s\u0103 \u00ee\u0219i exercite mandatul ca senator independent.<\/p>\n\n\n\n<p class=\"wp-block-paragraph\">Parlamentarul sus\u021bine c\u0103 \u00ee\u0219i dore\u0219te s\u0103 r\u0103m\u00e2n\u0103 implicat \u00een proiectele importante pentru Gala\u021bi \u0219i s\u0103 \u00ee\u0219i continue activitatea politic\u0103 f\u0103r\u0103 constr\u00e2ngerile pe care spune c\u0103 le-a resim\u021bit \u00een interiorul USR.<\/p>\n","protected":false},"excerpt":{"rendered":"<p>Senatorul USR de Gala\u021bi, Gheorghe \u0218tef\u0103nache, \u0219i-a anun\u021bat demisia din partid \u0219i a precizat c\u0103 \u00ee\u0219i va continua activitatea parlamentar\u0103 ca independent. Decizia vine dup\u0103 o serie de nemul\u021bumiri legate at\u00e2t de modul \u00een care func\u021bioneaz\u0103 organiza\u021bia local\u0103, c\u00e2t \u0219i de direc\u021bia adoptat\u0103 de conducerea forma\u021biunii. Parlamentarul sus\u021bine c\u0103 nu mai poate accepta situa\u021bia din &#8230; <a title=\"Scandal \u00een USR. \u0218i-a dat DEMISIA \u0219i a atacat actuala conducere\" class=\"read-more\" href=\"https:\/\/stiri-faine.com\/?p=6194\" aria-label=\"Read more about Scandal \u00een USR. \u0218i-a dat DEMISIA \u0219i a atacat actuala conducere\">Read more<\/a><\/p>\n","protected":false},"author":1,"featured_media":0,"comment_status":"open","ping_status":"open","sticky":false,"template":"","format":"standard","meta":{"footnotes":""},"categories":[1],"tags":[],"class_list":["post-6194","post","type-post","status-publish","format-standard","hentry","category-uncategorized"],"_links":{"self":[{"href":"https:\/\/stiri-faine.com\/index.php?rest_route=\/wp\/v2\/posts\/6194","targetHints":{"allow":["GET"]}}],"collection":[{"href":"https:\/\/stiri-faine.com\/index.php?rest_route=\/wp\/v2\/posts"}],"about":[{"href":"https:\/\/stiri-faine.com\/index.php?rest_route=\/wp\/v2\/types\/post"}],"author":[{"embeddable":true,"href":"https:\/\/stiri-faine.com\/index.php?rest_route=\/wp\/v2\/users\/1"}],"replies":[{"embeddable":true,"href":"https:\/\/stiri-faine.com\/index.php?rest_route=%2Fwp%2Fv2%2Fcomments&post=6194"}],"version-history":[{"count":1,"href":"https:\/\/stiri-faine.com\/index.php?rest_route=\/wp\/v2\/posts\/6194\/revisions"}],"predecessor-version":[{"id":6195,"href":"https:\/\/stiri-faine.com\/index.php?rest_route=\/wp\/v2\/posts\/6194\/revisions\/6195"}],"wp:attachment":[{"href":"https:\/\/stiri-faine.com\/index.php?rest_route=%2Fwp%2Fv2%2Fmedia&parent=6194"}],"wp:term":[{"taxonomy":"category","embeddable":true,"href":"https:\/\/stiri-faine.com\/index.php?rest_route=%2Fwp%2Fv2%2Fcategories&post=6194"},{"taxonomy":"post_tag","embeddable":true,"href":"https:\/\/stiri-faine.com\/index.php?rest_route=%2Fwp%2Fv2%2Ftags&post=6194"}],"curies":[{"name":"wp","href":"https:\/\/api.w.org\/{rel}","templated":true}]}}