{"id":6192,"date":"2026-09-04T19:31:54","date_gmt":"2026-09-04T19:31:54","guid":{"rendered":"https:\/\/stiri-faine.com\/?p=6192"},"modified":"2026-09-04T19:31:55","modified_gmt":"2026-09-04T19:31:55","slug":"se-cutremura-romania-bolojan-a-facut-anuntul-3","status":"publish","type":"post","link":"https:\/\/stiri-faine.com\/?p=6192","title":{"rendered":"Se cutremur\u0103 Rom\u00e2nia! Bolojan a f\u0103cut anun\u021bul\u2026"},"content":{"rendered":"\n<p class=\"wp-block-paragraph\">Social-democra\u021bii au votat pe 20 aprilie retragerea sprijinului politic acordat premierului Ilie Bolojan, \u00eentr-un moment \u00een care tensiunile din coali\u021bie erau deja ridicate.<\/p>\n\n\n\n<p class=\"wp-block-paragraph\">Potrivit rezultatului consult\u0103rii interne, aproximativ 5.000 de membri PSD au participat la vot, iar 97,7% s-au pronun\u021bat pentru retragerea sprijinului politic. Doar 2,3% au votat \u00eempotriv\u0103.<\/p>\n\n\n\n<p class=\"wp-block-paragraph\">PSD transmite un mesaj clar de ruptur\u0103<br>Decizia reprezint\u0103 unul dintre cele mai puternice semnale politice transmise p\u00e2n\u0103 acum \u00een interiorul coali\u021biei.<\/p>\n\n\n\n<p class=\"wp-block-paragraph\">Conducerea PSD a precizat c\u0103 votul nu este doar unul simbolic, ci ofer\u0103 un mandat politic pentru pa\u0219ii care urmeaz\u0103.<\/p>\n\n\n\n<p class=\"wp-block-paragraph\">Social-democra\u021bii sus\u021bin c\u0103 nemul\u021bumirile s-au acumulat \u00een ultimele luni \u0219i c\u0103 rela\u021bia cu partenerii de guvernare a fost afectat\u0103 de divergen\u021be, tensiuni \u0219i acuza\u021bii reciproce.<\/p>\n\n\n\n<p class=\"wp-block-paragraph\">PNL \u00eel sus\u021bine \u00een continuare pe Ilie Bolojan<br>\u00cen paralel, conducerea PNL s-a reunit separat \u0219i \u0219i-a reafirmat sprijinul pentru premier.<\/p>\n\n\n\n<p class=\"wp-block-paragraph\">Astfel, Ilie Bolojan beneficiaz\u0103 \u00een continuare de sus\u021binerea propriului partid, chiar dac\u0103 PSD a decis s\u0103 \u00eei retrag\u0103 sprijinul politic.<\/p>\n\n\n\n<p class=\"wp-block-paragraph\">Situa\u021bia complic\u0103 func\u021bionarea coali\u021biei \u0219i mut\u0103 conflictul din zona declara\u021biilor politice \u00een cea a negocierilor concrete.<\/p>\n\n\n\n<p class=\"wp-block-paragraph\">Ilie Bolojan spune c\u0103 nu demisioneaz\u0103<br>Premierul a anun\u021bat c\u0103 nu inten\u021bioneaz\u0103 s\u0103 demisioneze \u00een urma votului PSD.<\/p>\n\n\n\n<p class=\"wp-block-paragraph\">Acesta a criticat decizia social-democra\u021bilor \u0219i a sus\u021binut c\u0103 retragerea sprijinului politic risc\u0103 s\u0103 afecteze stabilitatea guvern\u0103rii.<\/p>\n\n\n\n<p class=\"wp-block-paragraph\">\u201eAm luat act de decizia complet gre\u0219it\u0103 \u0219i iresponsabil\u0103 a PSD fa\u021b\u0103 de Rom\u00e2nia, nu fa\u021b\u0103 de o persoan\u0103\u201d, a declarat Ilie Bolojan.<\/p>\n\n\n\n<p class=\"wp-block-paragraph\">Premierul a insistat c\u0103 Executivul trebuie s\u0103 r\u0103m\u00e2n\u0103 func\u021bional \u0219i c\u0103 principalele obiective ale guvern\u0103rii sunt legate de echilibrarea finan\u021belor publice, buna administrare \u0219i respectarea angajamentelor asumate.<\/p>\n\n\n\n<p class=\"wp-block-paragraph\">PSD acuz\u0103 tensiuni \u0219i atacuri politice<br>De partea cealalt\u0103, liderii PSD sus\u021bin c\u0103 partidul nu mai poate continua \u00een acelea\u0219i condi\u021bii.<\/p>\n\n\n\n<p class=\"wp-block-paragraph\">\u00cenaintea votului, conducerea social-democrat\u0103 a vorbit despre o perioad\u0103 marcat\u0103 de atacuri politice, propagand\u0103 \u0219i deteriorarea rela\u021biei dintre partenerii de coali\u021bie.<\/p>\n\n\n\n<p class=\"wp-block-paragraph\">\u00cen aceast\u0103 interpretare, retragerea sprijinului pentru Ilie Bolojan nu este rezultatul unei singure dispute, ci al unei acumul\u0103ri de nemul\u021bumiri.<\/p>\n\n\n\n<p class=\"wp-block-paragraph\">Pre\u0219edintele Rom\u00e2niei a discutat cu ambele tabere<br>Pre\u0219edintele Rom\u00e2niei a anun\u021bat c\u0103 a purtat discu\u021bii at\u00e2t cu premierul Ilie Bolojan, c\u00e2t \u0219i cu reprezentan\u021bii PSD.<\/p>\n\n\n\n<p class=\"wp-block-paragraph\">Acesta a recunoscut existen\u021ba unor turbulen\u021be politice, dar a subliniat c\u0103 exist\u0103 \u00een continuare un anumit consens \u00een ceea ce prive\u0219te implementarea PNRR.<\/p>\n\n\n\n<p class=\"wp-block-paragraph\">Respectarea jaloanelor \u0219i accesarea fondurilor europene r\u0103m\u00e2n teme importante indiferent de evolu\u021bia conflictului politic.<\/p>\n\n\n\n<p class=\"wp-block-paragraph\">Posibil\u0103 mo\u021biune de cenzur\u0103<br>Retragerea sprijinului politic poate deschide \u0219i calea unor noi negocieri parlamentare.<\/p>\n\n\n\n<p class=\"wp-block-paragraph\">Un lider al unui partid parlamentar a declarat c\u0103 ar putea sus\u021bine o eventual\u0103 mo\u021biune de cenzur\u0103, \u00eens\u0103 a precizat c\u0103 PSD ar trebui mai \u00eent\u00e2i s\u0103 negocieze cu forma\u021biunea sa.<\/p>\n\n\n\n<p class=\"wp-block-paragraph\">Dac\u0103 social-democra\u021bii vor merge \u00een aceast\u0103 direc\u021bie, vor avea nevoie de suficiente voturi pentru a putea provoca schimbarea Guvernului.<\/p>\n\n\n\n<p class=\"wp-block-paragraph\">Sus\u021bin\u0103tori ai premierului, \u00een Pia\u021ba Victoriei<br>\u00cen aceea\u0219i perioad\u0103, sute de persoane s-au adunat \u00een Pia\u021ba Victoriei pentru a-\u0219i manifesta sus\u021binerea fa\u021b\u0103 de Ilie Bolojan.<\/p>\n\n\n\n<p class=\"wp-block-paragraph\">Mobilizarea a avut loc \u00een urma unor apeluri lansate \u00een mediul online \u0219i a ar\u0103tat c\u0103 disputa politic\u0103 are ecou \u0219i \u00een spa\u021biul public.<\/p>\n\n\n\n<p class=\"wp-block-paragraph\">Coali\u021bia, \u00eentr-un punct critic<br>Situa\u021bia r\u0103m\u00e2ne una extrem de tensionat\u0103.<\/p>\n\n\n\n<p class=\"wp-block-paragraph\">PSD are un mandat intern puternic pentru retragerea sprijinului politic, \u00een timp ce PNL continu\u0103 s\u0103 \u00eel sus\u021bin\u0103 pe Ilie Bolojan.<\/p>\n\n\n\n<p class=\"wp-block-paragraph\">Premierul refuz\u0103 s\u0103 demisioneze, iar urm\u0103toarele negocieri vor fi decisive pentru viitorul coali\u021biei.<\/p>\n\n\n\n<p class=\"wp-block-paragraph\">\u00cen perioada urm\u0103toare, PSD trebuie s\u0103 stabileasc\u0103 dac\u0103 va continua cu negocieri interne, dac\u0103 va sus\u021bine o mo\u021biune de cenzur\u0103 sau dac\u0103 va cere o reconfigurare a guvern\u0103rii.<\/p>\n\n\n\n<p class=\"wp-block-paragraph\">P\u00e2n\u0103 la apari\u021bia unor decizii institu\u021bionale concrete, retragerea sprijinului politic r\u0103m\u00e2ne \u00een primul r\u00e2nd o decizie de partid, iar eventualele efecte asupra Guvernului vor depinde de pa\u0219ii parlamentari \u0219i constitu\u021bionali care vor urma.<\/p>\n","protected":false},"excerpt":{"rendered":"<p>Social-democra\u021bii au votat pe 20 aprilie retragerea sprijinului politic acordat premierului Ilie Bolojan, \u00eentr-un moment \u00een care tensiunile din coali\u021bie erau deja ridicate. Potrivit rezultatului consult\u0103rii interne, aproximativ 5.000 de membri PSD au participat la vot, iar 97,7% s-au pronun\u021bat pentru retragerea sprijinului politic. Doar 2,3% au votat \u00eempotriv\u0103. PSD transmite un mesaj clar de &#8230; <a title=\"Se cutremur\u0103 Rom\u00e2nia! Bolojan a f\u0103cut anun\u021bul\u2026\" class=\"read-more\" href=\"https:\/\/stiri-faine.com\/?p=6192\" aria-label=\"Read more about Se cutremur\u0103 Rom\u00e2nia! Bolojan a f\u0103cut anun\u021bul\u2026\">Read more<\/a><\/p>\n","protected":false},"author":1,"featured_media":0,"comment_status":"open","ping_status":"open","sticky":false,"template":"","format":"standard","meta":{"footnotes":""},"categories":[1],"tags":[],"class_list":["post-6192","post","type-post","status-publish","format-standard","hentry","category-uncategorized"],"_links":{"self":[{"href":"https:\/\/stiri-faine.com\/index.php?rest_route=\/wp\/v2\/posts\/6192","targetHints":{"allow":["GET"]}}],"collection":[{"href":"https:\/\/stiri-faine.com\/index.php?rest_route=\/wp\/v2\/posts"}],"about":[{"href":"https:\/\/stiri-faine.com\/index.php?rest_route=\/wp\/v2\/types\/post"}],"author":[{"embeddable":true,"href":"https:\/\/stiri-faine.com\/index.php?rest_route=\/wp\/v2\/users\/1"}],"replies":[{"embeddable":true,"href":"https:\/\/stiri-faine.com\/index.php?rest_route=%2Fwp%2Fv2%2Fcomments&post=6192"}],"version-history":[{"count":1,"href":"https:\/\/stiri-faine.com\/index.php?rest_route=\/wp\/v2\/posts\/6192\/revisions"}],"predecessor-version":[{"id":6193,"href":"https:\/\/stiri-faine.com\/index.php?rest_route=\/wp\/v2\/posts\/6192\/revisions\/6193"}],"wp:attachment":[{"href":"https:\/\/stiri-faine.com\/index.php?rest_route=%2Fwp%2Fv2%2Fmedia&parent=6192"}],"wp:term":[{"taxonomy":"category","embeddable":true,"href":"https:\/\/stiri-faine.com\/index.php?rest_route=%2Fwp%2Fv2%2Fcategories&post=6192"},{"taxonomy":"post_tag","embeddable":true,"href":"https:\/\/stiri-faine.com\/index.php?rest_route=%2Fwp%2Fv2%2Ftags&post=6192"}],"curies":[{"name":"wp","href":"https:\/\/api.w.org\/{rel}","templated":true}]}}