{"id":6190,"date":"2026-09-04T19:31:03","date_gmt":"2026-09-04T19:31:03","guid":{"rendered":"https:\/\/stiri-faine.com\/?p=6190"},"modified":"2026-09-04T19:31:04","modified_gmt":"2026-09-04T19:31:04","slug":"decizie-de-ultima-ora-ccr-a-vezi-mai-mult","status":"publish","type":"post","link":"https:\/\/stiri-faine.com\/?p=6190","title":{"rendered":"DECIZIE de ultim\u0103 or\u0103! CCR a\u2026 Vezi mai mult"},"content":{"rendered":"\n<p class=\"wp-block-paragraph\">Parlamentul va trebui s\u0103 reia procedura pentru desemnarea membrilor din conducerile Televiziunii Rom\u00e2ne \u0219i Societ\u0103\u021bii Rom\u00e2ne de Radiodifuziune, dup\u0103 ce Curtea Constitu\u021bional\u0103 a Rom\u00e2niei a declarat neconstitu\u021bionale hot\u0103r\u00e2rile prin care fuseser\u0103 f\u0103cute numirile anterioare.<\/p>\n\n\n\n<p class=\"wp-block-paragraph\">Decizia produce efecte dup\u0103 publicarea \u00een Monitorul Oficial, ceea ce \u00eenseamn\u0103 c\u0103 actele de numire contestate nu mai pot produce efecte juridice. Parlamentarii vor trebui astfel s\u0103 reia procedurile \u0219i s\u0103 desemneze noi membri \u00een consiliile de administra\u021bie ale celor dou\u0103 institu\u021bii publice.<\/p>\n\n\n\n<p class=\"wp-block-paragraph\">\u00cen motivarea deciziei, CCR arat\u0103 c\u0103 problema principal\u0103 a fost modul \u00een care Parlamentul a \u021binut cont de configura\u021bia politic\u0103 rezultat\u0103 din ponderea grupurilor parlamentare.<\/p>\n\n\n\n<h2 class=\"wp-block-heading\">CCR: Configura\u021bia politic\u0103 a Parlamentului trebuia respectat\u0103<\/h2>\n\n\n\n<p class=\"wp-block-paragraph\">Curtea Constitu\u021bional\u0103 a analizat situa\u021bia existent\u0103 \u00een Parlament la momentul votului din 18 noiembrie 2025. Potrivit datelor men\u021bionate \u00een motivare, PSD avea atunci 129 de parlamentari, fiind cel mai numeros grup.<\/p>\n\n\n\n<p class=\"wp-block-paragraph\">AUR avea 90 de parlamentari, PNL \u2013 73, iar USR \u2013 59. UDMR num\u0103ra 32 de membri, grupul Minorit\u0103\u021bilor Na\u021bionale avea 17, S.O.S. Rom\u00e2nia \u2013 15, POT \u2013 14, iar PACE \u2013 \u00cent\u00e2i Rom\u00e2nia avea 12 parlamentari. Al\u021bi 22 de ale\u0219i nu f\u0103ceau parte dintr-un grup parlamentar.<\/p>\n\n\n\n<p class=\"wp-block-paragraph\">Aceste cifre au devenit importante pentru analiza Cur\u021bii, deoarece legea prevede c\u0103 reprezentarea \u00een consiliile de administra\u021bie trebuie s\u0103 \u021bin\u0103 cont de ponderea grupurilor parlamentare.<\/p>\n\n\n\n<p class=\"wp-block-paragraph\">CCR a ajuns la concluzia c\u0103 aceast\u0103 propor\u021bionalitate nu a fost respectat\u0103 \u00een procedura desf\u0103\u0219urat\u0103 de Parlament.<\/p>\n\n\n\n<h2 class=\"wp-block-heading\">Ce nereguli a constatat Curtea Constitu\u021bional\u0103<\/h2>\n\n\n\n<p class=\"wp-block-paragraph\">Judec\u0103torii constitu\u021bionali au remarcat c\u0103 unele grupuri parlamentare care reprezentau peste 10% din totalul parlamentarilor au primit acela\u0219i num\u0103r de locuri precum forma\u021biuni cu o pondere mai redus\u0103.<\/p>\n\n\n\n<p class=\"wp-block-paragraph\">\u00cen acela\u0219i timp, alte grupuri parlamentare cu o reprezentare de sub 10% nu au primit locuri \u00een consiliile de administra\u021bie ale SRR \u0219i SRTV.<\/p>\n\n\n\n<p class=\"wp-block-paragraph\">\u201eFa\u0163\u0103 de aceste date, ce reflect\u0103, la data adopt\u0103rii Hot\u0103r\u00e2rii Parlamentului Rom\u00e2niei nr.46\/2025, ponderea \u00een Parlament a grupurilor parlamentare ale partidelor politice care au ob\u0163inut mandate \u00een alegeri, \u0163in\u00e2nd cont \u015fi de componen\u0163a nominal\u0103 a Consiliului de administra\u0163ie al SRR votat\u0103 de Parlament, Curtea constat\u0103 c\u0103 hot\u0103r\u00e2rea criticat\u0103 nu respect\u0103 criteriul imperativ al ponderii \u00een Parlament stabilit de Legea nr.41\/1994\u201d, se precizeaz\u0103 \u00een motivarea CCR.<\/p>\n\n\n\n<p class=\"wp-block-paragraph\">Curtea a subliniat astfel c\u0103 negocierile dintre forma\u021biunile politice nu pot \u00eenlocui sau ignora criteriile prev\u0103zute de lege atunci c\u00e2nd sunt desemna\u021bi membrii structurilor de conducere ale televiziunii \u0219i radioului public.<\/p>\n\n\n\n<p class=\"wp-block-paragraph\">Sesizarea care a dus la analiza Cur\u021bii Constitu\u021bionale a fost formulat\u0103 de AUR.<\/p>\n\n\n\n<h2 class=\"wp-block-heading\">Parlamentul trebuie s\u0103 fac\u0103 noi desemn\u0103ri<\/h2>\n\n\n\n<p class=\"wp-block-paragraph\">Consecin\u021ba direct\u0103 a hot\u0103r\u00e2rii CCR este reluarea procedurii parlamentare. Legislativul trebuie s\u0103 fac\u0103 noi desemn\u0103ri pentru conducerile celor dou\u0103 institu\u021bii, de aceast\u0103 dat\u0103 cu respectarea criteriilor indicate de Curtea Constitu\u021bional\u0103.<\/p>\n\n\n\n<p class=\"wp-block-paragraph\">Decizia poate determina \u0219i noi negocieri \u00eentre grupurile parlamentare, deoarece distribuirea locurilor trebuie s\u0103 reflecte ponderea acestora \u00een Parlament.<\/p>\n\n\n\n<p class=\"wp-block-paragraph\">Nu \u00eenseamn\u0103 \u00eens\u0103 c\u0103 toate deciziile luate p\u00e2n\u0103 acum de consiliile de administra\u021bie ale TVR \u0219i Radioului Public sunt anulate.<\/p>\n\n\n\n<h2 class=\"wp-block-heading\">Ce se \u00eent\u00e2mpl\u0103 cu deciziile luate p\u00e2n\u0103 acum de TVR \u0219i SRR<\/h2>\n\n\n\n<p class=\"wp-block-paragraph\">CCR a f\u0103cut o distinc\u021bie important\u0103 \u00eentre actele de numire a membrilor consiliilor de administra\u021bie \u0219i actele adoptate de aceste organisme pe perioada \u00een care \u0219i-au exercitat atribu\u021biile.<\/p>\n\n\n\n<p class=\"wp-block-paragraph\">Astfel, potrivit motiv\u0103rii, actele adoptate de consiliile de administra\u021bie ale SRTV \u0219i SRR \u00ee\u0219i p\u0103streaz\u0103 valabilitatea.<\/p>\n\n\n\n<p class=\"wp-block-paragraph\">\u00cen schimb, efectele juridice ale hot\u0103r\u00e2rilor Parlamentului referitoare la numirile declarate neconstitu\u021bionale \u00eenceteaz\u0103 odat\u0103 cu publicarea deciziei Cur\u021bii \u00een Monitorul Oficial.<\/p>\n\n\n\n<p class=\"wp-block-paragraph\">Aceast\u0103 diferen\u021biere urm\u0103re\u0219te s\u0103 evite apari\u021bia unui vid juridic \u00een ceea ce prive\u0219te activitatea desf\u0103\u0219urat\u0103 p\u00e2n\u0103 acum de cele dou\u0103 institu\u021bii publice.<\/p>\n\n\n\n<h2 class=\"wp-block-heading\">Urmeaz\u0103 o nou\u0103 rund\u0103 de negocieri \u00een Parlament<\/h2>\n\n\n\n<p class=\"wp-block-paragraph\">Decizia CCR readuce \u00een Parlament discu\u021bia privind reprezentarea forma\u021biunilor politice \u00een conducerile TVR \u0219i Radioului Public.<\/p>\n\n\n\n<p class=\"wp-block-paragraph\">Noile propuneri vor trebui formulate \u021bin\u00e2nd cont de criteriul ponderii parlamentare eviden\u021biat de judec\u0103torii constitu\u021bionali. Ulterior, Parlamentul va trebui s\u0103 voteze noile componen\u021be ale consiliilor de administra\u021bie.<\/p>\n\n\n\n<p class=\"wp-block-paragraph\">Prin urmare, schimb\u0103rile nu vizeaz\u0103 func\u021bionarea de zi cu zi a TVR \u0219i SRR, ci modul \u00een care sunt constituite structurile lor de conducere. Procesul se \u00eentoarce acum \u00een Parlament, unde urmeaz\u0103 s\u0103 fie f\u0103cute noi desemn\u0103ri \u00een conformitate cu decizia Cur\u021bii Constitu\u021bionale.<\/p>\n","protected":false},"excerpt":{"rendered":"<p>Parlamentul va trebui s\u0103 reia procedura pentru desemnarea membrilor din conducerile Televiziunii Rom\u00e2ne \u0219i Societ\u0103\u021bii Rom\u00e2ne de Radiodifuziune, dup\u0103 ce Curtea Constitu\u021bional\u0103 a Rom\u00e2niei a declarat neconstitu\u021bionale hot\u0103r\u00e2rile prin care fuseser\u0103 f\u0103cute numirile anterioare. Decizia produce efecte dup\u0103 publicarea \u00een Monitorul Oficial, ceea ce \u00eenseamn\u0103 c\u0103 actele de numire contestate nu mai pot produce efecte &#8230; <a title=\"DECIZIE de ultim\u0103 or\u0103! CCR a\u2026 Vezi mai mult\" class=\"read-more\" href=\"https:\/\/stiri-faine.com\/?p=6190\" aria-label=\"Read more about DECIZIE de ultim\u0103 or\u0103! CCR a\u2026 Vezi mai mult\">Read more<\/a><\/p>\n","protected":false},"author":1,"featured_media":0,"comment_status":"open","ping_status":"open","sticky":false,"template":"","format":"standard","meta":{"footnotes":""},"categories":[1],"tags":[],"class_list":["post-6190","post","type-post","status-publish","format-standard","hentry","category-uncategorized"],"_links":{"self":[{"href":"https:\/\/stiri-faine.com\/index.php?rest_route=\/wp\/v2\/posts\/6190","targetHints":{"allow":["GET"]}}],"collection":[{"href":"https:\/\/stiri-faine.com\/index.php?rest_route=\/wp\/v2\/posts"}],"about":[{"href":"https:\/\/stiri-faine.com\/index.php?rest_route=\/wp\/v2\/types\/post"}],"author":[{"embeddable":true,"href":"https:\/\/stiri-faine.com\/index.php?rest_route=\/wp\/v2\/users\/1"}],"replies":[{"embeddable":true,"href":"https:\/\/stiri-faine.com\/index.php?rest_route=%2Fwp%2Fv2%2Fcomments&post=6190"}],"version-history":[{"count":1,"href":"https:\/\/stiri-faine.com\/index.php?rest_route=\/wp\/v2\/posts\/6190\/revisions"}],"predecessor-version":[{"id":6191,"href":"https:\/\/stiri-faine.com\/index.php?rest_route=\/wp\/v2\/posts\/6190\/revisions\/6191"}],"wp:attachment":[{"href":"https:\/\/stiri-faine.com\/index.php?rest_route=%2Fwp%2Fv2%2Fmedia&parent=6190"}],"wp:term":[{"taxonomy":"category","embeddable":true,"href":"https:\/\/stiri-faine.com\/index.php?rest_route=%2Fwp%2Fv2%2Fcategories&post=6190"},{"taxonomy":"post_tag","embeddable":true,"href":"https:\/\/stiri-faine.com\/index.php?rest_route=%2Fwp%2Fv2%2Ftags&post=6190"}],"curies":[{"name":"wp","href":"https:\/\/api.w.org\/{rel}","templated":true}]}}