{"id":6188,"date":"2026-09-04T19:30:43","date_gmt":"2026-09-04T19:30:43","guid":{"rendered":"https:\/\/stiri-faine.com\/?p=6188"},"modified":"2026-09-04T19:30:44","modified_gmt":"2026-09-04T19:30:44","slug":"s0c-total-a-mvrit-aurelian-vezi-mai-mult","status":"publish","type":"post","link":"https:\/\/stiri-faine.com\/?p=6188","title":{"rendered":"\u02180C total! A mvrit Aurelian\u2026 Vezi mai mult"},"content":{"rendered":"\n<p class=\"wp-block-paragraph\">Este doliu \u00een Poli\u021bia Rom\u00e2n\u0103 dup\u0103 dispari\u021bia lui Aurelian Zaheu, fost inspector-\u0219ef al Inspectoratului de Poli\u021bie Jude\u021bean Constan\u021ba \u0219i fost \u0219ef al Direc\u021biei de Investigare a Fraudelor din cadrul Inspectoratului General al Poli\u021biei Rom\u00e2ne.<\/p>\n\n\n\n<p class=\"wp-block-paragraph\">Aurelian Zaheu s-a stins din via\u021b\u0103 pe 25 mai, la locuin\u021ba sa din Bucure\u0219ti, dup\u0103 ce s-ar fi confruntat cu mai multe probleme de s\u0103n\u0103tate. Ceremonia de \u00eenmorm\u00e2ntare urmeaz\u0103 s\u0103 aib\u0103 loc joi, \u00een Buz\u0103u, ora\u0219ul s\u0103u natal.<\/p>\n\n\n\n<p class=\"wp-block-paragraph\">Dispari\u021bia fostului inspector-\u0219ef a provocat triste\u021be \u00een r\u00e2ndul fo\u0219tilor s\u0103i colegi, iar conducerea IPJ Constan\u021ba a transmis un mesaj de condolean\u021be familiei \u0219i tuturor celor care l-au cunoscut.<\/p>\n\n\n\n<h2 class=\"wp-block-heading\">Aurelian Zaheu a ocupat func\u021bii importante \u00een Poli\u021bia Rom\u00e2n\u0103<\/h2>\n\n\n\n<p class=\"wp-block-paragraph\">De-a lungul carierei sale, Aurelian Zaheu a ocupat mai multe pozi\u021bii de conducere \u0219i a acumulat o experien\u021b\u0103 considerabil\u0103 \u00een structurile Poli\u021biei Rom\u00e2ne.<\/p>\n\n\n\n<p class=\"wp-block-paragraph\">\u00cenainte de a ajunge la conducerea IPJ Constan\u021ba, acesta a fost \u0219ef al Direc\u021biei de Investigare a Fraudelor din cadrul Inspectoratului General al Poli\u021biei Rom\u00e2ne, structur\u0103 cu responsabilit\u0103\u021bi importante \u00een investigarea infrac\u021biunilor economico-financiare.<\/p>\n\n\n\n<p class=\"wp-block-paragraph\">Ulterior, \u00een martie 2008, Aurelian Zaheu a preluat func\u021bia de inspector-\u0219ef al IPJ Constan\u021ba. A r\u0103mas la conducerea institu\u021biei p\u00e2n\u0103 \u00een anul 2010, c\u00e2nd s-a pensionat.<\/p>\n\n\n\n<p class=\"wp-block-paragraph\">\u00cen perioada \u00een care s-a aflat la conducerea inspectoratului, fostul \u0219ef al IPJ Constan\u021ba s-a remarcat prin experien\u021ba profesional\u0103 \u0219i printr-un stil de lucru bazat pe disciplin\u0103 \u0219i rigoare.<\/p>\n\n\n\n<p class=\"wp-block-paragraph\">Activitatea sa a r\u0103mas cunoscut\u0103 \u00een cadrul institu\u021biei \u0219i dup\u0103 retragerea din func\u021bie, lucru eviden\u021biat \u0219i \u00een mesajul transmis dup\u0103 aflarea ve\u0219tii.<\/p>\n\n\n\n<h2 class=\"wp-block-heading\">Cine a preluat conducerea IPJ Constan\u021ba dup\u0103 plecarea sa<\/h2>\n\n\n\n<p class=\"wp-block-paragraph\">Dup\u0103 pensionarea lui Aurelian Zaheu, pentru ocuparea func\u021biei de inspector-\u0219ef al IPJ Constan\u021ba a fost organizat un concurs.<\/p>\n\n\n\n<p class=\"wp-block-paragraph\">Func\u021bia a fost c\u00e2\u0219tigat\u0103 de Dumitru Catan\u0103, care a preluat conducerea inspectoratului. La r\u00e2ndul s\u0103u, acesta s-a pensionat \u00een anul 2011.<\/p>\n\n\n\n<p class=\"wp-block-paragraph\">Aurelian Zaheu a r\u0103mas \u00eens\u0103 unul dintre numele asociate conducerii IPJ Constan\u021ba din acea perioad\u0103, iar reprezentan\u021bii institu\u021biei vorbesc despre amprenta profesional\u0103 pe care acesta a l\u0103sat-o asupra colectivului.<\/p>\n\n\n\n<h2 class=\"wp-block-heading\">Mesajul transmis de conducerea IPJ Constan\u021ba<\/h2>\n\n\n\n<p class=\"wp-block-paragraph\">Dup\u0103 vestea dispari\u021biei fostului inspector-\u0219ef, reprezentan\u021bii IPJ Constan\u021ba au transmis public un mesaj de condolean\u021be. Conducerea institu\u021biei a amintit profesionalismul \u0219i devotamentul de care Aurelian Zaheu a dat dovad\u0103 de-a lungul carierei.<\/p>\n\n\n\n<p class=\"wp-block-paragraph\">\u201eConducerea Inspectoratului de Poli\u021bie Jude\u021bean Constan\u021ba, \u00een numele \u00eentregului colectiv, \u00ee\u0219i exprim\u0103 profundul regret \u0219i compasiunea la trecerea \u00een nefiin\u021b\u0103 a domnului Aurel Zaheu, fost inspector \u0219ef al institu\u021biei noastre.\u201d<\/p>\n\n\n\n<p class=\"wp-block-paragraph\">Reprezentan\u021bii inspectoratului au subliniat c\u0103, de\u0219i actuala conducere nu a lucrat \u00een mod direct cu fostul inspector-\u0219ef, activitatea acestuia a r\u0103mas un reper pentru institu\u021bie.<\/p>\n\n\n\n<p class=\"wp-block-paragraph\">\u201eChiar dac\u0103 destinele noastre profesionale nu s-au intersectat \u00een mod direct, amprenta pe care a l\u0103sat-o asupra comunit\u0103\u021bii const\u0103n\u021bene \u0219i rigoarea cu care a coordonat activitatea institu\u021biei r\u0103m\u00e2n repere de necontestat pentru noile genera\u021bii de poli\u021bi\u0219ti.\u201d<\/p>\n\n\n\n<h2 class=\"wp-block-heading\">\u201eUn pilon de profesionalism \u0219i devotament\u201d<\/h2>\n\n\n\n<p class=\"wp-block-paragraph\">Mesajul transmis de IPJ Constan\u021ba continu\u0103 cu un omagiu adus carierei fostului inspector-\u0219ef \u0219i valorilor profesionale pe care acesta le-a promovat.<\/p>\n\n\n\n<p class=\"wp-block-paragraph\">\u201eUn lider \u00ee\u0219i continu\u0103 misiunea prin valorile pe care le las\u0103 mo\u0219tenire, iar domnul Aurel Zaheu va r\u0103m\u00e2ne \u00een memoria institu\u021bional\u0103 ca un pilon de profesionalism \u0219i devotament.\u201d<\/p>\n\n\n\n<p class=\"wp-block-paragraph\">\u00cen \u00eencheiere, conducerea inspectoratului a transmis condolean\u021be familiei, rudelor, fo\u0219tilor colegi \u0219i tuturor persoanelor apropiate fostului inspector-\u0219ef.<\/p>\n\n\n\n<p class=\"wp-block-paragraph\">\u201e\u00cen aceste momente de grea \u00eencercare, transmitem sincere condolean\u021be familiei \u00eendurerate, rudelor \u0219i tuturor celor care l-au pre\u021buit. Drum lin printre stele \u0219i odihn\u0103 ve\u0219nic\u0103!\u201d<\/p>\n\n\n\n<p class=\"wp-block-paragraph\">Aurelian Zaheu va fi condus pe ultimul drum \u00een Buz\u0103u, ora\u0219ul s\u0103u natal, dup\u0103 o carier\u0103 \u00een care a ocupat unele dintre cele mai importante func\u021bii din structurile Poli\u021biei Rom\u00e2ne.<\/p>\n","protected":false},"excerpt":{"rendered":"<p>Este doliu \u00een Poli\u021bia Rom\u00e2n\u0103 dup\u0103 dispari\u021bia lui Aurelian Zaheu, fost inspector-\u0219ef al Inspectoratului de Poli\u021bie Jude\u021bean Constan\u021ba \u0219i fost \u0219ef al Direc\u021biei de Investigare a Fraudelor din cadrul Inspectoratului General al Poli\u021biei Rom\u00e2ne. Aurelian Zaheu s-a stins din via\u021b\u0103 pe 25 mai, la locuin\u021ba sa din Bucure\u0219ti, dup\u0103 ce s-ar fi confruntat cu mai &#8230; <a title=\"\u02180C total! A mvrit Aurelian\u2026 Vezi mai mult\" class=\"read-more\" href=\"https:\/\/stiri-faine.com\/?p=6188\" aria-label=\"Read more about \u02180C total! A mvrit Aurelian\u2026 Vezi mai mult\">Read more<\/a><\/p>\n","protected":false},"author":1,"featured_media":0,"comment_status":"open","ping_status":"open","sticky":false,"template":"","format":"standard","meta":{"footnotes":""},"categories":[1],"tags":[],"class_list":["post-6188","post","type-post","status-publish","format-standard","hentry","category-uncategorized"],"_links":{"self":[{"href":"https:\/\/stiri-faine.com\/index.php?rest_route=\/wp\/v2\/posts\/6188","targetHints":{"allow":["GET"]}}],"collection":[{"href":"https:\/\/stiri-faine.com\/index.php?rest_route=\/wp\/v2\/posts"}],"about":[{"href":"https:\/\/stiri-faine.com\/index.php?rest_route=\/wp\/v2\/types\/post"}],"author":[{"embeddable":true,"href":"https:\/\/stiri-faine.com\/index.php?rest_route=\/wp\/v2\/users\/1"}],"replies":[{"embeddable":true,"href":"https:\/\/stiri-faine.com\/index.php?rest_route=%2Fwp%2Fv2%2Fcomments&post=6188"}],"version-history":[{"count":1,"href":"https:\/\/stiri-faine.com\/index.php?rest_route=\/wp\/v2\/posts\/6188\/revisions"}],"predecessor-version":[{"id":6189,"href":"https:\/\/stiri-faine.com\/index.php?rest_route=\/wp\/v2\/posts\/6188\/revisions\/6189"}],"wp:attachment":[{"href":"https:\/\/stiri-faine.com\/index.php?rest_route=%2Fwp%2Fv2%2Fmedia&parent=6188"}],"wp:term":[{"taxonomy":"category","embeddable":true,"href":"https:\/\/stiri-faine.com\/index.php?rest_route=%2Fwp%2Fv2%2Fcategories&post=6188"},{"taxonomy":"post_tag","embeddable":true,"href":"https:\/\/stiri-faine.com\/index.php?rest_route=%2Fwp%2Fv2%2Ftags&post=6188"}],"curies":[{"name":"wp","href":"https:\/\/api.w.org\/{rel}","templated":true}]}}