{"id":6186,"date":"2026-09-04T19:30:22","date_gmt":"2026-09-04T19:30:22","guid":{"rendered":"https:\/\/stiri-faine.com\/?p=6186"},"modified":"2026-09-04T19:30:22","modified_gmt":"2026-09-04T19:30:22","slug":"decizie-definitiva-calin-georgescu-va-fi-vezi-mai-mult-7","status":"publish","type":"post","link":"https:\/\/stiri-faine.com\/?p=6186","title":{"rendered":"Decizie DEFINITIV\u0102! C\u0103lin Georgescu va fi\u2026 Vezi mai mult"},"content":{"rendered":"\n<p class=\"wp-block-paragraph\">\u00cenalta Curte de Casa\u021bie \u0219i Justi\u021bie a decis definitiv c\u0103 dosarul \u00een care C\u0103lin Georgescu, Hora\u021biu Potra \u0219i al\u021bi 20 de inculpa\u021bi sunt acuza\u021bi de fapte privind ordinea constitu\u021bional\u0103 poate intra \u00een faza de judecat\u0103.<\/p>\n\n\n\n<p class=\"wp-block-paragraph\">Magistra\u021bii au constatat legalitatea rechizitoriului \u00eentocmit de procurori \u0219i au dispus \u00eenceperea judec\u0103\u021bii pe fond. Astfel, acuza\u021biile formulate de Parchet urmeaz\u0103 s\u0103 fie analizate \u00een cadrul procesului, unde vor fi administrate \u0219i evaluate probele.<\/p>\n\n\n\n<p class=\"wp-block-paragraph\">Hot\u0103r\u00e2rea a fost pronun\u021bat\u0103 joi, 6 august, dup\u0103 ce procedura din camera preliminar\u0103 a trecut prin mai multe am\u00e2n\u0103ri, inclusiv pe fondul schimb\u0103rii completului de judecat\u0103 \u0219i al relu\u0103rii unor proceduri.<\/p>\n\n\n\n<p class=\"wp-block-paragraph\">Decizia nu stabile\u0219te vinov\u0103\u021bia inculpa\u021bilor, ci confirm\u0103 c\u0103 dosarul poate trece de etapa camerei preliminare \u0219i poate fi judecat pe fond. P\u00e2n\u0103 la o hot\u0103r\u00e2re definitiv\u0103 privind acuza\u021biile, persoanele trimise \u00een judecat\u0103 beneficiaz\u0103 de prezum\u021bia de nevinov\u0103\u021bie.<\/p>\n\n\n\n<h2 class=\"wp-block-heading\">\u00cenalta Curte a confirmat legalitatea rechizitoriului<\/h2>\n\n\n\n<p class=\"wp-block-paragraph\">\u00cen camera preliminar\u0103, instan\u021ba nu stabile\u0219te dac\u0103 inculpa\u021bii sunt vinova\u021bi sau nevinova\u021bi. Judec\u0103torii verific\u0103, printre altele, legalitatea sesiz\u0103rii instan\u021bei \u0219i a administr\u0103rii probelor care fac obiectul acestei etape procesuale.<\/p>\n\n\n\n<p class=\"wp-block-paragraph\">Dup\u0103 analizarea contesta\u021biilor \u0219i excep\u021biilor formulate de ap\u0103rare, \u00cenalta Curte a stabilit definitiv c\u0103 procesul poate continua.<\/p>\n\n\n\n<p class=\"wp-block-paragraph\">Prin urmare, nu s-a dispus anularea rechizitoriului sau retrimiterea cauzei la Parchet, iar urm\u0103toarea etap\u0103 va fi judecarea propriu-zis\u0103 a acuza\u021biilor.<\/p>\n\n\n\n<p class=\"wp-block-paragraph\">Dosarul este unul de amploare, av\u00e2nd \u00een vedere at\u00e2t num\u0103rul persoanelor trimise \u00een judecat\u0103, c\u00e2t \u0219i gravitatea faptelor descrise de procurori.<\/p>\n\n\n\n<h2 class=\"wp-block-heading\">De ce este acuzat C\u0103lin Georgescu<\/h2>\n\n\n\n<p class=\"wp-block-paragraph\">Potrivit acuza\u021biilor formulate de procurori, C\u0103lin Georgescu este trimis \u00een judecat\u0103 pentru complicitate la tentativ\u0103 de ac\u021biuni \u00eempotriva ordinii constitu\u021bionale \u0219i comunicarea de informa\u021bii false \u00een form\u0103 continuat\u0103.<\/p>\n\n\n\n<p class=\"wp-block-paragraph\">Acestea sunt acuza\u021biile Parchetului \u0219i urmeaz\u0103 s\u0103 fie analizate de instan\u021b\u0103 \u00een timpul procesului. Ap\u0103rarea va avea posibilitatea s\u0103 conteste probele \u0219i argumentele acuz\u0103rii \u0219i s\u0103 prezinte propriile sus\u021bineri.<\/p>\n\n\n\n<p class=\"wp-block-paragraph\">\u00cen cazul lui Hora\u021biu Potra, procurorii au formulat acuza\u021bii de tentativ\u0103 la ac\u021biuni \u00eempotriva ordinii constitu\u021bionale, precum \u0219i fapte privind regimul armelor, muni\u021biilor \u0219i materiilor explozive.<\/p>\n\n\n\n<p class=\"wp-block-paragraph\">Fiul \u0219i nepotul acestuia figureaz\u0103, de asemenea, printre inculpa\u021bii trimi\u0219i \u00een judecat\u0103, fiind acuza\u021bi de tentativ\u0103 la ac\u021biuni \u00eempotriva ordinii constitu\u021bionale.<\/p>\n\n\n\n<h2 class=\"wp-block-heading\">Ce sus\u021bin procurorii despre \u00eent\u00e2lnirea de la Ciolpani<\/h2>\n\n\n\n<p class=\"wp-block-paragraph\">Unul dintre elementele importante ale rechizitoriului \u00eel reprezint\u0103 o presupus\u0103 \u00eent\u00e2lnire dintre C\u0103lin Georgescu \u0219i Hora\u021biu Potra, despre care anchetatorii sus\u021bin c\u0103 ar fi avut loc dup\u0103 anularea alegerilor preziden\u021biale din decembrie 2024.<\/p>\n\n\n\n<p class=\"wp-block-paragraph\">Potrivit versiunii prezentate de procurori, \u00eent\u00e2lnirea ar fi avut loc la un complex de echita\u021bie din Ciolpani.<\/p>\n\n\n\n<p class=\"wp-block-paragraph\">Anchetatorii sus\u021bin c\u0103 \u00een cadrul acesteia ar fi fost discutat un plan prin care persoane cu preg\u0103tire militar\u0103 urmau s\u0103 ajung\u0103 \u00een Bucure\u0219ti, pe fondul manifesta\u021biilor organizate \u00een acea perioad\u0103.<\/p>\n\n\n\n<p class=\"wp-block-paragraph\">Procurorii afirm\u0103 c\u0103 inten\u021bia ar fi fost deturnarea caracterului pa\u0219nic al protestelor \u0219i provocarea unor ac\u021biuni violente. Aceste sus\u021bineri reprezint\u0103 teza acuz\u0103rii \u0219i vor trebui demonstrate \u00een fa\u021ba instan\u021bei.<\/p>\n\n\n\n<h2 class=\"wp-block-heading\">Ce ar fi descoperit autorit\u0103\u021bile \u00een autoturisme<\/h2>\n\n\n\n<p class=\"wp-block-paragraph\">Conform rechizitoriului, Hora\u021biu Potra ar fi coordonat un grup format din 21 de persoane care urma s\u0103 se deplaseze spre Bucure\u0219ti.<\/p>\n\n\n\n<p class=\"wp-block-paragraph\">\u00cen noaptea de 7 spre 8 decembrie 2024, autorit\u0103\u021bile au instituit mai multe filtre, iar autoturismele \u00een care se aflau membrii grupului au fost oprite \u0219i verificate.<\/p>\n\n\n\n<p class=\"wp-block-paragraph\">Procurorii sus\u021bin c\u0103 \u00een vehicule ar fi fost descoperite mai multe obiecte, printre care pistoale, obiecte t\u0103ietoare, spray-uri iritant-lacrimogene, materiale pirotehnice \u0219i alte obiecte considerate periculoase.<\/p>\n\n\n\n<p class=\"wp-block-paragraph\">Aceste elemente fac parte din probatoriul invocat de acuzare, iar relevan\u021ba \u0219i leg\u0103tura lor cu presupusul plan vor fi analizate \u00een cadrul procesului.<\/p>\n\n\n\n<h2 class=\"wp-block-heading\">Ce urmeaz\u0103 dup\u0103 decizia definitiv\u0103<\/h2>\n\n\n\n<p class=\"wp-block-paragraph\">Odat\u0103 \u00eencheiat\u0103 etapa camerei preliminare, dosarul intr\u0103 efectiv \u00een faza judec\u0103\u021bii.<\/p>\n\n\n\n<p class=\"wp-block-paragraph\">Instan\u021ba va analiza acuza\u021biile formulate pentru fiecare inculpat, probele str\u00e2nse \u00een timpul urm\u0103ririi penale, argumentele procurorilor \u0219i ap\u0103r\u0103rile formulate de persoanele trimise \u00een judecat\u0103.<\/p>\n\n\n\n<p class=\"wp-block-paragraph\">Procesul poate presupune audierea inculpa\u021bilor \u0219i a martorilor, examinarea documentelor \u0219i a celorlalte probe, precum \u0219i formularea unor noi cereri de c\u0103tre p\u0103r\u021bi.<\/p>\n\n\n\n<p class=\"wp-block-paragraph\">Abia dup\u0103 parcurgerea acestor etape instan\u021ba se va pronun\u021ba asupra acuza\u021biilor. Hot\u0103r\u00e2rea privind intrarea dosarului \u00een judecat\u0103 nu trebuie, a\u0219adar, confundat\u0103 cu o condamnare.<\/p>\n\n\n\n<h2 class=\"wp-block-heading\">C\u0103lin Georgescu mai este vizat de un alt dosar<\/h2>\n\n\n\n<p class=\"wp-block-paragraph\">Separat de aceast\u0103 cauz\u0103, C\u0103lin Georgescu a fost trimis \u00een judecat\u0103 \u0219i \u00eentr-un alt dosar.<\/p>\n\n\n\n<p class=\"wp-block-paragraph\">\u00cen acea cauz\u0103, acuza\u021biile vizeaz\u0103 promovarea \u00een public a unor idei \u0219i persoane asociate Mi\u0219c\u0103rii Legionare \u0219i promovarea unor persoane condamnate pentru genocid \u0219i crime de r\u0103zboi.<\/p>\n\n\n\n<p class=\"wp-block-paragraph\">\u0218i \u00een acest caz, acuza\u021biile trebuie analizate de instan\u021b\u0103, iar existen\u021ba unui rechizitoriu nu echivaleaz\u0103 cu stabilirea vinov\u0103\u021biei.<\/p>\n\n\n\n<p class=\"wp-block-paragraph\">Decizia definitiv\u0103 a \u00cenaltei Cur\u021bi marcheaz\u0103 \u00eens\u0103 o etap\u0103 procedural\u0103 important\u0103 \u00een dosarul \u00een care C\u0103lin Georgescu, Hora\u021biu Potra \u0219i ceilal\u021bi inculpa\u021bi sunt trimi\u0219i \u00een judecat\u0103: cauza poate trece acum la analiza pe fond, unde instan\u021ba va trebui s\u0103 stabileasc\u0103 dac\u0103 acuza\u021biile formulate de procurori sunt sus\u021binute de probe.<\/p>\n","protected":false},"excerpt":{"rendered":"<p>\u00cenalta Curte de Casa\u021bie \u0219i Justi\u021bie a decis definitiv c\u0103 dosarul \u00een care C\u0103lin Georgescu, Hora\u021biu Potra \u0219i al\u021bi 20 de inculpa\u021bi sunt acuza\u021bi de fapte privind ordinea constitu\u021bional\u0103 poate intra \u00een faza de judecat\u0103. Magistra\u021bii au constatat legalitatea rechizitoriului \u00eentocmit de procurori \u0219i au dispus \u00eenceperea judec\u0103\u021bii pe fond. Astfel, acuza\u021biile formulate de Parchet &#8230; <a title=\"Decizie DEFINITIV\u0102! C\u0103lin Georgescu va fi\u2026 Vezi mai mult\" class=\"read-more\" href=\"https:\/\/stiri-faine.com\/?p=6186\" aria-label=\"Read more about Decizie DEFINITIV\u0102! C\u0103lin Georgescu va fi\u2026 Vezi mai mult\">Read more<\/a><\/p>\n","protected":false},"author":1,"featured_media":0,"comment_status":"open","ping_status":"open","sticky":false,"template":"","format":"standard","meta":{"footnotes":""},"categories":[1],"tags":[],"class_list":["post-6186","post","type-post","status-publish","format-standard","hentry","category-uncategorized"],"_links":{"self":[{"href":"https:\/\/stiri-faine.com\/index.php?rest_route=\/wp\/v2\/posts\/6186","targetHints":{"allow":["GET"]}}],"collection":[{"href":"https:\/\/stiri-faine.com\/index.php?rest_route=\/wp\/v2\/posts"}],"about":[{"href":"https:\/\/stiri-faine.com\/index.php?rest_route=\/wp\/v2\/types\/post"}],"author":[{"embeddable":true,"href":"https:\/\/stiri-faine.com\/index.php?rest_route=\/wp\/v2\/users\/1"}],"replies":[{"embeddable":true,"href":"https:\/\/stiri-faine.com\/index.php?rest_route=%2Fwp%2Fv2%2Fcomments&post=6186"}],"version-history":[{"count":1,"href":"https:\/\/stiri-faine.com\/index.php?rest_route=\/wp\/v2\/posts\/6186\/revisions"}],"predecessor-version":[{"id":6187,"href":"https:\/\/stiri-faine.com\/index.php?rest_route=\/wp\/v2\/posts\/6186\/revisions\/6187"}],"wp:attachment":[{"href":"https:\/\/stiri-faine.com\/index.php?rest_route=%2Fwp%2Fv2%2Fmedia&parent=6186"}],"wp:term":[{"taxonomy":"category","embeddable":true,"href":"https:\/\/stiri-faine.com\/index.php?rest_route=%2Fwp%2Fv2%2Fcategories&post=6186"},{"taxonomy":"post_tag","embeddable":true,"href":"https:\/\/stiri-faine.com\/index.php?rest_route=%2Fwp%2Fv2%2Ftags&post=6186"}],"curies":[{"name":"wp","href":"https:\/\/api.w.org\/{rel}","templated":true}]}}