{"id":6184,"date":"2026-09-04T19:30:03","date_gmt":"2026-09-04T19:30:03","guid":{"rendered":"https:\/\/stiri-faine.com\/?p=6184"},"modified":"2026-09-04T19:30:04","modified_gmt":"2026-09-04T19:30:04","slug":"din-pacate-e-adevarat-doctorita-monica-pop-vezi-mai-mult","status":"publish","type":"post","link":"https:\/\/stiri-faine.com\/?p=6184","title":{"rendered":"Din p\u0103cate, e adev\u0103rat! Doctori\u021ba Monica Pop\u2026 Vezi mai mult"},"content":{"rendered":"\n<p class=\"wp-block-paragraph\">Monica Pop a f\u0103cut noi declara\u021bii despre perioada dificil\u0103 prin care a trecut \u00een ultima vreme. Cunoscutul medic oftalmolog a povestit c\u0103 a ajuns internat\u0103 la Sec\u021bia de Neurologie a Spitalului Elias dup\u0103 ce a suferit un accident vascular cerebral (AVC), iar acum sus\u021bine c\u0103 episodul a avut loc pe fondul unei situa\u021bii tensionate de la locul de munc\u0103.<\/p>\n\n\n\n<p class=\"wp-block-paragraph\">Potrivit relat\u0103rii sale, \u00eenainte de apari\u021bia problemelor de s\u0103n\u0103tate ar fi existat o confruntare verbal\u0103 \u00een spital. Monica Pop afirm\u0103 c\u0103 starea sa s-a deteriorat ulterior, \u00een timp ce se \u00eentorcea de la serviciu spre cas\u0103.<\/p>\n\n\n\n<p class=\"wp-block-paragraph\">Medicul consider\u0103 c\u0103 situa\u021bia ar putea fi analizat\u0103 inclusiv din perspectiva unui accident de munc\u0103, \u00eens\u0103 aceasta reprezint\u0103 pozi\u021bia exprimat\u0103 de ea, iar o astfel de \u00eencadrare poate fi stabilit\u0103 doar prin procedurile legale aplicabile.<\/p>\n\n\n\n<h2 class=\"wp-block-heading\">Monica Pop poveste\u0219te ce s-ar fi \u00eent\u00e2mplat \u00eenainte de AVC<\/h2>\n\n\n\n<p class=\"wp-block-paragraph\">La c\u00e2teva zile dup\u0103 ce a anun\u021bat c\u0103 se afl\u0103 internat\u0103, Monica Pop a revenit \u00een mediul online cu noi detalii.<\/p>\n\n\n\n<p class=\"wp-block-paragraph\">Medicul sus\u021bine c\u0103 totul ar fi \u00eenceput \u00een urma unui conflict verbal petrecut chiar \u00een institu\u021bia \u00een care lucreaz\u0103. Potrivit acesteia, incidentul ar fi avut un impact emo\u021bional puternic, iar ulterior, pe drumul dintre spital \u0219i locuin\u021b\u0103, ar fi suferit AVC-ul.<\/p>\n\n\n\n<p class=\"wp-block-paragraph\">\u201e\u00cen realitate, ceea ce am p\u0103\u021bit eu, am f\u0103cut un AVC \u00een urma unei agresiuni verbale \u00een spital, la locul de munc\u0103, deci a managerului, \u0219i s-a \u00eent\u00e2mplat pe drumul de \u00eentoarcere de la spital spre cas\u0103\u201d, a transmis Monica Pop.<\/p>\n\n\n\n<p class=\"wp-block-paragraph\">Aceasta sus\u021bine c\u0103 episodul prin care a trecut a fost unul extrem de serios \u0219i consider\u0103 c\u0103 via\u021ba i-a fost pus\u0103 \u00een pericol.<\/p>\n\n\n\n<p class=\"wp-block-paragraph\">Trebuie precizat c\u0103 leg\u0103tura medical\u0103 direct\u0103 dintre un anumit episod de stres \u0219i producerea unui AVC nu poate fi stabilit\u0103 doar pe baza unei relat\u0103ri personale, fiind necesar\u0103 evaluarea speciali\u0219tilor.<\/p>\n\n\n\n<h2 class=\"wp-block-heading\">Monica Pop spune c\u0103 nu a primit niciun mesaj de regret<\/h2>\n\n\n\n<p class=\"wp-block-paragraph\">Un alt aspect care a afectat-o, potrivit declara\u021biilor sale, a fost lipsa unei reac\u021bii dup\u0103 internare.<\/p>\n\n\n\n<p class=\"wp-block-paragraph\">Monica Pop afirm\u0103 c\u0103 persoana pe care o indic\u0103 drept implicat\u0103 \u00een conflict \u0219tia c\u0103 se afl\u0103 \u00een spital \u0219i cuno\u0219tea situa\u021bia, dar nu i-ar fi transmis nici m\u0103car un mesaj.<\/p>\n\n\n\n<p class=\"wp-block-paragraph\">\u201eBine\u00een\u021beles, s\u0103 nu crede\u021bi cumva c\u0103 mi-a scris vreun cuv\u00e2nt de regret, m\u0103car c\u0103 \u00eei pare r\u0103u, dar\u2026 nimic, de\u0219i \u0219tia bine unde sunt \u0219i de ce! Inexplicabil!\u201d, a mai spus medicul.<\/p>\n\n\n\n<p class=\"wp-block-paragraph\">Declara\u021biile reprezint\u0103 versiunea Monic\u0103i Pop asupra evenimentelor. \u00cen materialul prezentat nu apare \u0219i pozi\u021bia persoanei vizate de acuza\u021biile sale.<\/p>\n\n\n\n<h2 class=\"wp-block-heading\">De ce spune c\u0103 nu \u0219i-a luat concediu medical<\/h2>\n\n\n\n<p class=\"wp-block-paragraph\">Monica Pop a vorbit \u0219i despre situa\u021bia concediului s\u0103u dup\u0103 problemele de s\u0103n\u0103tate.<\/p>\n\n\n\n<p class=\"wp-block-paragraph\">Potrivit medicului, nu ar fi dorit s\u0103 solicite concediu medical, prefer\u00e2nd s\u0103 foloseasc\u0103 zilele de concediu de odihn\u0103 pe care le mai avea disponibile.<\/p>\n\n\n\n<p class=\"wp-block-paragraph\">Aceasta \u0219i-a explicat decizia prin faptul c\u0103 nu ar fi vrut s\u0103 produc\u0103 un prejudiciu financiar institu\u021biei \u00een care lucreaz\u0103.<\/p>\n\n\n\n<p class=\"wp-block-paragraph\">\u201eCa s\u0103 nu aduc pagube materiale Spitalului, nu am vrut concediu medical pentru c\u0103 mai am destul restant de odihn\u0103, a\u0219a am f\u0103cut \u0219i c\u00e2nd am avut m\u00e2na fracturat\u0103\u201d, a explicat Monica Pop.<\/p>\n\n\n\n<p class=\"wp-block-paragraph\">Medicul sus\u021bine \u00eens\u0103 c\u0103, de-a lungul timpului, s-ar fi confruntat cu diferite obstacole atunci c\u00e2nd a \u00eencercat s\u0103 beneficieze de anumite drepturi.<\/p>\n\n\n\n<p class=\"wp-block-paragraph\">\u201eMi se pun tot felul de obstacole \u0219i nu \u00een\u021beleg de ce! E dreptul meu s\u0103-l pot lua c\u00e2nd am nevoie!\u201d, a ad\u0103ugat aceasta.<\/p>\n\n\n\n<h2 class=\"wp-block-heading\">Un alt repro\u0219 ar fi afectat-o<\/h2>\n\n\n\n<p class=\"wp-block-paragraph\">Monica Pop spune c\u0103 situa\u021bia nu s-ar fi \u00eencheiat odat\u0103 cu internarea. Dup\u0103 ce experien\u021ba sa a devenit public\u0103, medicului i s-ar fi repro\u0219at faptul c\u0103 informa\u021bia a ajuns \u00een pres\u0103 \u0219i a fost discutat\u0103 de mai multe posturi de televiziune.<\/p>\n\n\n\n<p class=\"wp-block-paragraph\">Reac\u021bia a nemul\u021bumit-o profund.<\/p>\n\n\n\n<p class=\"wp-block-paragraph\">\u201eMai mult, mi s-a repro\u0219at c\u0103 \u00ab\u0219i a\u0219a a ap\u0103rut pe toate posturile!!!\u00bb. A\u0219a \u0219i? Trebuia s\u0103 tac?! Probabil! Oribil!\u201d, a transmis Monica Pop.<\/p>\n\n\n\n<p class=\"wp-block-paragraph\">Medicul consider\u0103 c\u0103 avea dreptul s\u0103 vorbeasc\u0103 public despre ceea ce i s-a \u00eent\u00e2mplat \u0219i despre experien\u021bele pe care sus\u021bine c\u0103 le-a avut la locul de munc\u0103.<\/p>\n\n\n\n<h2 class=\"wp-block-heading\">O perioad\u0103 dificil\u0103 pentru Monica Pop<\/h2>\n\n\n\n<p class=\"wp-block-paragraph\">\u00cen prezent, principala preocupare r\u0103m\u00e2ne recuperarea dup\u0103 episodul medical prin care a trecut. Un AVC este o urgen\u021b\u0103 medical\u0103 serioas\u0103, iar evolu\u021bia \u0219i recuperarea difer\u0103 considerabil de la un pacient la altul.<\/p>\n\n\n\n<p class=\"wp-block-paragraph\">Prin mesajele publicate, Monica Pop a ales s\u0103 vorbeasc\u0103 deschis at\u00e2t despre problemele sale de s\u0103n\u0103tate, c\u00e2t \u0219i despre tensiunile profesionale despre care afirm\u0103 c\u0103 au precedat internarea.<\/p>\n\n\n\n<p class=\"wp-block-paragraph\">R\u0103m\u00e2ne de v\u0103zut dac\u0103 situa\u021bia descris\u0103 de medic va conduce \u0219i la demersuri oficiale privind condi\u021biile \u00een care s-a produs episodul medical sau eventuala sa \u00eencadrare drept accident de munc\u0103.<\/p>\n\n\n\n<p class=\"wp-block-paragraph\">P\u00e2n\u0103 atunci, declara\u021biile Monic\u0103i Pop prezint\u0103 perspectiva sa asupra evenimentelor, iar acuza\u021biile referitoare la conflictul de la locul de munc\u0103 nu trebuie tratate drept fapte stabilite \u00een lipsa unei pozi\u021bii din partea celor viza\u021bi sau a unor concluzii oficiale.<\/p>\n","protected":false},"excerpt":{"rendered":"<p>Monica Pop a f\u0103cut noi declara\u021bii despre perioada dificil\u0103 prin care a trecut \u00een ultima vreme. Cunoscutul medic oftalmolog a povestit c\u0103 a ajuns internat\u0103 la Sec\u021bia de Neurologie a Spitalului Elias dup\u0103 ce a suferit un accident vascular cerebral (AVC), iar acum sus\u021bine c\u0103 episodul a avut loc pe fondul unei situa\u021bii tensionate de &#8230; <a title=\"Din p\u0103cate, e adev\u0103rat! Doctori\u021ba Monica Pop\u2026 Vezi mai mult\" class=\"read-more\" href=\"https:\/\/stiri-faine.com\/?p=6184\" aria-label=\"Read more about Din p\u0103cate, e adev\u0103rat! Doctori\u021ba Monica Pop\u2026 Vezi mai mult\">Read more<\/a><\/p>\n","protected":false},"author":1,"featured_media":0,"comment_status":"open","ping_status":"open","sticky":false,"template":"","format":"standard","meta":{"footnotes":""},"categories":[1],"tags":[],"class_list":["post-6184","post","type-post","status-publish","format-standard","hentry","category-uncategorized"],"_links":{"self":[{"href":"https:\/\/stiri-faine.com\/index.php?rest_route=\/wp\/v2\/posts\/6184","targetHints":{"allow":["GET"]}}],"collection":[{"href":"https:\/\/stiri-faine.com\/index.php?rest_route=\/wp\/v2\/posts"}],"about":[{"href":"https:\/\/stiri-faine.com\/index.php?rest_route=\/wp\/v2\/types\/post"}],"author":[{"embeddable":true,"href":"https:\/\/stiri-faine.com\/index.php?rest_route=\/wp\/v2\/users\/1"}],"replies":[{"embeddable":true,"href":"https:\/\/stiri-faine.com\/index.php?rest_route=%2Fwp%2Fv2%2Fcomments&post=6184"}],"version-history":[{"count":1,"href":"https:\/\/stiri-faine.com\/index.php?rest_route=\/wp\/v2\/posts\/6184\/revisions"}],"predecessor-version":[{"id":6185,"href":"https:\/\/stiri-faine.com\/index.php?rest_route=\/wp\/v2\/posts\/6184\/revisions\/6185"}],"wp:attachment":[{"href":"https:\/\/stiri-faine.com\/index.php?rest_route=%2Fwp%2Fv2%2Fmedia&parent=6184"}],"wp:term":[{"taxonomy":"category","embeddable":true,"href":"https:\/\/stiri-faine.com\/index.php?rest_route=%2Fwp%2Fv2%2Fcategories&post=6184"},{"taxonomy":"post_tag","embeddable":true,"href":"https:\/\/stiri-faine.com\/index.php?rest_route=%2Fwp%2Fv2%2Ftags&post=6184"}],"curies":[{"name":"wp","href":"https:\/\/api.w.org\/{rel}","templated":true}]}}