{"id":6182,"date":"2026-09-04T19:29:42","date_gmt":"2026-09-04T19:29:42","guid":{"rendered":"https:\/\/stiri-faine.com\/?p=6182"},"modified":"2026-09-04T19:29:43","modified_gmt":"2026-09-04T19:29:43","slug":"oana-toiu-lovitura-sub-centura-pentru-vladimir-putin-nu-vom-tolera-vezi-mai-mult","status":"publish","type":"post","link":"https:\/\/stiri-faine.com\/?p=6182","title":{"rendered":"Oana \u021aoiu, lovitur\u0103 sub centur\u0103 pentru Vladimir Putin: \u201eNu vom tolera\u2026 Vezi mai mult"},"content":{"rendered":"\n<p class=\"wp-block-paragraph\">Rom\u00e2nia a decis convocarea ambasadorului Federa\u021biei Ruse la Bucure\u0219ti la Ministerul Afacerilor Externe, dup\u0103 ce autorit\u0103\u021bile germane au atribuit Rusiei responsabilitatea pentru un incident cu dron\u0103 care ar fi vizat Aeroportul Leipzig\/Halle.<\/p>\n\n\n\n<p class=\"wp-block-paragraph\">Ministra Afacerilor Externe, Oana \u021aoiu, a transmis c\u0103 Rom\u00e2nia este solidar\u0103 cu Germania \u0219i c\u0103 Bucure\u0219tiul va ac\u021biona \u00eempreun\u0103 cu partenerii europeni \u0219i alia\u021bii NATO \u00een fa\u021ba opera\u021biunilor hibride atribuite Moscovei.<\/p>\n\n\n\n<p class=\"wp-block-paragraph\">Decizia apare \u00eentr-un context tensionat la nivel european, \u00een care mai multe state au reclamat \u00een ultima perioad\u0103 incidente de sabotaj, atacuri cibernetice, interferen\u021be \u0219i campanii de dezinformare pe care le atribuie unor structuri ruse.<\/p>\n\n\n\n<h2 class=\"wp-block-heading\">Ambasadorul Federa\u021biei Ruse, convocat la MAE<\/h2>\n\n\n\n<p class=\"wp-block-paragraph\">Oana \u021aoiu a anun\u021bat c\u0103 ambasadorul rus va fi convocat la sediul Ministerului Afacerilor Externe pentru transmiterea pozi\u021biei oficiale a Rom\u00e2niei.<\/p>\n\n\n\n<p class=\"wp-block-paragraph\">\u0218efa diploma\u021biei rom\u00e2ne a subliniat solidaritatea Bucure\u0219tiului cu autorit\u0103\u021bile germane dup\u0103 prezentarea concluziilor privind incidentul de la Leipzig\/Halle.<\/p>\n\n\n\n<p class=\"wp-block-paragraph\">\u201eAceste ac\u021biuni nu vor r\u0103m\u00e2ne f\u0103r\u0103 r\u0103spuns. Am decis convocarea ambasadorului Rusiei la Bucure\u0219ti la Ministerul Afacerilor Externe al Rom\u00e2niei\u201d, a transmis Oana \u021aoiu.<\/p>\n\n\n\n<p class=\"wp-block-paragraph\">Potrivit acesteia, reac\u021bia nu trebuie s\u0103 fie una izolat\u0103, ci coordonat\u0103 \u00eentre statele europene \u0219i alia\u021bii NATO.<\/p>\n\n\n\n<p class=\"wp-block-paragraph\">\u201eMesajul nostru este clar: nu vom tolera ac\u021biunile hibride ale Rusiei \u0219i vom r\u0103spunde uni\u021bi. Nu va exista impunitate\u201d, a mai afirmat ministra Afacerilor Externe.<\/p>\n\n\n\n<h2 class=\"wp-block-heading\">Ce presupune convocarea unui ambasador<\/h2>\n\n\n\n<p class=\"wp-block-paragraph\">Convocarea ambasadorului reprezint\u0103 un instrument diplomatic oficial prin care autorit\u0103\u021bile unui stat pot solicita explica\u021bii sau pot transmite un protest reprezentantului unei alte \u021b\u0103ri.<\/p>\n\n\n\n<p class=\"wp-block-paragraph\">O asemenea m\u0103sur\u0103 nu \u00eenseamn\u0103 ruperea rela\u021biilor diplomatice \u0219i nici retragerea ambasadorului, dar transmite nemul\u021bumirea oficial\u0103 a statului care ia aceast\u0103 decizie.<\/p>\n\n\n\n<p class=\"wp-block-paragraph\">\u00cen cazul de fa\u021b\u0103, Bucure\u0219tiul urm\u0103re\u0219te s\u0103 transmit\u0103 Moscovei pozi\u021bia sa \u00een leg\u0103tur\u0103 cu acuza\u021biile formulate de Germania.<\/p>\n\n\n\n<p class=\"wp-block-paragraph\">Oana \u021aoiu a insistat asupra ideii c\u0103 politica de descurajare trebuie s\u0103 presupun\u0103 nu doar capacitatea de protec\u021bie a statelor aliate, ci \u0219i posibilitatea impunerii unor consecin\u021be celor considera\u021bi responsabili pentru asemenea opera\u021biuni.<\/p>\n\n\n\n<h2 class=\"wp-block-heading\">Ce s-ar fi \u00eent\u00e2mplat la Aeroportul Leipzig\/Halle<\/h2>\n\n\n\n<p class=\"wp-block-paragraph\">Incidentul care a declan\u0219at reac\u021biile diplomatice s-ar fi produs la Aeroportul Leipzig\/Halle din Germania.<\/p>\n\n\n\n<p class=\"wp-block-paragraph\">Potrivit informa\u021biilor prezentate de autorit\u0103\u021bile germane, la \u00eenceputul lunii august 2026 ar fi fost descoperit\u0103 \u00een perimetrul de securitate al aeroportului o dron\u0103 care con\u021binea material exploziv \u0219i ar fi fost echipat\u0103 cu un mecanism de detonare.<\/p>\n\n\n\n<p class=\"wp-block-paragraph\">Dispozitivul s-ar fi aflat \u00een apropierea unei aeronave de transport Antonov operate de Ucraina.<\/p>\n\n\n\n<p class=\"wp-block-paragraph\">Explozia nu s-ar fi produs, iar anchetatorii germani ar fi stabilit c\u0103 mecanismul nu a func\u021bionat din cauza unei defec\u021biuni tehnice.<\/p>\n\n\n\n<p class=\"wp-block-paragraph\">Incidentul a fost \u00eens\u0103 tratat cu maxim\u0103 seriozitate, av\u00e2nd \u00een vedere locul \u00een care dispozitivul a fost descoperit \u0219i poten\u021bialele consecin\u021be.<\/p>\n\n\n\n<h2 class=\"wp-block-heading\">Germania a indicat responsabilitatea Rusiei<\/h2>\n\n\n\n<p class=\"wp-block-paragraph\">Anchetatorii germani au analizat componentele dispozitivului, provenien\u021ba acestora \u0219i modul \u00een care drona ar fi ajuns \u00een zona aeroportului.<\/p>\n\n\n\n<p class=\"wp-block-paragraph\">\u00cen urma investiga\u021biilor, autorit\u0103\u021bile de la Berlin au atribuit opera\u021biunea unor structuri ale statului rus.<\/p>\n\n\n\n<p class=\"wp-block-paragraph\">Potrivit concluziilor prezentate de partea german\u0103, modul de operare ar avea elemente comune cu alte presupuse ac\u021biuni de sabotaj investigate \u00een Europa.<\/p>\n\n\n\n<p class=\"wp-block-paragraph\">Atribuirea responsabilit\u0103\u021bii reprezint\u0103 pozi\u021bia oficial\u0103 a autorit\u0103\u021bilor germane. Moscova a respins \u00een repetate r\u00e2nduri acuza\u021biile occidentale referitoare la implicarea sa \u00een diferite opera\u021biuni hibride desf\u0103\u0219urate \u00een state europene.<\/p>\n\n\n\n<h2 class=\"wp-block-heading\">Berlinul preg\u0103te\u0219te m\u0103suri diplomatice<\/h2>\n\n\n\n<p class=\"wp-block-paragraph\">Germania a anun\u021bat \u0219i m\u0103suri \u00eempotriva Federa\u021biei Ruse dup\u0103 concluziile investiga\u021biei.<\/p>\n\n\n\n<p class=\"wp-block-paragraph\">Printre deciziile prezentate se num\u0103r\u0103 \u00eenchiderea Consulatului General al Rusiei din Bonn \u0219i \u00eencetarea activit\u0103\u021bii centrului cultural \u201eCasa Rus\u0103\u201d din Berlin.<\/p>\n\n\n\n<p class=\"wp-block-paragraph\">Berlinul urm\u0103re\u0219te, de asemenea, adoptarea unor noi m\u0103suri restrictive la nivelul Uniunii Europene.<\/p>\n\n\n\n<p class=\"wp-block-paragraph\">Ac\u021biunile vin \u00een contextul \u00een care autorit\u0103\u021bile europene acord\u0103 o aten\u021bie tot mai mare a\u0219a-numitelor amenin\u021b\u0103ri hibride.<\/p>\n\n\n\n<p class=\"wp-block-paragraph\">Acestea pot include sabotajul infrastructurii, atacurile cibernetice, campaniile de influen\u021b\u0103 \u0219i dezinformare sau alte opera\u021biuni concepute astfel \u00eenc\u00e2t responsabilitatea s\u0103 fie dificil de stabilit imediat.<\/p>\n\n\n\n<h2 class=\"wp-block-heading\">Rom\u00e2nia anun\u021b\u0103 un r\u0103spuns coordonat<\/h2>\n\n\n\n<p class=\"wp-block-paragraph\">Pozi\u021bia transmis\u0103 de Oana \u021aoiu indic\u0103 faptul c\u0103 Bucure\u0219tiul dore\u0219te ca reac\u021bia la astfel de incidente s\u0103 fie coordonat\u0103 cu partenerii europeni \u0219i euro-atlantici.<\/p>\n\n\n\n<p class=\"wp-block-paragraph\">Rom\u00e2nia sus\u021bine c\u0103 securitatea statelor membre UE \u0219i NATO nu poate fi tratat\u0103 separat atunci c\u00e2nd este vorba despre opera\u021biuni care pot avea implica\u021bii transfrontaliere.<\/p>\n\n\n\n<p class=\"wp-block-paragraph\">Convocarea ambasadorului rus reprezint\u0103, pentru moment, una dintre m\u0103surile diplomatice concrete anun\u021bate de Bucure\u0219ti.<\/p>\n\n\n\n<p class=\"wp-block-paragraph\">R\u0103m\u00e2ne de v\u0103zut ce explica\u021bii va oferi reprezentantul Federa\u021biei Ruse \u0219i dac\u0103, dup\u0103 discu\u021biile de la MAE, Rom\u00e2nia va anun\u021ba m\u0103suri suplimentare.<\/p>\n\n\n\n<p class=\"wp-block-paragraph\">Incidentul investigat \u00een Germania \u0219i reac\u021biile care au urmat adaug\u0103 astfel un nou episod rela\u021biilor deja tensionate dintre Moscova \u0219i mai multe capitale europene, \u00eentr-un moment \u00een care securitatea infrastructurii critice \u0219i combaterea opera\u021biunilor hibride au devenit priorit\u0103\u021bi importante pentru UE \u0219i NATO.<\/p>\n","protected":false},"excerpt":{"rendered":"<p>Rom\u00e2nia a decis convocarea ambasadorului Federa\u021biei Ruse la Bucure\u0219ti la Ministerul Afacerilor Externe, dup\u0103 ce autorit\u0103\u021bile germane au atribuit Rusiei responsabilitatea pentru un incident cu dron\u0103 care ar fi vizat Aeroportul Leipzig\/Halle. Ministra Afacerilor Externe, Oana \u021aoiu, a transmis c\u0103 Rom\u00e2nia este solidar\u0103 cu Germania \u0219i c\u0103 Bucure\u0219tiul va ac\u021biona \u00eempreun\u0103 cu partenerii europeni \u0219i &#8230; <a title=\"Oana \u021aoiu, lovitur\u0103 sub centur\u0103 pentru Vladimir Putin: \u201eNu vom tolera\u2026 Vezi mai mult\" class=\"read-more\" href=\"https:\/\/stiri-faine.com\/?p=6182\" aria-label=\"Read more about Oana \u021aoiu, lovitur\u0103 sub centur\u0103 pentru Vladimir Putin: \u201eNu vom tolera\u2026 Vezi mai mult\">Read more<\/a><\/p>\n","protected":false},"author":1,"featured_media":0,"comment_status":"open","ping_status":"open","sticky":false,"template":"","format":"standard","meta":{"footnotes":""},"categories":[1],"tags":[],"class_list":["post-6182","post","type-post","status-publish","format-standard","hentry","category-uncategorized"],"_links":{"self":[{"href":"https:\/\/stiri-faine.com\/index.php?rest_route=\/wp\/v2\/posts\/6182","targetHints":{"allow":["GET"]}}],"collection":[{"href":"https:\/\/stiri-faine.com\/index.php?rest_route=\/wp\/v2\/posts"}],"about":[{"href":"https:\/\/stiri-faine.com\/index.php?rest_route=\/wp\/v2\/types\/post"}],"author":[{"embeddable":true,"href":"https:\/\/stiri-faine.com\/index.php?rest_route=\/wp\/v2\/users\/1"}],"replies":[{"embeddable":true,"href":"https:\/\/stiri-faine.com\/index.php?rest_route=%2Fwp%2Fv2%2Fcomments&post=6182"}],"version-history":[{"count":1,"href":"https:\/\/stiri-faine.com\/index.php?rest_route=\/wp\/v2\/posts\/6182\/revisions"}],"predecessor-version":[{"id":6183,"href":"https:\/\/stiri-faine.com\/index.php?rest_route=\/wp\/v2\/posts\/6182\/revisions\/6183"}],"wp:attachment":[{"href":"https:\/\/stiri-faine.com\/index.php?rest_route=%2Fwp%2Fv2%2Fmedia&parent=6182"}],"wp:term":[{"taxonomy":"category","embeddable":true,"href":"https:\/\/stiri-faine.com\/index.php?rest_route=%2Fwp%2Fv2%2Fcategories&post=6182"},{"taxonomy":"post_tag","embeddable":true,"href":"https:\/\/stiri-faine.com\/index.php?rest_route=%2Fwp%2Fv2%2Ftags&post=6182"}],"curies":[{"name":"wp","href":"https:\/\/api.w.org\/{rel}","templated":true}]}}