{"id":6180,"date":"2026-09-04T19:27:36","date_gmt":"2026-09-04T19:27:36","guid":{"rendered":"https:\/\/stiri-faine.com\/?p=6180"},"modified":"2026-09-04T19:27:36","modified_gmt":"2026-09-04T19:27:36","slug":"serghei-lavrov-sustine-ca-nato-se-apropie-de-final-declaratii-dure-si-despre-ue","status":"publish","type":"post","link":"https:\/\/stiri-faine.com\/?p=6180","title":{"rendered":"Serghei Lavrov sus\u021bine c\u0103 NATO se apropie de final. Declara\u021bii dure \u0219i despre UE"},"content":{"rendered":"\n<p class=\"wp-block-paragraph\">Ministrul rus de Externe, Serghei Lavrov, a lansat noi critici dure la adresa NATO \u0219i a Uniunii Europene, sus\u021bin\u00e2nd c\u0103 actuala strategie a Alian\u021bei Nord-Atlantice nu poate fi men\u021binut\u0103 pe termen lung. Declara\u021biile au fost f\u0103cute joi, \u00een cadrul Forumului Economic de la Vladivostok.<\/p>\n\n\n\n<p class=\"wp-block-paragraph\">\u0218eful diploma\u021biei ruse afirm\u0103 c\u0103 NATO \u00eencearc\u0103 s\u0103 g\u0103seasc\u0103 permanent noi justific\u0103ri pentru a-\u0219i prelungi existen\u021ba, iar Uniunea European\u0103 s-ar fi \u00eendep\u0103rtat de obiectivele sale ini\u021biale \u0219i ar fi devenit, \u00een opinia sa, un bloc cu o orientare tot mai pronun\u021bat anti-rus\u0103.<\/p>\n\n\n\n<p class=\"wp-block-paragraph\">Lavrov critic\u0103 dur Uniunea European\u0103<br>Serghei Lavrov sus\u021bine c\u0103 Uniunea European\u0103 \u0219i-ar fi pierdut avantajele economice \u0219i politice care au stat la baza construc\u021biei europene \u0219i c\u0103 ar fi ajuns s\u0103 joace un rol de sprijin pentru NATO.<\/p>\n\n\n\n<p class=\"wp-block-paragraph\">\u201eUniunea European\u0103 s-a transformat \u00eentr-un bloc militar anti-rus, deschis agresiv, care serve\u015fte drept sprijin pentru NATO\u201d, a afirmat ministrul rus.<\/p>\n\n\n\n<p class=\"wp-block-paragraph\">Aceste declara\u021bii reprezint\u0103 pozi\u021bia oficialului de la Moscova \u0219i se \u00eenscriu \u00een retorica critic\u0103 folosit\u0103 frecvent de Rusia la adresa institu\u021biilor occidentale de la \u00eenceputul r\u0103zboiului din Ucraina.<\/p>\n\n\n\n<p class=\"wp-block-paragraph\">Lavrov consider\u0103 c\u0103 actuala direc\u021bie a UE nu poate fi men\u021binut\u0103 la nesf\u00e2r\u0219it \u0219i sus\u021bine c\u0103 blocul comunitar risc\u0103 s\u0103 \u00ee\u0219i piard\u0103 obiectivele pentru care a fost creat.<\/p>\n\n\n\n<p class=\"wp-block-paragraph\">\u201eNu cred c\u0103 vor rezista mult timp\u201d<br>Ministrul rus de Externe a criticat \u0219i NATO, despre care spune c\u0103 ar c\u0103uta constant noi motive pentru a-\u0219i justifica rolul.<\/p>\n\n\n\n<p class=\"wp-block-paragraph\">Lavrov a amintit interven\u021bia Alian\u021bei \u00een Afganistan dup\u0103 atentatele din Statele Unite din septembrie 2001 \u0219i a sus\u021binut c\u0103, dup\u0103 \u00eencheierea acelei opera\u021biuni, NATO \u0219i-ar fi \u00eendreptat din nou aten\u021bia c\u0103tre Rusia.<\/p>\n\n\n\n<p class=\"wp-block-paragraph\">\u00cen opinia sa, extinderea intereselor strategice ale Alian\u021bei c\u0103tre Asia \u0219i accentul pus pe China \u0219i Taiwan reprezint\u0103 o nou\u0103 \u00eencercare de justificare a existen\u021bei NATO.<\/p>\n\n\n\n<p class=\"wp-block-paragraph\">\u201eNu cred c\u0103 vor rezista mult timp\u201d, a afirmat Lavrov, sus\u021bin\u00e2nd c\u0103 popula\u021bia statelor membre ar putea ajunge s\u0103 pun\u0103 sub semnul \u00eentreb\u0103rii costurile unei asemenea politici.<\/p>\n\n\n\n<p class=\"wp-block-paragraph\">Lavrov critic\u0103 majorarea cheltuielilor militare<br>Oficialul rus a abordat \u0219i problema cre\u0219terii bugetelor pentru ap\u0103rare \u00een statele membre NATO.<\/p>\n\n\n\n<p class=\"wp-block-paragraph\">El sus\u021bine c\u0103 majorarea considerabil\u0103 a cheltuielilor militare poate avea consecin\u021be directe asupra nivelului de trai al popula\u021biei, deoarece resurse importante sunt redirec\u021bionate c\u0103tre sectorul ap\u0103r\u0103rii.<\/p>\n\n\n\n<p class=\"wp-block-paragraph\">Declara\u021biile lui Serghei Lavrov vin \u00eentr-un moment \u00een care rela\u021biile dintre Rusia \u0219i statele occidentale r\u0103m\u00e2n extrem de tensionate, pe fondul r\u0103zboiului din Ucraina \u0219i al consolid\u0103rii capacit\u0103\u021bilor militare ale NATO \u00een Europa.<\/p>\n\n\n\n<p class=\"wp-block-paragraph\">Afirma\u021biile privind viitorul NATO \u0219i al Uniunii Europene reprezint\u0103 evaluarea ministrului rus \u0219i nu indic\u0103 existen\u021ba unei decizii sau a unui proces oficial privind desfiin\u021barea celor dou\u0103 organiza\u021bii.<\/p>\n","protected":false},"excerpt":{"rendered":"<p>Ministrul rus de Externe, Serghei Lavrov, a lansat noi critici dure la adresa NATO \u0219i a Uniunii Europene, sus\u021bin\u00e2nd c\u0103 actuala strategie a Alian\u021bei Nord-Atlantice nu poate fi men\u021binut\u0103 pe termen lung. Declara\u021biile au fost f\u0103cute joi, \u00een cadrul Forumului Economic de la Vladivostok. \u0218eful diploma\u021biei ruse afirm\u0103 c\u0103 NATO \u00eencearc\u0103 s\u0103 g\u0103seasc\u0103 permanent noi &#8230; <a title=\"Serghei Lavrov sus\u021bine c\u0103 NATO se apropie de final. Declara\u021bii dure \u0219i despre UE\" class=\"read-more\" href=\"https:\/\/stiri-faine.com\/?p=6180\" aria-label=\"Read more about Serghei Lavrov sus\u021bine c\u0103 NATO se apropie de final. Declara\u021bii dure \u0219i despre UE\">Read more<\/a><\/p>\n","protected":false},"author":1,"featured_media":0,"comment_status":"open","ping_status":"open","sticky":false,"template":"","format":"standard","meta":{"footnotes":""},"categories":[1],"tags":[],"class_list":["post-6180","post","type-post","status-publish","format-standard","hentry","category-uncategorized"],"_links":{"self":[{"href":"https:\/\/stiri-faine.com\/index.php?rest_route=\/wp\/v2\/posts\/6180","targetHints":{"allow":["GET"]}}],"collection":[{"href":"https:\/\/stiri-faine.com\/index.php?rest_route=\/wp\/v2\/posts"}],"about":[{"href":"https:\/\/stiri-faine.com\/index.php?rest_route=\/wp\/v2\/types\/post"}],"author":[{"embeddable":true,"href":"https:\/\/stiri-faine.com\/index.php?rest_route=\/wp\/v2\/users\/1"}],"replies":[{"embeddable":true,"href":"https:\/\/stiri-faine.com\/index.php?rest_route=%2Fwp%2Fv2%2Fcomments&post=6180"}],"version-history":[{"count":1,"href":"https:\/\/stiri-faine.com\/index.php?rest_route=\/wp\/v2\/posts\/6180\/revisions"}],"predecessor-version":[{"id":6181,"href":"https:\/\/stiri-faine.com\/index.php?rest_route=\/wp\/v2\/posts\/6180\/revisions\/6181"}],"wp:attachment":[{"href":"https:\/\/stiri-faine.com\/index.php?rest_route=%2Fwp%2Fv2%2Fmedia&parent=6180"}],"wp:term":[{"taxonomy":"category","embeddable":true,"href":"https:\/\/stiri-faine.com\/index.php?rest_route=%2Fwp%2Fv2%2Fcategories&post=6180"},{"taxonomy":"post_tag","embeddable":true,"href":"https:\/\/stiri-faine.com\/index.php?rest_route=%2Fwp%2Fv2%2Ftags&post=6180"}],"curies":[{"name":"wp","href":"https:\/\/api.w.org\/{rel}","templated":true}]}}