{"id":6178,"date":"2026-09-04T19:25:53","date_gmt":"2026-09-04T19:25:53","guid":{"rendered":"https:\/\/stiri-faine.com\/?p=6178"},"modified":"2026-09-04T19:25:53","modified_gmt":"2026-09-04T19:25:53","slug":"demisia-momentului-in-politica-si-a-anuntat-plecarea-printr-un-mesaj-cu-vezi-mai-mult","status":"publish","type":"post","link":"https:\/\/stiri-faine.com\/?p=6178","title":{"rendered":"DEMISIA momentului \u00een politic\u0103! \u0218i-a anun\u021bat plecarea printr-un mesaj cu\u2026 vezi mai mult"},"content":{"rendered":"\n<p class=\"wp-block-paragraph\">Senatorul de Gala\u021bi Gheorghe \u0218tef\u0103nache \u0219i-a anun\u021bat demisia din USR \u0219i a precizat c\u0103 \u00ee\u0219i va continua mandatul \u00een Parlament ca senator independent, f\u0103r\u0103 afiliere la un grup politic. Parlamentarul \u0219i-a explicat decizia \u00eentr-un mesaj amplu, despre care afirm\u0103 c\u0103 a fost redactat cu ajutorul Inteligen\u021bei Artificiale.<\/p>\n\n\n\n<p class=\"wp-block-paragraph\">\u0218tef\u0103nache sus\u021bine c\u0103 plecarea vine dup\u0103 o perioad\u0103 \u00een care diferen\u021bele dintre propriile sale a\u0219tept\u0103ri \u0219i modul de func\u021bionare al organiza\u021biei USR Gala\u021bi ar fi devenit tot mai evidente. Senatorul critic\u0103 \u00een special ceea ce consider\u0103 a fi lipsa de activitate \u0219i de implicare a organiza\u021biei locale.<\/p>\n\n\n\n<p class=\"wp-block-paragraph\">Acesta insist\u0103 c\u0103 nu renun\u021b\u0103 la mandatul primit \u00een urma alegerilor \u0219i c\u0103 inten\u021bioneaz\u0103 s\u0103 continue s\u0103 \u00eei reprezinte pe g\u0103l\u0103\u021beni \u00een Parlament.<\/p>\n\n\n\n<h2 class=\"wp-block-heading\">Gheorghe \u0218tef\u0103nache: \u201eAm demisionat din USR\u201d<\/h2>\n\n\n\n<p class=\"wp-block-paragraph\">Senatorul afirm\u0103 c\u0103 hot\u0103r\u00e2rea nu a fost una simpl\u0103 \u0219i vorbe\u0219te despre leg\u0103turile construite cu oamenii al\u0103turi de care a activat \u00een partid.<\/p>\n\n\n\n<p class=\"wp-block-paragraph\">\u201eAm demisionat din USR. Voi activa o perioad\u0103 ca senator independent, neafiliat vreunui grup politic, continu\u00e2nd s\u0103-i reprezint pe g\u0103l\u0103\u021beni \u00een Parlamentul Rom\u00e2niei, \u00een deplin\u0103 concordan\u021b\u0103 cu jur\u0103m\u00e2ntul depus\u201d, a transmis Gheorghe \u0218tef\u0103nache.<\/p>\n\n\n\n<p class=\"wp-block-paragraph\">Parlamentarul spune c\u0103 exist\u0103 momente \u00een care traseul unui politician ajunge s\u0103 nu mai coincid\u0103 cu direc\u021bia organiza\u021biei din care face parte.<\/p>\n\n\n\n<p class=\"wp-block-paragraph\">\u00cen cazul s\u0103u, ruptura ar fi ap\u0103rut dup\u0103 o perioad\u0103 mai lung\u0103 \u00een care a analizat posibilitatea de a r\u0103m\u00e2ne \u00een partid \u0219i de a \u00eencerca s\u0103 produc\u0103 schimb\u0103ri din interior.<\/p>\n\n\n\n<h2 class=\"wp-block-heading\">Critici dure pentru organiza\u021bia USR Gala\u021bi<\/h2>\n\n\n\n<p class=\"wp-block-paragraph\">O parte important\u0103 a mesajului este dedicat\u0103 filialei din Gala\u021bi. Senatorul face o diferen\u021b\u0103 \u00eentre activitatea conducerii centrale \u0219i ceea ce spune c\u0103 se \u00eent\u00e2mpl\u0103 \u00een organiza\u021bia local\u0103.<\/p>\n\n\n\n<p class=\"wp-block-paragraph\">\u00cen opinia sa, principiile \u0219i valorile promovate la nivel na\u021bional nu ar mai fi suficient de vizibile \u00een activitatea politic\u0103 desf\u0103\u0219urat\u0103 \u00een teritoriu.<\/p>\n\n\n\n<p class=\"wp-block-paragraph\">\u201eChiar dac\u0103 la nivelul central al USR exist\u0103 o preocupare intens\u0103 de p\u0103strare a unor valori \u00abasumate\u00bb, aceasta se dilueaz\u0103 \u00een teritoriu, p\u00e2n\u0103 la estompare, a\u0219a cum este cazul la Gala\u021bi\u201d, afirm\u0103 senatorul.<\/p>\n\n\n\n<p class=\"wp-block-paragraph\">\u0218tef\u0103nache spune c\u0103 poate r\u0103m\u00e2ne ata\u0219at activit\u0103\u021bii parlamentare desf\u0103\u0219urate de fo\u0219tii s\u0103i colegi, dar nu mai poate accepta ceea ce el nume\u0219te \u201einactivitatea\u201d organiza\u021biei locale.<\/p>\n\n\n\n<p class=\"wp-block-paragraph\">Afirma\u021biile reprezint\u0103 perspectiva senatorului asupra situa\u021biei din filial\u0103.<\/p>\n\n\n\n<h2 class=\"wp-block-heading\">Mesaj direct despre viitoarele alegeri locale<\/h2>\n\n\n\n<p class=\"wp-block-paragraph\">Gheorghe \u0218tef\u0103nache abordeaz\u0103 \u0219i problema viitoarelor candidaturi din Gala\u021bi \u0219i transmite c\u0103 organiza\u021bia local\u0103 nu poate conta exclusiv pe notorietatea liderilor na\u021bionali ai partidului.<\/p>\n\n\n\n<p class=\"wp-block-paragraph\">\u00cen acest context, senatorul \u00eei nominalizeaz\u0103 pe Dominic Fritz, Diana Buzoianu, Oana \u021aoiu, Irineu Dar\u0103u \u0219i Radu Miru\u021b\u0103.<\/p>\n\n\n\n<p class=\"wp-block-paragraph\">\u201eCei care poart\u0103 stindardul luptei cu sistemul \u2013 m\u0103 refer aici \u00een principal la Dominic Fritz, nu vor candida niciodat\u0103 la Prim\u0103ria Gala\u021bi. Iar Diana Buzoianu, Oana \u021aoiu, Irineu Dar\u0103u \u0219i Radu Miru\u021b\u0103 nu vor fi prezen\u021bi niciodat\u0103 pe listele pentru Consiliul Local \u0219i Consiliul Jude\u021bean Gala\u021bi\u201d, a transmis acesta.<\/p>\n\n\n\n<p class=\"wp-block-paragraph\">Mesajul s\u0103u este c\u0103 filiala trebuie s\u0103 construiasc\u0103 o echip\u0103 local\u0103 capabil\u0103 s\u0103 intre \u00eentr-o competi\u021bie electoral\u0103 real\u0103.<\/p>\n\n\n\n<p class=\"wp-block-paragraph\">\u201eLa Gala\u021bi, din partea USR Gala\u021bi vor trebui s\u0103 candideze useri\u0219ti g\u0103l\u0103\u021beni, dar nu doar pentru a \u00eenc\u0103rca listele electorale\u201d, a continuat senatorul.<\/p>\n\n\n\n<h2 class=\"wp-block-heading\">Dilema care l-ar fi determinat s\u0103 plece<\/h2>\n\n\n\n<p class=\"wp-block-paragraph\">\u0218tef\u0103nache vorbe\u0219te \u0219i despre perioada \u00een care a oscilat \u00eentre dou\u0103 variante: s\u0103 r\u0103m\u00e2n\u0103 \u00een partid \u0219i s\u0103 \u00eencerce s\u0103 schimbe lucrurile sau s\u0103 demisioneze.<\/p>\n\n\n\n<p class=\"wp-block-paragraph\">Parlamentarul sus\u021bine c\u0103, \u00een cele din urm\u0103, problema integrit\u0103\u021bii personale a devenit decisiv\u0103.<\/p>\n\n\n\n<p class=\"wp-block-paragraph\">\u201eTr\u0103iesc de ceva vreme \u00eentr-o dilem\u0103 \u2013 s\u0103 r\u0103m\u00e2n, sper\u00e2nd c\u0103 voi putea schimba ceva din interior, sau s\u0103 plec, pentru a nu deveni complice la stagnare sau la contaminarea cu ceea ce nu doar declarativ mi-am asumat s\u0103 combat?\u201d, a explicat acesta.<\/p>\n\n\n\n<p class=\"wp-block-paragraph\">Senatorul continu\u0103 cu \u00eentrebarea despre care spune c\u0103 a devenit esen\u021bial\u0103 pentru luarea deciziei:<\/p>\n\n\n\n<p class=\"wp-block-paragraph\">\u201eMai pot s\u0103-mi p\u0103strez integritatea dac\u0103 r\u0103m\u00e2n?\u201d<\/p>\n\n\n\n<p class=\"wp-block-paragraph\">Potrivit lui \u0218tef\u0103nache, \u00een momentul \u00een care r\u0103spunsul la aceast\u0103 \u00eentrebare nu mai este unul clar, desp\u0103r\u021birea de partid devine necesar\u0103.<\/p>\n\n\n\n<h2 class=\"wp-block-heading\">\u201eNu plec din orgoliu\u201d<\/h2>\n\n\n\n<p class=\"wp-block-paragraph\">Senatorul respinge ideea c\u0103 decizia sa ar fi fost determinat\u0103 de un conflict personal sau de orgoliu. Din mesajul s\u0103u reiese c\u0103 dore\u0219te s\u0103 prezinte demisia ca pe o delimitare politic\u0103 \u0219i nu ca pe o retragere din via\u021ba public\u0103.<\/p>\n\n\n\n<p class=\"wp-block-paragraph\">\u0218tef\u0103nache spune c\u0103 inten\u021bioneaz\u0103 s\u0103 \u00ee\u0219i continue activitatea parlamentar\u0103 \u0219i s\u0103 sus\u021bin\u0103 proiectele pe care le consider\u0103 importante pentru Gala\u021bi.<\/p>\n\n\n\n<p class=\"wp-block-paragraph\">Trecerea la statutul de senator independent \u00eei ofer\u0103 posibilitatea de a vota \u0219i de a-\u0219i desf\u0103\u0219ura activitatea parlamentar\u0103 f\u0103r\u0103 obliga\u021bia apartenen\u021bei la grupul USR.<\/p>\n\n\n\n<p class=\"wp-block-paragraph\">Demisia sa reprezint\u0103 \u00eens\u0103 \u0219i o pierdere pentru forma\u021biunea din care a f\u0103cut parte, at\u00e2t la nivel parlamentar, c\u00e2t \u0219i \u00een ceea ce prive\u0219te reprezentarea politic\u0103 din Gala\u021bi.<\/p>\n\n\n\n<h2 class=\"wp-block-heading\">\u0218tef\u0103nache \u00ee\u0219i continu\u0103 mandatul \u00een Parlament<\/h2>\n\n\n\n<p class=\"wp-block-paragraph\">Plecarea din USR nu \u00eenseamn\u0103 \u0219i \u00eencetarea mandatului de senator. Gheorghe \u0218tef\u0103nache a precizat explicit c\u0103 va continua s\u0103 activeze \u00een Parlament, cel pu\u021bin pentru moment, ca independent.<\/p>\n\n\n\n<p class=\"wp-block-paragraph\">R\u0103m\u00e2ne de v\u0103zut dac\u0103 senatorul va p\u0103stra acest statut pe termen lung sau dac\u0103, ulterior, va decide s\u0103 colaboreze cu o alt\u0103 forma\u021biune politic\u0103.<\/p>\n\n\n\n<p class=\"wp-block-paragraph\">De asemenea, demisia sa ar putea deschide o dezbatere \u00een interiorul USR Gala\u021bi privind strategia organiza\u021biei locale \u0219i preg\u0103tirea pentru viitoarele confrunt\u0103ri electorale.<\/p>\n\n\n\n<p class=\"wp-block-paragraph\">Pentru moment, mesajul lui Gheorghe \u0218tef\u0103nache este unul de delimitare: p\u0103r\u0103se\u0219te USR, dar nu \u0219i activitatea politic\u0103, iar mandatul s\u0103u \u00een Senatul Rom\u00e2niei va continua din postura de parlamentar independent.<\/p>\n","protected":false},"excerpt":{"rendered":"<p>Senatorul de Gala\u021bi Gheorghe \u0218tef\u0103nache \u0219i-a anun\u021bat demisia din USR \u0219i a precizat c\u0103 \u00ee\u0219i va continua mandatul \u00een Parlament ca senator independent, f\u0103r\u0103 afiliere la un grup politic. Parlamentarul \u0219i-a explicat decizia \u00eentr-un mesaj amplu, despre care afirm\u0103 c\u0103 a fost redactat cu ajutorul Inteligen\u021bei Artificiale. \u0218tef\u0103nache sus\u021bine c\u0103 plecarea vine dup\u0103 o perioad\u0103 &#8230; <a title=\"DEMISIA momentului \u00een politic\u0103! \u0218i-a anun\u021bat plecarea printr-un mesaj cu\u2026 vezi mai mult\" class=\"read-more\" href=\"https:\/\/stiri-faine.com\/?p=6178\" aria-label=\"Read more about DEMISIA momentului \u00een politic\u0103! \u0218i-a anun\u021bat plecarea printr-un mesaj cu\u2026 vezi mai mult\">Read more<\/a><\/p>\n","protected":false},"author":1,"featured_media":0,"comment_status":"open","ping_status":"open","sticky":false,"template":"","format":"standard","meta":{"footnotes":""},"categories":[1],"tags":[],"class_list":["post-6178","post","type-post","status-publish","format-standard","hentry","category-uncategorized"],"_links":{"self":[{"href":"https:\/\/stiri-faine.com\/index.php?rest_route=\/wp\/v2\/posts\/6178","targetHints":{"allow":["GET"]}}],"collection":[{"href":"https:\/\/stiri-faine.com\/index.php?rest_route=\/wp\/v2\/posts"}],"about":[{"href":"https:\/\/stiri-faine.com\/index.php?rest_route=\/wp\/v2\/types\/post"}],"author":[{"embeddable":true,"href":"https:\/\/stiri-faine.com\/index.php?rest_route=\/wp\/v2\/users\/1"}],"replies":[{"embeddable":true,"href":"https:\/\/stiri-faine.com\/index.php?rest_route=%2Fwp%2Fv2%2Fcomments&post=6178"}],"version-history":[{"count":1,"href":"https:\/\/stiri-faine.com\/index.php?rest_route=\/wp\/v2\/posts\/6178\/revisions"}],"predecessor-version":[{"id":6179,"href":"https:\/\/stiri-faine.com\/index.php?rest_route=\/wp\/v2\/posts\/6178\/revisions\/6179"}],"wp:attachment":[{"href":"https:\/\/stiri-faine.com\/index.php?rest_route=%2Fwp%2Fv2%2Fmedia&parent=6178"}],"wp:term":[{"taxonomy":"category","embeddable":true,"href":"https:\/\/stiri-faine.com\/index.php?rest_route=%2Fwp%2Fv2%2Fcategories&post=6178"},{"taxonomy":"post_tag","embeddable":true,"href":"https:\/\/stiri-faine.com\/index.php?rest_route=%2Fwp%2Fv2%2Ftags&post=6178"}],"curies":[{"name":"wp","href":"https:\/\/api.w.org\/{rel}","templated":true}]}}