{"id":6176,"date":"2026-09-04T19:25:03","date_gmt":"2026-09-04T19:25:03","guid":{"rendered":"https:\/\/stiri-faine.com\/?p=6176"},"modified":"2026-09-04T19:25:03","modified_gmt":"2026-09-04T19:25:03","slug":"marirea-pensiilor-planificata-sa-inceapa-de-la-afla-mai-multe-detalii","status":"publish","type":"post","link":"https:\/\/stiri-faine.com\/?p=6176","title":{"rendered":"MARIREA pensiilor, planificat\u0103 s\u0103 \u00eenceap\u0103 de la\u2026 Afl\u0103 mai multe detalii"},"content":{"rendered":"\n<p class=\"wp-block-paragraph\">Guvernul rom\u00e2n analizeaz\u0103 posibilitatea de a indexa pensiile \u00eencep\u00e2nd cu anul 2027. Detalii despre acest subiect au fost oferite duminic\u0103 de c\u0103tre Alexandru Nazare, ministrul interimar al Finan\u021belor, \u00een timpul unei interven\u021bii la Rom\u00e2nia TV. Potrivit acestuia, de\u0219i indexarea pensiilor se afl\u0103 pe agenda de discu\u021bii, cuantumul exact al acesteia nu poate fi stabilit momentan. Decizia va depinde de impactul Legii salariz\u0103rii recente, dar \u0219i de parametrii viitorului buget de stat.<\/p>\n\n\n\n<p class=\"wp-block-paragraph\">Alexandru Nazare a men\u021bionat c\u0103, \u00een prezent, nu exist\u0103 o surs\u0103 clar\u0103 pentru finan\u021barea index\u0103rii pensiilor. El a precizat c\u0103 analiza impactului financiar al acestei m\u0103suri va fi realizat\u0103 \u00een cadrul preg\u0103tirilor pentru bugetul din 2027.<\/p>\n\n\n\n<p class=\"wp-block-paragraph\">\u201eSunt convins c\u0103, \u00een contextul bugetului pe 2027, toate aceste aspecte trebuie evaluate cu aten\u021bie. Este evident c\u0103 adoptarea Legii salariz\u0103rii va genera cheltuieli suplimentare, dar nu \u0219tim \u00eenc\u0103 care va fi exact cuantumul acestor costuri. O eventual\u0103 indexare va ad\u0103uga \u0219i ea presiune financiar\u0103. R\u0103spunsul la aceste \u00eentreb\u0103ri va veni \u00een momentul \u00een care vom elabora bugetul de stat. Am spus acum aproximativ o lun\u0103 c\u0103 lu\u0103m \u00een considerare o indexare pentru 2027, dar trebuie s\u0103 fim pruden\u021bi \u00een privin\u021ba valorii acesteia. Este esen\u021bial s\u0103 evalu\u0103m impactul real al Legii salariz\u0103rii\u201d, a subliniat ministrul interimar al Finan\u021belor, Alexandru Nazare, la Rom\u00e2nia TV.<\/p>\n\n\n\n<p class=\"wp-block-paragraph\">\u00cen plus, Nazare a discutat \u0219i despre prognozele economice pentru perioada urm\u0103toare. El a afirmat c\u0103 performan\u021ba economic\u0103 din ultimele dou\u0103 trimestre ale anului va fi crucial\u0103 pentru ca Rom\u00e2nia s\u0103 evite o recesiune.<\/p>\n\n\n\n<p class=\"wp-block-paragraph\">\u201eEvolu\u021biile din trimestrul trei \u0219i trimestrul patru sunt vitale pentru a evita recesiunea. \u00cen trimestrul trei, o performan\u021b\u0103 agricol\u0103 mai bun\u0103 ne-ar ajuta. Chiar \u0219i o contrac\u021bie mic\u0103 \u00een acest trimestru ar fi un rezultat pozitiv. \u00cen trimestrul patru, depindem \u00een mare m\u0103sur\u0103 de sectorul construc\u021biilor. Aceasta este zona cheie care a ar\u0103tat o performan\u021b\u0103 foarte bun\u0103 \u00een ultimele trei luni\u201d, a declarat Alexandru Nazare, \u00een exclusivitate la Rom\u00e2nia TV.<\/p>\n","protected":false},"excerpt":{"rendered":"<p>Guvernul rom\u00e2n analizeaz\u0103 posibilitatea de a indexa pensiile \u00eencep\u00e2nd cu anul 2027. Detalii despre acest subiect au fost oferite duminic\u0103 de c\u0103tre Alexandru Nazare, ministrul interimar al Finan\u021belor, \u00een timpul unei interven\u021bii la Rom\u00e2nia TV. Potrivit acestuia, de\u0219i indexarea pensiilor se afl\u0103 pe agenda de discu\u021bii, cuantumul exact al acesteia nu poate fi stabilit momentan. &#8230; <a title=\"MARIREA pensiilor, planificat\u0103 s\u0103 \u00eenceap\u0103 de la\u2026 Afl\u0103 mai multe detalii\" class=\"read-more\" href=\"https:\/\/stiri-faine.com\/?p=6176\" aria-label=\"Read more about MARIREA pensiilor, planificat\u0103 s\u0103 \u00eenceap\u0103 de la\u2026 Afl\u0103 mai multe detalii\">Read more<\/a><\/p>\n","protected":false},"author":1,"featured_media":0,"comment_status":"open","ping_status":"open","sticky":false,"template":"","format":"standard","meta":{"footnotes":""},"categories":[1],"tags":[],"class_list":["post-6176","post","type-post","status-publish","format-standard","hentry","category-uncategorized"],"_links":{"self":[{"href":"https:\/\/stiri-faine.com\/index.php?rest_route=\/wp\/v2\/posts\/6176","targetHints":{"allow":["GET"]}}],"collection":[{"href":"https:\/\/stiri-faine.com\/index.php?rest_route=\/wp\/v2\/posts"}],"about":[{"href":"https:\/\/stiri-faine.com\/index.php?rest_route=\/wp\/v2\/types\/post"}],"author":[{"embeddable":true,"href":"https:\/\/stiri-faine.com\/index.php?rest_route=\/wp\/v2\/users\/1"}],"replies":[{"embeddable":true,"href":"https:\/\/stiri-faine.com\/index.php?rest_route=%2Fwp%2Fv2%2Fcomments&post=6176"}],"version-history":[{"count":1,"href":"https:\/\/stiri-faine.com\/index.php?rest_route=\/wp\/v2\/posts\/6176\/revisions"}],"predecessor-version":[{"id":6177,"href":"https:\/\/stiri-faine.com\/index.php?rest_route=\/wp\/v2\/posts\/6176\/revisions\/6177"}],"wp:attachment":[{"href":"https:\/\/stiri-faine.com\/index.php?rest_route=%2Fwp%2Fv2%2Fmedia&parent=6176"}],"wp:term":[{"taxonomy":"category","embeddable":true,"href":"https:\/\/stiri-faine.com\/index.php?rest_route=%2Fwp%2Fv2%2Fcategories&post=6176"},{"taxonomy":"post_tag","embeddable":true,"href":"https:\/\/stiri-faine.com\/index.php?rest_route=%2Fwp%2Fv2%2Ftags&post=6176"}],"curies":[{"name":"wp","href":"https:\/\/api.w.org\/{rel}","templated":true}]}}