{"id":6174,"date":"2026-09-04T19:24:33","date_gmt":"2026-09-04T19:24:33","guid":{"rendered":"https:\/\/stiri-faine.com\/?p=6174"},"modified":"2026-09-04T19:24:34","modified_gmt":"2026-09-04T19:24:34","slug":"nicusor-dan-a-spus-despre-suspendare-se-va-intam-vezi-mai-mult-2","status":"publish","type":"post","link":"https:\/\/stiri-faine.com\/?p=6174","title":{"rendered":"Nicu\u0219or Dan a spus despre SUSPENDARE: \u201eSe va \u00eent\u00e2m. Vezi mai mult"},"content":{"rendered":"\n<p class=\"wp-block-paragraph\">Nicu\u0219or Dan a vorbit deschis despre alegeri anticipate \u0219i suspendare. Declara\u021biile \u0219efului statului.<\/p>\n\n\n\n<p class=\"wp-block-paragraph\">Pre\u0219edintele Nicu\u0219or Dan a avertizat, \u00eentr-un interviu, c\u0103 Rom\u00e2nia are \u00eenc\u0103 de recuperat \u00een privin\u021ba tehnologiei necesare pentru contracararea dronelor care intr\u0103 \u00een spa\u021biul aerian al \u021b\u0103rii. Acesta a pus \u00eent\u00e2rzierile pe seama procedurilor administrative dificile.<\/p>\n\n\n\n<p class=\"wp-block-paragraph\">Totodat\u0103, \u0219eful statului a vorbit despre dosarele care \u00eei vizeaz\u0103 pe unii reprezentan\u021bi ai institu\u021biilor-cheie, pe care le consider\u0103 o dovad\u0103 a func\u021bion\u0103rii democra\u021biei, \u0219i a sus\u021binut c\u0103, de la \u00eenceputul mandatului s\u0103u, nu au existat cazuri importante de corup\u021bie.<\/p>\n\n\n\n<p class=\"wp-block-paragraph\">\u00cen interviu, Nicu\u0219or Dan a recunoscut c\u0103 desemnarea conducerii SRI \u0219i SIE reprezint\u0103 o provocare comparabil\u0103 cu formarea unei majorit\u0103\u021bi guvernamentale. De asemenea, a exclus scenariul alegerilor anticipate, pe care \u00eel vede ca pe o manifestare de \u201eimaturitate politic\u0103\u201d, \u0219i a respins ferm specula\u021biile privind suspendarea sa din func\u021bie.<\/p>\n\n\n\n<p class=\"wp-block-paragraph\">Reporter:De la r\u0103zboiul cu drone \u0219i rachete v\u0103 \u00eentoarce\u021bi la luptele interne de acas\u0103. Tot \u00eencerca\u021bi s\u0103 ajunge\u021bi la un consens, s\u0103 media\u021bi conflictul. De c\u00e2te ori a\u021bi \u00eencercat s\u0103 \u00eei \u00eemp\u0103ca\u021bi pe Sorin Grindeanu \u0219i Ilie Bolojan?<\/p>\n\n\n\n<p class=\"wp-block-paragraph\">Nicu\u0219or Dan:S\u0103-i \u00eempac propriu-zis, nu, dar s\u0103-i tatonez, ca s\u0103 v\u0103d p\u00e2n\u0103 unde pot s\u0103 mearg\u0103, asta am f\u0103cut-o foarte des. Din p\u0103cate, f\u0103r\u0103 succes p\u00e2n\u0103 la momentul \u0103sta. Am \u00eencercat s\u0103 le explic c\u0103 e o miz\u0103 mai mare dec\u00e2t lupta asta politic\u0103. C\u0103, exact cum spune\u021bi, e o energie totu\u0219i finit\u0103 pe care noi, politicienii, o avem \u0219i e util s\u0103 o folosim \u00een chestii serioase, s\u0103 d\u0103m o direc\u021bie de dezvoltare pentru Rom\u00e2nia, compar\u00e2nd diferite modele de dezvoltare, compar\u00e2nd sectoare ecnomice. Ori noi suntem prin\u0219i \u00eentr-o disput\u0103 care nu are deloc nivelul \u0103sta \u0219i este numai despre cum reu\u0219im s\u0103 ne a\u0219ez\u0103m la mas\u0103. Asta e, cumva, frustrarea mea din ultimele dou\u0103 luni, s\u0103pt\u0103m\u00e2ni, 70 de zile, cum le-a\u021bi num\u0103rat dumneavoastr\u0103, c\u0103 am pierdut to\u021bi o energie care era util\u0103 pentru alte lucruri pentru oameni (.)<\/p>\n\n\n\n<p class=\"wp-block-paragraph\">Ca s\u0103 fim one\u015fti, \u00een acest an \u0219i c\u00e2teva luni nu am avut mari scandaluri de corup\u021bie. Adic\u0103, cumva, partidele politice, a\u0219a cum sunt ele, fiecare a \u00eencercat s\u0103 r\u0103spund\u0103 exigen\u021belor. Nu spun c\u0103 sunt ni\u0219te sfin\u021bi, Doamne fere\u0219te, nu spun c\u0103 nu sunt zone \u00een societate, companii, administra\u0163ii, care sunt protejate politic.<\/p>\n\n\n\n<p class=\"wp-block-paragraph\">Pe de alt\u0103 parte, nu e a\u0219a un dezastru cum pare c\u0103 se sub\u00een\u021belege. Este o societate care este asem\u0103n\u0103toare cu multe alte societ\u0103\u021bi care sunt la acela\u0219i nivel de dezvoltare ca societatea noastr\u0103. \u0218i tocmai de aceea \u00eemi pare r\u0103u c\u0103 aceste conflicte pe mize foarte mici nu-i las\u0103 pe oameni s\u0103 vad\u0103 o imagine mai echilibrat\u0103, de ansamblu, despre societatea noastr\u0103, care are o economie c\u00e2t de c\u00e2t, care, iat\u0103, a trecut ni\u0219te etape \u00een accederea la OCDE, care e un club al economiilor solide.<\/p>\n\n\n\n<p class=\"wp-block-paragraph\">Mi-a\u0219 dori ca imaginea pe care o avem despre noi \u00een\u0219ine, ca societate, s\u0103 fie mai echilibrat\u0103 \u0219i prin raportare la \u021b\u0103rile din jurul nostru, care nu au avut norocul s\u0103 intre acum 20 de ani \u00een Uniunea European\u0103 \u0219i care sunt mult mai pu\u021bin dezvoltate. \u0218i putem vedea asta cu ochiul liber: cum sunt \u0219oselele, spitalele.<\/p>\n\n\n\n<p class=\"wp-block-paragraph\">Nicu\u0219or Dan, despre suspendare: \u201eUn subiect total neserios\u201d<\/p>\n\n\n\n<p class=\"wp-block-paragraph\">Reporter:Se vorbe\u0219te despre alegeri anticipate. Pe cine avantajeaz\u0103? S-a discutat \u0219i despre suspendare. V\u0103 e team\u0103 de suspendare?<\/p>\n\n\n\n<p class=\"wp-block-paragraph\">Nicu\u0219or Dan:Nu, cred c\u0103 e un subiect total neserios. Asta e un semn c\u0103 se vorbe\u0219te despre\u2026 Adic\u0103 faptul c\u0103 o tem\u0103 evident neserioas\u0103, cum este suspendarea, care trebuie s\u0103 fie o sanc\u021biune serioas\u0103 pentru ni\u0219te \u00eenc\u0103lc\u0103ri serioase ale Constitu\u021biei, e luat\u0103 de o parte a popula\u021biei \u00een serios este un semn al ne\u00eencrederii generale fa\u021b\u0103 de clasa politic\u0103. \u00cen felul \u0103sta o percep. Pentru mine, ca persoan\u0103, c\u0103 se va \u00eent\u00e2mpla asta, nu e ceva ce iau \u00een serios.<\/p>\n\n\n\n<p class=\"wp-block-paragraph\">Alegerile anticipate, \u00een schimb, \u00een opinia mea, reprezint\u0103 un semn de imaturitate politic\u0103 \u0219i, din nou, vorbesc \u00een general despre clasa politic\u0103. \u00cen momentul \u00een care, \u00een mod evident, se \u021bin alegeri, c\u00e2teva luni m\u0103re\u0219te incertitudinea pentru rom\u00e2ni \u015fi rezultatul va fi tot cam acela. Din nou, pare c\u0103 e o abordare pentru 5% \u00een plus sau \u00een minus. E imatur\u0103 din partea celor care v\u00e2ntur\u0103 ideea asta.<\/p>\n\n\n\n<p class=\"wp-block-paragraph\">Reporter:Abordare imatur\u0103 sau instrument de \u0219antaj?<\/p>\n\n\n\n<p class=\"wp-block-paragraph\">Nicu\u0219or Dan:A\u0219 zice doar abordare imatur\u0103. \u0218antaj ar \u00eensemna un plan. (\u2026) Asta e modul meu de a func\u021biona \u00een via\u021b\u0103, \u00een politic\u0103: s\u0103 \u00eencerc s\u0103 estimez consecin\u021bele, pasul doi, pasul trei mac\u0103r, ale unei ac\u021biuni. Mi se pare c\u0103 mult\u0103 lume e blocat\u0103 la pasul \u00eent\u00e2i, \u00eentr-o lupt\u0103 foarte emo\u021bional\u0103 pentru ni\u0219te chestiuni. \u00centrebarea e ce facem \u00een pasul doi. Aici pare c\u0103 lumea nu prea avanseaz\u0103.<\/p>\n\n\n\n<p class=\"wp-block-paragraph\">Reporter:S\u0103 spunem c\u0103 sunt bloca\u021bi \u00een orgolii?<\/p>\n\n\n\n<p class=\"wp-block-paragraph\">Nicu\u015for Dan:Exist\u0103 tot timpul mirajul pentru politician, mirajul alegerilor viitoare. Adic\u0103, acum e cum e, dar o s\u0103 vezi la alegerile din 2028, o s\u0103 fie nemaipomenit. Meseria ta este s\u0103 rezolvi problemele oamenilor \u00eentre alegeri. Alegeri, \u00een fine, ne mai critic\u0103m unii pe al\u021bii, vedem ce mai facem. Dar meseria noastr\u0103 este ca, \u00eentre r\u00e2ndurile de alegeri, s\u0103 reu\u0219im s\u0103 ducem \u021bara asta, prin politici sectoriale, \u00eentr-o direc\u021bie corect\u0103.<\/p>\n","protected":false},"excerpt":{"rendered":"<p>Nicu\u0219or Dan a vorbit deschis despre alegeri anticipate \u0219i suspendare. Declara\u021biile \u0219efului statului. Pre\u0219edintele Nicu\u0219or Dan a avertizat, \u00eentr-un interviu, c\u0103 Rom\u00e2nia are \u00eenc\u0103 de recuperat \u00een privin\u021ba tehnologiei necesare pentru contracararea dronelor care intr\u0103 \u00een spa\u021biul aerian al \u021b\u0103rii. Acesta a pus \u00eent\u00e2rzierile pe seama procedurilor administrative dificile. Totodat\u0103, \u0219eful statului a vorbit despre &#8230; <a title=\"Nicu\u0219or Dan a spus despre SUSPENDARE: \u201eSe va \u00eent\u00e2m. Vezi mai mult\" class=\"read-more\" href=\"https:\/\/stiri-faine.com\/?p=6174\" aria-label=\"Read more about Nicu\u0219or Dan a spus despre SUSPENDARE: \u201eSe va \u00eent\u00e2m. Vezi mai mult\">Read more<\/a><\/p>\n","protected":false},"author":1,"featured_media":0,"comment_status":"open","ping_status":"open","sticky":false,"template":"","format":"standard","meta":{"footnotes":""},"categories":[1],"tags":[],"class_list":["post-6174","post","type-post","status-publish","format-standard","hentry","category-uncategorized"],"_links":{"self":[{"href":"https:\/\/stiri-faine.com\/index.php?rest_route=\/wp\/v2\/posts\/6174","targetHints":{"allow":["GET"]}}],"collection":[{"href":"https:\/\/stiri-faine.com\/index.php?rest_route=\/wp\/v2\/posts"}],"about":[{"href":"https:\/\/stiri-faine.com\/index.php?rest_route=\/wp\/v2\/types\/post"}],"author":[{"embeddable":true,"href":"https:\/\/stiri-faine.com\/index.php?rest_route=\/wp\/v2\/users\/1"}],"replies":[{"embeddable":true,"href":"https:\/\/stiri-faine.com\/index.php?rest_route=%2Fwp%2Fv2%2Fcomments&post=6174"}],"version-history":[{"count":1,"href":"https:\/\/stiri-faine.com\/index.php?rest_route=\/wp\/v2\/posts\/6174\/revisions"}],"predecessor-version":[{"id":6175,"href":"https:\/\/stiri-faine.com\/index.php?rest_route=\/wp\/v2\/posts\/6174\/revisions\/6175"}],"wp:attachment":[{"href":"https:\/\/stiri-faine.com\/index.php?rest_route=%2Fwp%2Fv2%2Fmedia&parent=6174"}],"wp:term":[{"taxonomy":"category","embeddable":true,"href":"https:\/\/stiri-faine.com\/index.php?rest_route=%2Fwp%2Fv2%2Fcategories&post=6174"},{"taxonomy":"post_tag","embeddable":true,"href":"https:\/\/stiri-faine.com\/index.php?rest_route=%2Fwp%2Fv2%2Ftags&post=6174"}],"curies":[{"name":"wp","href":"https:\/\/api.w.org\/{rel}","templated":true}]}}