{"id":6172,"date":"2026-09-04T08:23:44","date_gmt":"2026-09-04T08:23:44","guid":{"rendered":"https:\/\/stiri-faine.com\/?p=6172"},"modified":"2026-09-04T08:23:44","modified_gmt":"2026-09-04T08:23:44","slug":"adriana-iliescu-mandra-de-fiica-ei-eliza-cea-mai-batrana-mama-din-romania-si-a-luat-loc-de-veci","status":"publish","type":"post","link":"https:\/\/stiri-faine.com\/?p=6172","title":{"rendered":"Adriana Iliescu, m\u00e2ndr\u0103 de fiica ei, Eliza. Cea mai b\u0103tr\u00e2n\u0103 mam\u0103 din Rom\u00e2nia \u015fi-a luat loc de veci!"},"content":{"rendered":"\n<p class=\"wp-block-paragraph\">Adriana Iliescu, cea mai b\u0103tr\u00e2n\u0103 mam\u0103 din Rom\u00e2nia, a reu\u0219it s\u0103 uimeasc\u0103 \u00eentreaga \u021bar\u0103 \u00een 2005, atunci c\u00e2nd a dat na\u0219tere unei feti\u021be la v\u00e2rsta de 67 de ani.<br>Acum, are 82 de ani ;i se declar\u0103 m\u00e2ndr\u0103 nevoie mare de fiica ei, Eliza.<\/p>\n\n\n\n<p class=\"wp-block-paragraph\">Adriana Iliescu, m\u00e2ndr\u0103 de fiica ei. Eliza Iliescu s-a transformat \u00eentr-o superb\u0103 domni\u0219oar\u0103, este o elev\u0103 de nota zece \u0219i are planuri mari de viitor.<br>Dup\u0103 ce termin\u0103 liceul, t\u00e2n\u0103ra vrea s\u0103 urmeze dou\u0103 facult\u0103\u021bi, iar mai apoi s\u0103 porneasc\u0103 pe urmele mamei sale \u00eentr-o carier\u0103 \u00een \u00eenv\u0103\u021b\u0103m\u00e2nt.<\/p>\n\n\n\n<p class=\"wp-block-paragraph\">Adriana Iliescu, m\u00e2ndr\u0103 de fiica ei, Eliza driana Iliescu \u0219i-a achizi\u021bionat de c\u00e2\u021biva ani \u0219i&nbsp;( descoper\u0103 nout\u0103\u021bile pe&nbsp;<a href=\"https:\/\/oi.ro\/?utm_source=website&amp;utm_medium=recomandare-interna\">oi.ro<\/a>&nbsp;)&nbsp;un loc de veci, un sicriu, \u0219i alte lucruri necesare pentru \u00eenmorm\u00e2ntare \u0219i spune c\u0103 nu este nimic anormal \u00een acest sens.<\/p>\n\n\n\n<p class=\"wp-block-paragraph\">\u201eMi-am cumparat deja sicriul. Este un subiect intim, nu vreau sa discut cu nimeni despre asta. Chiar daca am facut acest lucru, nu este nimic anormal\u201d, a declarat Adriana Iliescu acum ceva timp pentru Cancan.<br>Altfel, Adriana Iliescu a trecut printr-o situa\u0163ie extrem de grea dup\u0103 ce pierdut procesul cu ANAF-ul, pentru c\u0103 nu a avut cu ce s\u0103 pl\u0103teasc\u0103 taxa de timbru.<\/p>\n\n\n\n<p class=\"wp-block-paragraph\">\u00cen luna februarie 2021, Adriana Iliescu a contestat un ordin de executare venit din partea ANAF. Din nefericire pentru ea, judec\u0103torii nu i-au dat c\u00e2\u0219tig de cauz\u0103 \u015fi a pierdut procesul pentru c\u0103 nu a achitat taxa de timbru.<\/p>\n\n\n\n<blockquote class=\"wp-block-quote is-layout-flow wp-block-quote-is-layout-flow\">\n<p class=\"wp-block-paragraph\">&nbsp;\u201eAdmite excep\u0163ia netimbr\u0103rii, invocat\u0103 din oficiu. Anuleaz\u0103, ca netimbrat\u0103, contesta\u0163ia la executare. Cu drept de apel \u00een termen de 10 zile de la comunicare ce se va depune la Judec\u0103toria B\u0103lce\u015fti.<\/p>\n\n\n\n<p class=\"wp-block-paragraph\">Pronun\u0163at\u0103 azi, 08 aprilie 2021, prin punerea solu\u0163iei la dispozi\u0163ia p\u0103r\u0163ilor prin mijlocirea grefei instan\u0163ei, \u00een condi\u021biile legii\u201d, se arat\u0103 \u00een decizia judec\u0103toreasc\u0103.<\/p>\n<\/blockquote>\n","protected":false},"excerpt":{"rendered":"<p>Adriana Iliescu, cea mai b\u0103tr\u00e2n\u0103 mam\u0103 din Rom\u00e2nia, a reu\u0219it s\u0103 uimeasc\u0103 \u00eentreaga \u021bar\u0103 \u00een 2005, atunci c\u00e2nd a dat na\u0219tere unei feti\u021be la v\u00e2rsta de 67 de ani.Acum, are 82 de ani ;i se declar\u0103 m\u00e2ndr\u0103 nevoie mare de fiica ei, Eliza. Adriana Iliescu, m\u00e2ndr\u0103 de fiica ei. Eliza Iliescu s-a transformat \u00eentr-o superb\u0103 &#8230; <a title=\"Adriana Iliescu, m\u00e2ndr\u0103 de fiica ei, Eliza. Cea mai b\u0103tr\u00e2n\u0103 mam\u0103 din Rom\u00e2nia \u015fi-a luat loc de veci!\" class=\"read-more\" href=\"https:\/\/stiri-faine.com\/?p=6172\" aria-label=\"Read more about Adriana Iliescu, m\u00e2ndr\u0103 de fiica ei, Eliza. Cea mai b\u0103tr\u00e2n\u0103 mam\u0103 din Rom\u00e2nia \u015fi-a luat loc de veci!\">Read more<\/a><\/p>\n","protected":false},"author":1,"featured_media":0,"comment_status":"open","ping_status":"open","sticky":false,"template":"","format":"standard","meta":{"footnotes":""},"categories":[1],"tags":[],"class_list":["post-6172","post","type-post","status-publish","format-standard","hentry","category-uncategorized"],"_links":{"self":[{"href":"https:\/\/stiri-faine.com\/index.php?rest_route=\/wp\/v2\/posts\/6172","targetHints":{"allow":["GET"]}}],"collection":[{"href":"https:\/\/stiri-faine.com\/index.php?rest_route=\/wp\/v2\/posts"}],"about":[{"href":"https:\/\/stiri-faine.com\/index.php?rest_route=\/wp\/v2\/types\/post"}],"author":[{"embeddable":true,"href":"https:\/\/stiri-faine.com\/index.php?rest_route=\/wp\/v2\/users\/1"}],"replies":[{"embeddable":true,"href":"https:\/\/stiri-faine.com\/index.php?rest_route=%2Fwp%2Fv2%2Fcomments&post=6172"}],"version-history":[{"count":1,"href":"https:\/\/stiri-faine.com\/index.php?rest_route=\/wp\/v2\/posts\/6172\/revisions"}],"predecessor-version":[{"id":6173,"href":"https:\/\/stiri-faine.com\/index.php?rest_route=\/wp\/v2\/posts\/6172\/revisions\/6173"}],"wp:attachment":[{"href":"https:\/\/stiri-faine.com\/index.php?rest_route=%2Fwp%2Fv2%2Fmedia&parent=6172"}],"wp:term":[{"taxonomy":"category","embeddable":true,"href":"https:\/\/stiri-faine.com\/index.php?rest_route=%2Fwp%2Fv2%2Fcategories&post=6172"},{"taxonomy":"post_tag","embeddable":true,"href":"https:\/\/stiri-faine.com\/index.php?rest_route=%2Fwp%2Fv2%2Ftags&post=6172"}],"curies":[{"name":"wp","href":"https:\/\/api.w.org\/{rel}","templated":true}]}}