{"id":6167,"date":"2026-09-04T08:22:20","date_gmt":"2026-09-04T08:22:20","guid":{"rendered":"https:\/\/stiri-faine.com\/?p=6167"},"modified":"2026-09-04T08:22:21","modified_gmt":"2026-09-04T08:22:21","slug":"se-zguduie-scena-politica-pnl-si-usr-au-vezi-mai-mult","status":"publish","type":"post","link":"https:\/\/stiri-faine.com\/?p=6167","title":{"rendered":"Se ZGUDUIE scena politic\u0103! PNL \u0219i USR au\u2026 Vezi mai mult"},"content":{"rendered":"\n<p class=\"wp-block-paragraph\">Tensiunile din Parlament au crescut dup\u0103 schimb\u0103rile produse \u00een componen\u021ba Biroului Permanent al Camerei Deputa\u021bilor. PNL \u0219i USR acuz\u0103 PSD c\u0103, \u00eempreun\u0103 cu AUR \u0219i S.O.S., a modificat distribuirea unor func\u021bii de conducere \u0219i sus\u021bin c\u0103 doi reprezentan\u021bi ai liberalilor \u0219i ai USR au fost \u00eenlocui\u021bi cu reprezentan\u021bi ai AUR \u0219i S.O.S.<\/p>\n\n\n\n<p class=\"wp-block-paragraph\">\u00cen semn de protest, parlamentarii PNL \u0219i USR au anun\u021bat boicotarea activit\u0103\u021bilor Camerei Deputa\u021bilor. \u00cen acela\u0219i timp, cele dou\u0103 forma\u021biuni inten\u021bioneaz\u0103 s\u0103 conteste la Curtea Constitu\u021bional\u0103 hot\u0103r\u00e2rea referitoare la noua componen\u021b\u0103 a Biroului Permanent.<\/p>\n\n\n\n<h2 class=\"wp-block-heading\">PNL \u0219i USR acuz\u0103 PSD de \u00eenc\u0103lcarea \u00een\u021belegerilor din Parlament<\/h2>\n\n\n\n<p class=\"wp-block-paragraph\">Conflictul a izbucnit \u00een momentul alegerii noului Birou Permanent al Camerei Deputa\u021bilor. Liberalii sus\u021bin c\u0103 PSD ar fi atribuit AUR un post de secretar despre care PNL afirm\u0103 c\u0103 \u00eei revenea \u00een baza negocierilor desf\u0103\u0219urate la \u00eenceputul legislaturii.<\/p>\n\n\n\n<p class=\"wp-block-paragraph\">Reprezentan\u021bii PNL consider\u0103 c\u0103 aceast\u0103 schimbare ar putea indica existen\u021ba unei noi \u00een\u021belegeri parlamentare \u00eentre PSD \u0219i AUR. USR a formulat, la r\u00e2ndul s\u0103u, acuza\u021bii dup\u0103 modificarea structurii de conducere a Camerei Deputa\u021bilor.<\/p>\n\n\n\n<p class=\"wp-block-paragraph\">Potrivit celor dou\u0103 forma\u021biuni, c\u00e2te un reprezentant al PNL \u0219i USR din Biroul Permanent ar fi fost \u00eenlocuit cu reprezentan\u021bi ai AUR \u0219i S.O.S. \u00cen aceste condi\u021bii, PNL \u0219i USR au anun\u021bat c\u0103 vor sesiza Curtea Constitu\u021bional\u0103 \u00een leg\u0103tur\u0103 cu hot\u0103r\u00e2rea adoptat\u0103 de Camera Deputa\u021bilor.<\/p>\n\n\n\n<p class=\"wp-block-paragraph\">Cele dou\u0103 partide sus\u021bin c\u0103 modificarea nu respect\u0103 \u00een\u021belegerile stabilite anterior privind distribuirea func\u021biilor parlamentare.<\/p>\n\n\n\n<h2 class=\"wp-block-heading\">PNL \u0219i USR boicoteaz\u0103 activitatea parlamentar\u0103<\/h2>\n\n\n\n<p class=\"wp-block-paragraph\">Protestul nu se limiteaz\u0103 la declara\u021bii publice. Liderul deputa\u021bilor PNL, Gabriel Andronache, a anun\u021bat c\u0103 parlamentarii liberali \u0219i cei ai USR nu vor participa la mai multe dintre activit\u0103\u021bile programate \u00een Camera Deputa\u021bilor.<\/p>\n\n\n\n<p class=\"wp-block-paragraph\">\u201eVom boicota ast\u0103zi toate activit\u0103\u0163ile parlamentare, cu excep\u0163ia activit\u0103\u0163ilor de la grup, \u00een sensul \u00een care nu vom fi prezen\u0163i \u00een \u015fedin\u0163a Camerei Deputa\u0163ilor, nu vom fi prezen\u0163i la votul final, nu vom fi prezen\u0163i la \u015fedin\u0163ele comisiilor de ast\u0103zi \u015fi nici la \u015fedin\u0163a Biroului Permanent \u015fi, de asemenea, la \u015fedin\u0163a Comitetului Liderilor\u201d, a declarat Gabriel Andronache.<\/p>\n\n\n\n<p class=\"wp-block-paragraph\">Acesta a explicat c\u0103 ac\u021biunea reprezint\u0103 un protest fa\u021b\u0103 de ceea ce PNL \u0219i USR consider\u0103 a fi nerespectarea negocierilor purtate la \u00eenceputul legislaturii.<\/p>\n\n\n\n<p class=\"wp-block-paragraph\">Liberalii contest\u0103 astfel at\u00e2t pierderea func\u021biei din Biroul Permanent, c\u00e2t \u0219i maniera \u00een care s-a ajuns la noua distribu\u021bie a posturilor.<\/p>\n\n\n\n<h2 class=\"wp-block-heading\">Disputa privind o posibil\u0103 nou\u0103 majoritate<\/h2>\n\n\n\n<p class=\"wp-block-paragraph\">Conflictul deschide \u0219i o discu\u021bie mai ampl\u0103 privind raportul de for\u021be din Parlament. PNL sus\u021bine c\u0103 voturile care au dus la schimbarea componen\u021bei Biroului Permanent ar putea reprezenta un indiciu privind apari\u021bia unei alte formule de colaborare parlamentar\u0103.<\/p>\n\n\n\n<p class=\"wp-block-paragraph\">Deocamdat\u0103, \u00eens\u0103, acuza\u021biile privind existen\u021ba unei \u00een\u021belegeri politice sunt formulate de reprezentan\u021bii PNL \u0219i USR, iar evolu\u021biile urm\u0103toare vor ar\u0103ta dac\u0103 votul pentru func\u021biile din Camera Deputa\u021bilor a fost un episod punctual sau dac\u0103 va avea consecin\u021be asupra form\u0103rii unei majorit\u0103\u021bi.<\/p>\n\n\n\n<p class=\"wp-block-paragraph\">Situa\u021bia este cu at\u00e2t mai important\u0103 \u00een contextul negocierilor privind viitorul Guvern \u0219i al \u00eencerc\u0103rilor de identificare a unei formule care s\u0103 ob\u021bin\u0103 sprijinul necesar \u00een Parlament.<\/p>\n\n\n\n<h2 class=\"wp-block-heading\">George Simion transmite c\u0103 AUR nu va sus\u021bine orice formul\u0103 de guvernare<\/h2>\n\n\n\n<p class=\"wp-block-paragraph\">\u00cen mijlocul disputelor, liderul AUR, George Simion, a intervenit cu un mesaj referitor la negocierile pentru viitorul Executiv. Acesta sus\u021bine c\u0103 voturile parlamentarilor AUR nu vor putea fi folosite pentru instalarea unui guvern f\u0103r\u0103 participarea forma\u021biunii sale la guvernare.<\/p>\n\n\n\n<p class=\"wp-block-paragraph\">Simion a criticat totodat\u0103 situa\u021bia politic\u0103 \u0219i l-a acuzat pe pre\u0219edintele Nicu\u0219or Dan c\u0103 prelunge\u0219te perioada de incertitudine privind formarea unui Executiv stabil.<\/p>\n\n\n\n<p class=\"wp-block-paragraph\">\u201eSunt 120 de zile de c\u00e2nd Rom\u00e2nia nu are un guvern stabil, lucru f\u0103r\u0103 precedent. Constitu\u0163ia Rom\u00e2niei prevede modalit\u0103\u0163ile prin care rom\u00e2nii sunt l\u0103sa\u0163i s\u0103 decid\u0103 asupra configura\u0163iei Guvernului, asupra conduc\u0103torilor Rom\u00e2niei. De 120 de zile, Nicu\u015for Dan \u0163ine \u0163ara blocat\u0103\u201d, a declarat George Simion.<\/p>\n\n\n\n<p class=\"wp-block-paragraph\">Liderul AUR a respins \u0219i scenariile potrivit c\u0103rora forma\u021biunea sa ar putea oferi pur \u0219i simplu voturile necesare unui guvern minoritar.<\/p>\n\n\n\n<p class=\"wp-block-paragraph\">Potrivit acestuia, dac\u0103 voturile AUR vor deveni decisive pentru formarea unei majorit\u0103\u021bi, partidul va solicita participarea efectiv\u0103 la guvernare \u0219i nu doar sus\u021binerea parlamentar\u0103 a unei formule construite de alte partide.<\/p>\n\n\n\n<h2 class=\"wp-block-heading\">Urmeaz\u0103 o sesizare la Curtea Constitu\u021bional\u0103<\/h2>\n\n\n\n<p class=\"wp-block-paragraph\">Conflictul se mut\u0103 acum \u0219i \u00een zona constitu\u021bional\u0103. PNL \u0219i USR au anun\u021bat c\u0103 vor contesta hot\u0103r\u00e2rea Camerei Deputa\u021bilor privind noua structur\u0103 a Biroului Permanent.<\/p>\n\n\n\n<p class=\"wp-block-paragraph\">Sesizarea Cur\u021bii Constitu\u021bionale ar urma s\u0103 clarifice dac\u0103 procedura prin care au fost redistribuite func\u021biile a respectat regulile parlamentare \u0219i cadrul constitu\u021bional.<\/p>\n\n\n\n<p class=\"wp-block-paragraph\">P\u00e2n\u0103 la o eventual\u0103 decizie, tensiunile dintre forma\u021biunile parlamentare r\u0103m\u00e2n ridicate. Boicotul anun\u021bat de PNL \u0219i USR, acuza\u021biile privind apropierea dintre PSD \u0219i AUR \u0219i discu\u021biile despre formarea viitorului Guvern transform\u0103 \u00eenceputul noii sesiuni parlamentare \u00eentr-o perioad\u0103 cu o miz\u0103 politic\u0103 important\u0103.<\/p>\n\n\n\n<p class=\"wp-block-paragraph\">\u00cen acela\u0219i timp, voturile din Parlament devin esen\u021biale pentru orice viitoare formul\u0103 de guvernare, iar fiecare modificare a raportului dintre partide poate c\u00e2nt\u0103ri decisiv \u00een negocierile care urmeaz\u0103.<\/p>\n","protected":false},"excerpt":{"rendered":"<p>Tensiunile din Parlament au crescut dup\u0103 schimb\u0103rile produse \u00een componen\u021ba Biroului Permanent al Camerei Deputa\u021bilor. PNL \u0219i USR acuz\u0103 PSD c\u0103, \u00eempreun\u0103 cu AUR \u0219i S.O.S., a modificat distribuirea unor func\u021bii de conducere \u0219i sus\u021bin c\u0103 doi reprezentan\u021bi ai liberalilor \u0219i ai USR au fost \u00eenlocui\u021bi cu reprezentan\u021bi ai AUR \u0219i S.O.S. \u00cen semn de &#8230; <a title=\"Se ZGUDUIE scena politic\u0103! PNL \u0219i USR au\u2026 Vezi mai mult\" class=\"read-more\" href=\"https:\/\/stiri-faine.com\/?p=6167\" aria-label=\"Read more about Se ZGUDUIE scena politic\u0103! PNL \u0219i USR au\u2026 Vezi mai mult\">Read more<\/a><\/p>\n","protected":false},"author":1,"featured_media":0,"comment_status":"open","ping_status":"open","sticky":false,"template":"","format":"standard","meta":{"footnotes":""},"categories":[1],"tags":[],"class_list":["post-6167","post","type-post","status-publish","format-standard","hentry","category-uncategorized"],"_links":{"self":[{"href":"https:\/\/stiri-faine.com\/index.php?rest_route=\/wp\/v2\/posts\/6167","targetHints":{"allow":["GET"]}}],"collection":[{"href":"https:\/\/stiri-faine.com\/index.php?rest_route=\/wp\/v2\/posts"}],"about":[{"href":"https:\/\/stiri-faine.com\/index.php?rest_route=\/wp\/v2\/types\/post"}],"author":[{"embeddable":true,"href":"https:\/\/stiri-faine.com\/index.php?rest_route=\/wp\/v2\/users\/1"}],"replies":[{"embeddable":true,"href":"https:\/\/stiri-faine.com\/index.php?rest_route=%2Fwp%2Fv2%2Fcomments&post=6167"}],"version-history":[{"count":1,"href":"https:\/\/stiri-faine.com\/index.php?rest_route=\/wp\/v2\/posts\/6167\/revisions"}],"predecessor-version":[{"id":6168,"href":"https:\/\/stiri-faine.com\/index.php?rest_route=\/wp\/v2\/posts\/6167\/revisions\/6168"}],"wp:attachment":[{"href":"https:\/\/stiri-faine.com\/index.php?rest_route=%2Fwp%2Fv2%2Fmedia&parent=6167"}],"wp:term":[{"taxonomy":"category","embeddable":true,"href":"https:\/\/stiri-faine.com\/index.php?rest_route=%2Fwp%2Fv2%2Fcategories&post=6167"},{"taxonomy":"post_tag","embeddable":true,"href":"https:\/\/stiri-faine.com\/index.php?rest_route=%2Fwp%2Fv2%2Ftags&post=6167"}],"curies":[{"name":"wp","href":"https:\/\/api.w.org\/{rel}","templated":true}]}}