{"id":6163,"date":"2026-09-04T08:21:40","date_gmt":"2026-09-04T08:21:40","guid":{"rendered":"https:\/\/stiri-faine.com\/?p=6163"},"modified":"2026-09-04T08:21:40","modified_gmt":"2026-09-04T08:21:40","slug":"clotilde-armand-reactioneaza-vehement-dupa-sentinta-de-un-an-de-inchisoare-si-anunta","status":"publish","type":"post","link":"https:\/\/stiri-faine.com\/?p=6163","title":{"rendered":"Clotilde Armand reac\u021bioneaz\u0103 vehement dup\u0103 sentin\u021ba de un an de \u00eenchisoare \u0219i ANUN\u021a\u0102\u2026"},"content":{"rendered":"\n<p class=\"wp-block-paragraph\">Clotilde Armand a reac\u021bionat vehement dup\u0103 decizia Judec\u0103toriei Sectorului 1, care a condamnat-o la un an de \u00eenchisoare cu am\u00e2narea aplic\u0103rii pedepsei. Fostul primar sus\u021bine c\u0103 dosarul \u00een care a fost judecat\u0103 reprezint\u0103 o \u201eexecu\u021bie politic\u0103\u201d \u0219i anun\u021b\u0103 c\u0103 va continua demersurile at\u00e2t \u00een instan\u021b\u0103, c\u00e2t \u0219i \u00een fa\u021ba altor institu\u021bii.<\/p>\n\n\n\n<p class=\"wp-block-paragraph\">\u00centr-un mesaj publicat pe re\u021belele sociale, Armand afirm\u0103 c\u0103 nu ar fi ob\u021binut ilegal bani din proiectele Prim\u0103riei Sectorului 1 \u0219i c\u0103 sumele \u00eencasate ar fi reprezentat plata pentru activitatea desf\u0103\u0219urat\u0103 \u00eentr-un proiect european.<\/p>\n\n\n\n<p class=\"wp-block-paragraph\">Clotilde Armand contest\u0103 acuza\u021biile<br>Fostul edil sus\u021bine c\u0103 procedura prin care a fost desemnat\u0103 manager de proiect ar fi trecut prin circuitul juridic al administra\u021biei locale \u0219i c\u0103, ini\u021bial, legalitatea acesteia nu ar fi fost contestat\u0103.<\/p>\n\n\n\n<p class=\"wp-block-paragraph\">Potrivit versiunii prezentate de Clotilde Armand, situa\u021bia s-ar fi schimbat ulterior, dup\u0103 numirea lui Toni Grebl\u0103 \u00een func\u021bia de prefect.<\/p>\n\n\n\n<p class=\"wp-block-paragraph\">Aceasta ridic\u0103 semne de \u00eentrebare \u0219i \u00een leg\u0103tur\u0103 cu ancheta penal\u0103, afirm\u00e2nd c\u0103 \u00een dosar s-ar fi succedat mai mul\u021bi procurori. Armand spune c\u0103 a solicitat explica\u021bii privind aceste schimb\u0103ri, \u00eens\u0103 nu ar fi primit r\u0103spunsuri satisf\u0103c\u0103toare.<\/p>\n\n\n\n<p class=\"wp-block-paragraph\">\u00cen acela\u0219i timp, fosta prim\u0103ri\u021b\u0103 atrage aten\u021bia c\u0103 sentin\u021ba pronun\u021bat\u0103 de Judec\u0103toria Sectorului 1 nu este definitiv\u0103 \u0219i c\u0103 urmeaz\u0103 calea apelului.<\/p>\n\n\n\n<p class=\"wp-block-paragraph\">Anun\u021b\u0103 o sesizare la ANI privind Lia Savonea<br>\u00cen mesajul s\u0103u, Clotilde Armand anun\u021b\u0103 \u0219i inten\u021bia de a sesiza Agen\u021bia Na\u021bional\u0103 de Integritate \u00een leg\u0103tur\u0103 cu Lia Savonea, pre\u0219edinta \u00cenaltei Cur\u021bi de Casa\u021bie \u0219i Justi\u021bie.<\/p>\n\n\n\n<p class=\"wp-block-paragraph\">Armand sus\u021bine c\u0103 ANI ar trebui s\u0103 verifice anumite aspecte privind averea \u0219i tranzac\u021biile financiare ale familiei Savonea.<\/p>\n\n\n\n<p class=\"wp-block-paragraph\">Este important de precizat c\u0103 aceste afirma\u021bii reprezint\u0103 pozi\u021bia exprimat\u0103 public de Clotilde Armand \u0219i nu echivaleaz\u0103 cu existen\u021ba unor constat\u0103ri oficiale din partea ANI sau a unei instan\u021be.<\/p>\n\n\n\n<p class=\"wp-block-paragraph\">Fostul edil aminte\u0219te \u0219i de disputa sa anterioar\u0103 cu Toni Grebl\u0103, despre care spune c\u0103 a f\u0103cut obiectul unei sesiz\u0103ri depuse de ea la Agen\u021bia Na\u021bional\u0103 de Integritate.<\/p>\n\n\n\n<p class=\"wp-block-paragraph\">Ce a decis Judec\u0103toria Sectorului 1<br>Instan\u021ba a pronun\u021bat pe 31 august o sentin\u021b\u0103 prin care Clotilde Armand a primit un an de \u00eenchisoare cu am\u00e2narea aplic\u0103rii pedepsei, \u00eentr-un dosar referitor la plata unor drepturi salariale aferente unui proiect european.<\/p>\n\n\n\n<p class=\"wp-block-paragraph\">Judec\u0103torii au stabilit \u0219i un termen de supraveghere de doi ani \u0219i au dispus confiscarea sumei de 18.720 de lei.<\/p>\n\n\n\n<p class=\"wp-block-paragraph\">Hot\u0103r\u00e2rea nu este definitiv\u0103 \u0219i poate fi contestat\u0103 prin apel.<\/p>\n\n\n\n<p class=\"wp-block-paragraph\">Clotilde Armand afirm\u0103 c\u0103 va continua s\u0103 \u00ee\u0219i sus\u021bin\u0103 nevinov\u0103\u021bia \u0219i c\u0103 va folosi toate c\u0103ile legale disponibile pentru a contesta sentin\u021ba \u0219i pentru a clarifica circumstan\u021bele \u00een care a fost instrumentat dosarul.<\/p>\n","protected":false},"excerpt":{"rendered":"<p>Clotilde Armand a reac\u021bionat vehement dup\u0103 decizia Judec\u0103toriei Sectorului 1, care a condamnat-o la un an de \u00eenchisoare cu am\u00e2narea aplic\u0103rii pedepsei. Fostul primar sus\u021bine c\u0103 dosarul \u00een care a fost judecat\u0103 reprezint\u0103 o \u201eexecu\u021bie politic\u0103\u201d \u0219i anun\u021b\u0103 c\u0103 va continua demersurile at\u00e2t \u00een instan\u021b\u0103, c\u00e2t \u0219i \u00een fa\u021ba altor institu\u021bii. \u00centr-un mesaj publicat pe &#8230; <a title=\"Clotilde Armand reac\u021bioneaz\u0103 vehement dup\u0103 sentin\u021ba de un an de \u00eenchisoare \u0219i ANUN\u021a\u0102\u2026\" class=\"read-more\" href=\"https:\/\/stiri-faine.com\/?p=6163\" aria-label=\"Read more about Clotilde Armand reac\u021bioneaz\u0103 vehement dup\u0103 sentin\u021ba de un an de \u00eenchisoare \u0219i ANUN\u021a\u0102\u2026\">Read more<\/a><\/p>\n","protected":false},"author":1,"featured_media":0,"comment_status":"open","ping_status":"open","sticky":false,"template":"","format":"standard","meta":{"footnotes":""},"categories":[1],"tags":[],"class_list":["post-6163","post","type-post","status-publish","format-standard","hentry","category-uncategorized"],"_links":{"self":[{"href":"https:\/\/stiri-faine.com\/index.php?rest_route=\/wp\/v2\/posts\/6163","targetHints":{"allow":["GET"]}}],"collection":[{"href":"https:\/\/stiri-faine.com\/index.php?rest_route=\/wp\/v2\/posts"}],"about":[{"href":"https:\/\/stiri-faine.com\/index.php?rest_route=\/wp\/v2\/types\/post"}],"author":[{"embeddable":true,"href":"https:\/\/stiri-faine.com\/index.php?rest_route=\/wp\/v2\/users\/1"}],"replies":[{"embeddable":true,"href":"https:\/\/stiri-faine.com\/index.php?rest_route=%2Fwp%2Fv2%2Fcomments&post=6163"}],"version-history":[{"count":1,"href":"https:\/\/stiri-faine.com\/index.php?rest_route=\/wp\/v2\/posts\/6163\/revisions"}],"predecessor-version":[{"id":6164,"href":"https:\/\/stiri-faine.com\/index.php?rest_route=\/wp\/v2\/posts\/6163\/revisions\/6164"}],"wp:attachment":[{"href":"https:\/\/stiri-faine.com\/index.php?rest_route=%2Fwp%2Fv2%2Fmedia&parent=6163"}],"wp:term":[{"taxonomy":"category","embeddable":true,"href":"https:\/\/stiri-faine.com\/index.php?rest_route=%2Fwp%2Fv2%2Fcategories&post=6163"},{"taxonomy":"post_tag","embeddable":true,"href":"https:\/\/stiri-faine.com\/index.php?rest_route=%2Fwp%2Fv2%2Ftags&post=6163"}],"curies":[{"name":"wp","href":"https:\/\/api.w.org\/{rel}","templated":true}]}}