{"id":6157,"date":"2026-09-04T07:39:53","date_gmt":"2026-09-04T07:39:53","guid":{"rendered":"https:\/\/stiri-faine.com\/?p=6157"},"modified":"2026-09-04T07:39:54","modified_gmt":"2026-09-04T07:39:54","slug":"politistii-au-oprit-o-femeie-de-71-de-ani-care-conducea-o-masina-de-lux-actele-erau-perfect-in-regula-dar-unul-dintre-agenti-pur-si-simplu-nu-putea-crede-ca-masina-ii-apartine-cateva-minute-mai-tar","status":"publish","type":"post","link":"https:\/\/stiri-faine.com\/?p=6157","title":{"rendered":"Poli\u021bi\u0219tii au oprit o femeie de 71 de ani care conducea o ma\u0219in\u0103 de lux. Actele erau perfect \u00een regul\u0103, dar unul dintre agen\u021bi pur \u0219i simplu nu putea crede c\u0103 ma\u0219ina \u00eei apar\u021bine. C\u00e2teva minute mai t\u00e2rziu, femeia era \u00eenc\u0103tu\u0219at\u0103 l\u00e2ng\u0103 portier\u0103. Apoi dispecerul a auzit numele ei \u0219i a pus o singur\u0103 \u00eentrebare: \u201cA\u021bi f\u0103cut CE?\u201d"},"content":{"rendered":"\n<p class=\"wp-block-paragraph\">Partea a 2-a \u2013 Continuarea pove\u0219tii \ud83d\udc49<br>\u2014 Pentru c\u0103 tocmai ai \u00eenc\u0103tu\u0219at-o pe femeia care este a\u0219teptat\u0103 la sediul inspectoratului la ora 14:00!<\/p>\n\n\n\n<p class=\"wp-block-paragraph\">Radu a r\u0103mas cu sta\u021bia \u00een m\u00e2n\u0103.<\/p>\n\n\n\n<p class=\"wp-block-paragraph\">S-a uitat la Elena, apoi la Marius.<\/p>\n\n\n\n<p class=\"wp-block-paragraph\">\u2014 Pentru ce este a\u0219teptat\u0103?<\/p>\n\n\n\n<p class=\"wp-block-paragraph\">\u2014 Scoate-i c\u0103tu\u0219ele mai \u00eent\u00e2i!<\/p>\n\n\n\n<p class=\"wp-block-paragraph\">Marius s-a apropiat imediat.<\/p>\n\n\n\n<p class=\"wp-block-paragraph\">\u2014 Doamn\u0103 Marinescu, v\u0103 rog\u2026<\/p>\n\n\n\n<p class=\"wp-block-paragraph\">\u2014 Nu dumneavoastr\u0103 mi le-a\u021bi pus, a spus Elena calm.<\/p>\n\n\n\n<p class=\"wp-block-paragraph\">Radu \u0219i-a scos cheia.<\/p>\n\n\n\n<p class=\"wp-block-paragraph\">Cu c\u00e2teva minute \u00eenainte o privea de parc\u0103 trebuia s\u0103 demonstreze c\u0103 ma\u0219ina era a ei. Acum abia reu\u0219ea s\u0103-i \u00eent\u00e2lneasc\u0103 privirea.<\/p>\n\n\n\n<p class=\"wp-block-paragraph\">I-a desf\u0103cut c\u0103tu\u0219ele.<\/p>\n\n\n\n<p class=\"wp-block-paragraph\">Elena \u0219i-a frecat u\u0219or \u00eencheieturile.<\/p>\n\n\n\n<p class=\"wp-block-paragraph\">\u2014 \u00cemi pare r\u0103u, a murmurat Marius.<\/p>\n\n\n\n<p class=\"wp-block-paragraph\">\u2014 Dumneavoastr\u0103 a\u021bi \u00eencercat s\u0103-l opri\u021bi.<\/p>\n\n\n\n<p class=\"wp-block-paragraph\">Radu ridic\u0103 privirea.<\/p>\n\n\n\n<p class=\"wp-block-paragraph\">\u2014 Doamn\u0103, a fost o ne\u00een\u021belegere.<\/p>\n\n\n\n<p class=\"wp-block-paragraph\">Elena se uit\u0103 la el.<\/p>\n\n\n\n<p class=\"wp-block-paragraph\">\u2014 Care parte?<\/p>\n\n\n\n<p class=\"wp-block-paragraph\">\u2014 Am avut suspiciuni.<\/p>\n\n\n\n<p class=\"wp-block-paragraph\">\u2014 Despre ce?<\/p>\n\n\n\n<p class=\"wp-block-paragraph\">Radu t\u0103cu.<\/p>\n\n\n\n<p class=\"wp-block-paragraph\">\u2014 Permisul meu era valabil?<\/p>\n\n\n\n<p class=\"wp-block-paragraph\">\u2014 Da.<\/p>\n\n\n\n<p class=\"wp-block-paragraph\">\u2014 Ma\u0219ina era \u00eenregistrat\u0103 pe numele meu?<\/p>\n\n\n\n<p class=\"wp-block-paragraph\">\u2014 Da.<\/p>\n\n\n\n<p class=\"wp-block-paragraph\">\u2014 Figura ca furat\u0103?<\/p>\n\n\n\n<p class=\"wp-block-paragraph\">\u2014 Nu.<\/p>\n\n\n\n<p class=\"wp-block-paragraph\">\u2014 Atunci ce anume v-a f\u0103cut s\u0103 m\u0103 suspecta\u021bi?<\/p>\n\n\n\n<p class=\"wp-block-paragraph\">Radu nu mai avea r\u0103spuns.<\/p>\n\n\n\n<p class=\"wp-block-paragraph\">Elena privi Mercedesul.<\/p>\n\n\n\n<p class=\"wp-block-paragraph\">\u2014 Ma\u0219ina?<\/p>\n\n\n\n<p class=\"wp-block-paragraph\">Nici de data aceasta nu r\u0103spunse.<\/p>\n\n\n\n<p class=\"wp-block-paragraph\">\u2014 Sau faptul c\u0103 femeia de la volan nu ar\u0103ta a\u0219a cum credea\u021bi dumneavoastr\u0103 c\u0103 trebuie s\u0103 arate proprietara ei?<\/p>\n\n\n\n<p class=\"wp-block-paragraph\">\u00cen acel moment, sta\u021bia se auzi din nou.<\/p>\n\n\n\n<p class=\"wp-block-paragraph\">Superiorul lor era \u00een drum spre locul unde fuseser\u0103 opri\u021bi.<\/p>\n\n\n\n<p class=\"wp-block-paragraph\">Elena se uit\u0103 la ceas.<\/p>\n\n\n\n<p class=\"wp-block-paragraph\">\u2014 O s\u0103 \u00eent\u00e2rzii la \u00eent\u00e2lnire.<\/p>\n\n\n\n<p class=\"wp-block-paragraph\">Radu p\u0103rea din ce \u00een ce mai nelini\u0219tit.<\/p>\n\n\n\n<p class=\"wp-block-paragraph\">\u2014 Doamn\u0103 Marinescu, poate ar fi mai bine s\u0103\u2026<\/p>\n\n\n\n<p class=\"wp-block-paragraph\">\u2014 S\u0103 ce? S\u0103 uit?<\/p>\n\n\n\n<p class=\"wp-block-paragraph\">Dup\u0103 aproximativ cincisprezece minute, o alt\u0103 ma\u0219in\u0103 opri \u00een spatele autospecialei.<\/p>\n\n\n\n<p class=\"wp-block-paragraph\">Din ea cobor\u00ee comisarul-\u0219ef Sorin Pavel.<\/p>\n\n\n\n<p class=\"wp-block-paragraph\">Se \u00eendrept\u0103 direct spre Elena.<\/p>\n\n\n\n<p class=\"wp-block-paragraph\">\u2014 Doamn\u0103 Marinescu, \u00eemi pare foarte r\u0103u.<\/p>\n\n\n\n<p class=\"wp-block-paragraph\">\u2014 Bun\u0103 ziua, domnule Pavel.<\/p>\n\n\n\n<p class=\"wp-block-paragraph\">Radu \u0219i Marius se privir\u0103.<\/p>\n\n\n\n<p class=\"wp-block-paragraph\">Superiorul lor o cuno\u0219tea.<\/p>\n\n\n\n<p class=\"wp-block-paragraph\">\u2014 Sunte\u021bi bine?<\/p>\n\n\n\n<p class=\"wp-block-paragraph\">\u2014 Sunt bine.<\/p>\n\n\n\n<p class=\"wp-block-paragraph\">\u2014 Mi s-a spus c\u0103 a\u021bi fost \u00eenc\u0103tu\u0219at\u0103.<\/p>\n\n\n\n<p class=\"wp-block-paragraph\">\u2014 Da.<\/p>\n\n\n\n<p class=\"wp-block-paragraph\">Sorin se \u00eentoarse spre cei doi agen\u021bi.<\/p>\n\n\n\n<p class=\"wp-block-paragraph\">\u2014 Care a fost motivul opririi?<\/p>\n\n\n\n<p class=\"wp-block-paragraph\">Radu \u00eencepu:<\/p>\n\n\n\n<p class=\"wp-block-paragraph\">\u2014 Autoturismul ne-a atras aten\u021bia \u0219i\u2026<\/p>\n\n\n\n<p class=\"wp-block-paragraph\">\u2014 Ce abatere a\u021bi constatat?<\/p>\n\n\n\n<p class=\"wp-block-paragraph\">T\u0103cere.<\/p>\n\n\n\n<p class=\"wp-block-paragraph\">\u2014 Vitez\u0103?<\/p>\n\n\n\n<p class=\"wp-block-paragraph\">\u2014 Nu.<\/p>\n\n\n\n<p class=\"wp-block-paragraph\">\u2014 Dep\u0103\u0219ire neregulamentar\u0103?<\/p>\n\n\n\n<p class=\"wp-block-paragraph\">\u2014 Nu.<\/p>\n\n\n\n<p class=\"wp-block-paragraph\">\u2014 Conducere periculoas\u0103?<\/p>\n\n\n\n<p class=\"wp-block-paragraph\">\u2014 Nu.<\/p>\n\n\n\n<p class=\"wp-block-paragraph\">Sorin \u00eel privi lung.<\/p>\n\n\n\n<p class=\"wp-block-paragraph\">\u2014 Atunci de ce a\u021bi oprit-o?<\/p>\n\n\n\n<p class=\"wp-block-paragraph\">Radu nu r\u0103spunse.<\/p>\n\n\n\n<p class=\"wp-block-paragraph\">Elena interveni:<\/p>\n\n\n\n<p class=\"wp-block-paragraph\">\u2014 Pentru c\u0103 nu le-a venit s\u0103 cread\u0103 c\u0103 ma\u0219ina este a mea.<\/p>\n\n\n\n<p class=\"wp-block-paragraph\">Comisarul-\u0219ef \u00eenchise pentru o clip\u0103 ochii.<\/p>\n\n\n\n<p class=\"wp-block-paragraph\">\u2014 Vom verifica exact ce s-a \u00eent\u00e2mplat.<\/p>\n\n\n\n<p class=\"wp-block-paragraph\">\u2014 Asta vreau \u0219i eu.<\/p>\n\n\n\n<p class=\"wp-block-paragraph\">Radu p\u0103rea c\u0103 nu mai rezist\u0103.<\/p>\n\n\n\n<p class=\"wp-block-paragraph\">\u2014 Domnule comisar-\u0219ef, cine este doamna?<\/p>\n\n\n\n<p class=\"wp-block-paragraph\">Elena se \u00eentoarse spre el.<\/p>\n\n\n\n<p class=\"wp-block-paragraph\">\u00centrebarea aceea spunea aproape tot.<\/p>\n\n\n\n<p class=\"wp-block-paragraph\">Sorin r\u0103spunse:<\/p>\n\n\n\n<p class=\"wp-block-paragraph\">\u2014 Doamna Marinescu este persoana cu care avem \u00eent\u00e2lnirea programat\u0103 ast\u0103zi.<\/p>\n\n\n\n<p class=\"wp-block-paragraph\">Dar Radu voia s\u0103 \u0219tie mai mult.<\/p>\n\n\n\n<p class=\"wp-block-paragraph\">\u2014 De ce?<\/p>\n\n\n\n<p class=\"wp-block-paragraph\">Elena \u00eel privi c\u00e2teva secunde.<\/p>\n\n\n\n<p class=\"wp-block-paragraph\">\u2014 Acum conteaz\u0103?<\/p>\n\n\n\n<p class=\"wp-block-paragraph\">Agentul t\u0103cu.<\/p>\n\n\n\n<p class=\"wp-block-paragraph\">Cu trei ani \u00eenainte, Elena \u00ee\u0219i pierduse so\u021bul, Petre.<\/p>\n\n\n\n<p class=\"wp-block-paragraph\">Timp de aproape treizeci de ani construiser\u0103 \u00eempreun\u0103 o companie de transport \u0219i logistic\u0103 pornit\u0103 cu dou\u0103 camioane cump\u0103rate \u00een rate.<\/p>\n\n\n\n<p class=\"wp-block-paragraph\">Dup\u0103 moartea lui, Elena \u00ee\u0219i v\u00e2nduse participa\u021bia.<\/p>\n\n\n\n<p class=\"wp-block-paragraph\">O parte din bani o p\u0103strase.<\/p>\n\n\n\n<p class=\"wp-block-paragraph\">Cu o alt\u0103 parte \u00eenfiin\u021base, \u00eempreun\u0103 cu fiica ei, o funda\u021bie care sprijinea familiile victimelor accidentelor rutiere \u0219i proiecte de educa\u021bie pentru siguran\u021ba pe \u0219osele.<\/p>\n\n\n\n<p class=\"wp-block-paragraph\">\u00cen acea zi urma s\u0103 discute cu inspectoratul despre finan\u021barea unui nou program.<\/p>\n\n\n\n<p class=\"wp-block-paragraph\">\u2014 \u0218i ma\u0219ina? \u00eentreb\u0103 Marius, apoi \u00ee\u0219i d\u0103du imediat seama c\u0103 \u00eentrebarea putea suna nepotrivit.<\/p>\n\n\n\n<p class=\"wp-block-paragraph\">Elena z\u00e2mbi pentru prima dat\u0103.<\/p>\n\n\n\n<p class=\"wp-block-paragraph\">\u2014 Ma\u0219ina este doar o ma\u0219in\u0103.<\/p>\n\n\n\n<p class=\"wp-block-paragraph\">Apoi f\u0103cu o pauz\u0103.<\/p>\n\n\n\n<p class=\"wp-block-paragraph\">\u2014 Dar are o poveste.<\/p>\n\n\n\n<p class=\"wp-block-paragraph\">Petre condusese aproape dou\u0103zeci de ani ma\u0219ini obi\u0219nuite \u0219i refuzase mereu s\u0103 cheltuiasc\u0103 bani pe lux.<\/p>\n\n\n\n<p class=\"wp-block-paragraph\">C\u00e2nd afacerea \u00eencepuse s\u0103 mearg\u0103 foarte bine, \u00eei spusese Elenei \u00eentr-o sear\u0103:<\/p>\n\n\n\n<p class=\"wp-block-paragraph\">\u2014 C\u00e2nd ne retragem, \u00ee\u021bi cump\u0103r cea mai frumoas\u0103 ma\u0219in\u0103 pe care o g\u0103sim. M\u0103car o dat\u0103 \u00een via\u021b\u0103 s\u0103 mergi \u0219i tu cu ceva ales doar pentru tine.<\/p>\n\n\n\n<p class=\"wp-block-paragraph\">Nu mai apucase.<\/p>\n\n\n\n<p class=\"wp-block-paragraph\">Dup\u0103 ce v\u00e2nduse compania, Elena \u00ee\u0219i cump\u0103rase singur\u0103 Mercedesul.<\/p>\n\n\n\n<p class=\"wp-block-paragraph\">Nu ca s\u0103 impresioneze pe cineva.<\/p>\n\n\n\n<p class=\"wp-block-paragraph\">Ci pentru c\u0103, de fiecare dat\u0103 c\u00e2nd se urca la volan, \u00ee\u0219i amintea de promisiunea lui Petre.<\/p>\n\n\n\n<p class=\"wp-block-paragraph\">Radu \u00ee\u0219i cobor\u00ee privirea.<\/p>\n\n\n\n<p class=\"wp-block-paragraph\">\u2014 Nu am \u0219tiut.<\/p>\n\n\n\n<p class=\"wp-block-paragraph\">Elena \u00eel privi.<\/p>\n\n\n\n<p class=\"wp-block-paragraph\">\u2014 Exact.<\/p>\n\n\n\n<p class=\"wp-block-paragraph\">Se apropie cu un pas.<\/p>\n\n\n\n<p class=\"wp-block-paragraph\">\u2014 \u0218i nici nu trebuia s\u0103 \u0219ti\u021bi.<\/p>\n\n\n\n<p class=\"wp-block-paragraph\">Radu ridic\u0103 ochii.<\/p>\n\n\n\n<p class=\"wp-block-paragraph\">\u2014 Nu trebuia s\u0103 \u0219ti\u021bi cine sunt, ce firm\u0103 am avut, c\u00e2\u021bi bani am sau unde mergeam. Trebuia doar s\u0103 verifica\u021bi dac\u0103 am f\u0103cut ceva gre\u0219it.<\/p>\n\n\n\n<p class=\"wp-block-paragraph\">Nimeni nu spuse nimic.<\/p>\n\n\n\n<p class=\"wp-block-paragraph\">Elena se \u00eentoarse c\u0103tre Sorin.<\/p>\n\n\n\n<p class=\"wp-block-paragraph\">\u2014 Pot s\u0103 v\u0103 pun o \u00eentrebare?<\/p>\n\n\n\n<p class=\"wp-block-paragraph\">\u2014 Sigur.<\/p>\n\n\n\n<p class=\"wp-block-paragraph\">\u2014 Dac\u0103 eu eram doar Elena Marinescu, pensionar\u0103, \u0219i nu femeia pe care o a\u0219tepta\u021bi dumneavoastr\u0103 ast\u0103zi la sediu, ce s-ar fi \u00eent\u00e2mplat?<\/p>\n\n\n\n<p class=\"wp-block-paragraph\">Comisarul-\u0219ef nu r\u0103spunse imediat.<\/p>\n\n\n\n<p class=\"wp-block-paragraph\">\u2014 Dac\u0103 nu m\u0103 cuno\u0219tea nimeni? Dac\u0103 nu suna dispecerul? Dac\u0103 nu venea\u021bi dumneavoastr\u0103?<\/p>\n\n\n\n<p class=\"wp-block-paragraph\">Radu \u00ee\u0219i privea pantofii.<\/p>\n\n\n\n<p class=\"wp-block-paragraph\">\u2014 A\u0219 fi ajuns la sec\u021bie \u00eenc\u0103tu\u0219at\u0103 pentru c\u0103 un agent nu putea s\u0103 cread\u0103 c\u0103 o femeie b\u0103tr\u00e2n\u0103 \u00ee\u0219i permite ma\u0219ina pe care o conduce?<\/p>\n\n\n\n<p class=\"wp-block-paragraph\">\u2014 Vom verifica tot ce s-a \u00eent\u00e2mplat, spuse Sorin.<\/p>\n\n\n\n<p class=\"wp-block-paragraph\">\u2014 Asta v\u0103 rog s\u0103 face\u021bi. Dar nu pentru c\u0103 sunt eu.<\/p>\n\n\n\n<p class=\"wp-block-paragraph\">Elena ar\u0103t\u0103 discret spre \u0219osea.<\/p>\n\n\n\n<p class=\"wp-block-paragraph\">\u2014 Pentru urm\u0103torul om pe care \u00eel opri\u021bi.<\/p>\n\n\n\n<p class=\"wp-block-paragraph\">Sorin d\u0103du din cap.<\/p>\n\n\n\n<p class=\"wp-block-paragraph\">\u2014 Ave\u021bi cuv\u00e2ntul meu.<\/p>\n\n\n\n<p class=\"wp-block-paragraph\">Radu f\u0103cu un pas \u00eenainte.<\/p>\n\n\n\n<p class=\"wp-block-paragraph\">\u2014 Doamn\u0103 Marinescu\u2026<\/p>\n\n\n\n<p class=\"wp-block-paragraph\">Elena \u00eel privi.<\/p>\n\n\n\n<p class=\"wp-block-paragraph\">\u2014 \u00cemi pare r\u0103u.<\/p>\n\n\n\n<p class=\"wp-block-paragraph\">\u2014 Pentru ce?<\/p>\n\n\n\n<p class=\"wp-block-paragraph\">\u00centrebarea \u00eel surprinse.<\/p>\n\n\n\n<p class=\"wp-block-paragraph\">\u2014 Pentru c\u0103 v-am \u00eenc\u0103tu\u0219at.<\/p>\n\n\n\n<p class=\"wp-block-paragraph\">\u2014 Asta este consecin\u021ba. Eu v\u0103 \u00eentreb pentru ce v\u0103 pare r\u0103u.<\/p>\n\n\n\n<p class=\"wp-block-paragraph\">Radu t\u0103cu c\u00e2teva secunde.<\/p>\n\n\n\n<p class=\"wp-block-paragraph\">\u2014 Pentru c\u0103 am decis cine sunte\u021bi \u00eenainte s\u0103 verific cine sunte\u021bi.<\/p>\n\n\n\n<p class=\"wp-block-paragraph\">Elena d\u0103du \u00eencet din cap.<\/p>\n\n\n\n<p class=\"wp-block-paragraph\">\u2014 Atunci poate a\u021bi \u00een\u021beles ceva.<\/p>\n\n\n\n<p class=\"wp-block-paragraph\">\u00cen zilele urm\u0103toare, incidentul a fost verificat oficial. Marius a spus exact ce se \u00eent\u00e2mplase: documentele erau \u00een regul\u0103, verific\u0103rile nu indicau nimic suspect, iar el \u00eei spusese colegului s\u0103 \u00eencheie controlul.<\/p>\n\n\n\n<p class=\"wp-block-paragraph\">Radu a fost sanc\u021bionat disciplinar \u0219i retras temporar din activitatea rutier\u0103 pentru reinstruire.<\/p>\n\n\n\n<p class=\"wp-block-paragraph\">Elena nu a cerut s\u0103 fie concediat.<\/p>\n\n\n\n<p class=\"wp-block-paragraph\">C\u00e2nd Sorin a \u00eentrebat-o de ce, r\u0103spunsul ei a fost simplu:<\/p>\n\n\n\n<p class=\"wp-block-paragraph\">\u2014 Dac\u0103 \u00eel da\u021bi afar\u0103 doar pentru c\u0103 femeia pe care a \u00eenc\u0103tu\u0219at-o se \u00eent\u00e2mpl\u0103 s\u0103 m\u0103 cunoasc\u0103 pe mine, n-a\u021bi rezolvat nimic. Vreau s\u0103 \u00eenve\u021be cum trebuie s\u0103-i trateze \u0219i pe cei pe care nu-i cunoa\u0219te nimeni.<\/p>\n\n\n\n<p class=\"wp-block-paragraph\">C\u00e2teva luni mai t\u00e2rziu, Elena participa la lansarea programului de siguran\u021b\u0103 rutier\u0103 pentru care mersese \u00een acea zi la Bra\u0219ov.<\/p>\n\n\n\n<p class=\"wp-block-paragraph\">La ie\u0219ire, l\u00e2ng\u0103 ma\u0219ina ei, a auzit o voce.<\/p>\n\n\n\n<p class=\"wp-block-paragraph\">\u2014 Doamn\u0103 Marinescu?<\/p>\n\n\n\n<p class=\"wp-block-paragraph\">Era Radu.<\/p>\n\n\n\n<p class=\"wp-block-paragraph\">Nu mai avea arogan\u021ba de atunci.<\/p>\n\n\n\n<p class=\"wp-block-paragraph\">\u2014 Am vrut doar s\u0103 v\u0103 spun ceva.<\/p>\n\n\n\n<p class=\"wp-block-paragraph\">Elena a a\u0219teptat.<\/p>\n\n\n\n<p class=\"wp-block-paragraph\">\u2014 De atunci, c\u00e2nd opresc pe cineva, \u00eencerc s\u0103-mi pun o \u00eentrebare \u00eenainte s\u0103-mi fac o p\u0103rere despre omul din fa\u021ba mea.<\/p>\n\n\n\n<p class=\"wp-block-paragraph\">\u2014 Ce \u00eentrebare?<\/p>\n\n\n\n<p class=\"wp-block-paragraph\">Radu z\u00e2mbi st\u00e2njenit.<\/p>\n\n\n\n<p class=\"wp-block-paragraph\">\u2014 \u201cCe fapt\u0103 a f\u0103cut, nu cum mi se pare c\u0103 arat\u0103?\u201d<\/p>\n\n\n\n<p class=\"wp-block-paragraph\">Elena z\u00e2mbi.<\/p>\n\n\n\n<p class=\"wp-block-paragraph\">\u2014 E un \u00eenceput bun.<\/p>\n\n\n\n<p class=\"wp-block-paragraph\">S-a urcat \u00een ma\u0219in\u0103 \u0219i a pornit.<\/p>\n\n\n\n<p class=\"wp-block-paragraph\">\u00cen oglinda retrovizoare \u00eel v\u0103zu pe Radu r\u0103m\u00e2n\u00e2nd pe trotuar.<\/p>\n\n\n\n<p class=\"wp-block-paragraph\">Petre \u00eei spusese c\u00e2ndva c\u0103 oamenii sunt foarte preocupa\u021bi s\u0103 afle cine este important \u0219i cine nu.<\/p>\n\n\n\n<p class=\"wp-block-paragraph\">Elena \u00eenv\u0103\u021base \u00eentre timp ceva mai simplu.<\/p>\n\n\n\n<p class=\"wp-block-paragraph\">\u00cen ziua \u00een care fusese \u00eenc\u0103tu\u0219at\u0103, nu avusese dreptul la respect pentru c\u0103 fusese antreprenoare.<\/p>\n\n\n\n<p class=\"wp-block-paragraph\">Nici pentru c\u0103 avea bani.<\/p>\n\n\n\n<p class=\"wp-block-paragraph\">Nici pentru c\u0103 \u0219eful poli\u021bi\u0219tilor \u00eei cuno\u0219tea numele.<\/p>\n\n\n\n<p class=\"wp-block-paragraph\">Avea dreptul la respect \u00eenainte ca ei s\u0103 afle toate acestea.<\/p>\n\n\n\n<p class=\"wp-block-paragraph\">Pentru simplul fapt c\u0103 era om.<\/p>\n","protected":false},"excerpt":{"rendered":"<p>Partea a 2-a \u2013 Continuarea pove\u0219tii \ud83d\udc49\u2014 Pentru c\u0103 tocmai ai \u00eenc\u0103tu\u0219at-o pe femeia care este a\u0219teptat\u0103 la sediul inspectoratului la ora 14:00! Radu a r\u0103mas cu sta\u021bia \u00een m\u00e2n\u0103. S-a uitat la Elena, apoi la Marius. \u2014 Pentru ce este a\u0219teptat\u0103? \u2014 Scoate-i c\u0103tu\u0219ele mai \u00eent\u00e2i! Marius s-a apropiat imediat. \u2014 Doamn\u0103 Marinescu, v\u0103 &#8230; <a title=\"Poli\u021bi\u0219tii au oprit o femeie de 71 de ani care conducea o ma\u0219in\u0103 de lux. Actele erau perfect \u00een regul\u0103, dar unul dintre agen\u021bi pur \u0219i simplu nu putea crede c\u0103 ma\u0219ina \u00eei apar\u021bine. C\u00e2teva minute mai t\u00e2rziu, femeia era \u00eenc\u0103tu\u0219at\u0103 l\u00e2ng\u0103 portier\u0103. Apoi dispecerul a auzit numele ei \u0219i a pus o singur\u0103 \u00eentrebare: \u201cA\u021bi f\u0103cut CE?\u201d\" class=\"read-more\" href=\"https:\/\/stiri-faine.com\/?p=6157\" aria-label=\"Read more about Poli\u021bi\u0219tii au oprit o femeie de 71 de ani care conducea o ma\u0219in\u0103 de lux. Actele erau perfect \u00een regul\u0103, dar unul dintre agen\u021bi pur \u0219i simplu nu putea crede c\u0103 ma\u0219ina \u00eei apar\u021bine. C\u00e2teva minute mai t\u00e2rziu, femeia era \u00eenc\u0103tu\u0219at\u0103 l\u00e2ng\u0103 portier\u0103. Apoi dispecerul a auzit numele ei \u0219i a pus o singur\u0103 \u00eentrebare: \u201cA\u021bi f\u0103cut CE?\u201d\">Read more<\/a><\/p>\n","protected":false},"author":1,"featured_media":0,"comment_status":"open","ping_status":"open","sticky":false,"template":"","format":"standard","meta":{"footnotes":""},"categories":[1],"tags":[],"class_list":["post-6157","post","type-post","status-publish","format-standard","hentry","category-uncategorized"],"_links":{"self":[{"href":"https:\/\/stiri-faine.com\/index.php?rest_route=\/wp\/v2\/posts\/6157","targetHints":{"allow":["GET"]}}],"collection":[{"href":"https:\/\/stiri-faine.com\/index.php?rest_route=\/wp\/v2\/posts"}],"about":[{"href":"https:\/\/stiri-faine.com\/index.php?rest_route=\/wp\/v2\/types\/post"}],"author":[{"embeddable":true,"href":"https:\/\/stiri-faine.com\/index.php?rest_route=\/wp\/v2\/users\/1"}],"replies":[{"embeddable":true,"href":"https:\/\/stiri-faine.com\/index.php?rest_route=%2Fwp%2Fv2%2Fcomments&post=6157"}],"version-history":[{"count":1,"href":"https:\/\/stiri-faine.com\/index.php?rest_route=\/wp\/v2\/posts\/6157\/revisions"}],"predecessor-version":[{"id":6158,"href":"https:\/\/stiri-faine.com\/index.php?rest_route=\/wp\/v2\/posts\/6157\/revisions\/6158"}],"wp:attachment":[{"href":"https:\/\/stiri-faine.com\/index.php?rest_route=%2Fwp%2Fv2%2Fmedia&parent=6157"}],"wp:term":[{"taxonomy":"category","embeddable":true,"href":"https:\/\/stiri-faine.com\/index.php?rest_route=%2Fwp%2Fv2%2Fcategories&post=6157"},{"taxonomy":"post_tag","embeddable":true,"href":"https:\/\/stiri-faine.com\/index.php?rest_route=%2Fwp%2Fv2%2Ftags&post=6157"}],"curies":[{"name":"wp","href":"https:\/\/api.w.org\/{rel}","templated":true}]}}