{"id":6147,"date":"2026-09-04T07:33:04","date_gmt":"2026-09-04T07:33:04","guid":{"rendered":"https:\/\/stiri-faine.com\/?p=6147"},"modified":"2026-09-04T07:33:05","modified_gmt":"2026-09-04T07:33:05","slug":"dupa-o-noapte-intreaga-in-care-n-am-dormit-din-cauza-bebelusului-socrii-mei-au-venit-neanuntati-cand-sotul-meu-s-a-intors-si-si-a-vazut-tatal-s-a-schimbat-pe-loc-stai-toata-ziua-acasa-si","status":"publish","type":"post","link":"https:\/\/stiri-faine.com\/?p=6147","title":{"rendered":"Dup\u0103 o noapte \u00eentreag\u0103 \u00een care n-am dormit din cauza bebelu\u0219ului, socrii mei au venit neanun\u021ba\u021bi. C\u00e2nd so\u021bul meu s-a \u00eentors \u0219i \u0219i-a v\u0103zut tat\u0103l, s-a schimbat pe loc: \u201eStai toat\u0103 ziua acas\u0103 \u0219i nu faci nimic. Pune ceainicul \u0219i f\u0103 ordine!\u201d Atunci soacra mea a ie\u0219it din dormitor \u0219i l-a \u00eentrebat: \u201eMihai, po\u021bi s\u0103 repe\u021bi ce-ai spus?\u201d"},"content":{"rendered":"\n<p class=\"wp-block-paragraph\">Partea a 2-a \u2013 Continuarea pove\u0219tii \ud83d\udc49<br>Ion a fost primul care a rupt t\u0103cerea.<\/p>\n\n\n\n<p class=\"wp-block-paragraph\">\u2014 Beatrice, ce-i cu privirea asta? Vorbim despre casa lor. Las\u0103-i s\u0103-\u0219i rezolve singuri problemele.<\/p>\n\n\n\n<p class=\"wp-block-paragraph\">Soacra mea nu \u0219i-a luat ochii de la el.<\/p>\n\n\n\n<p class=\"wp-block-paragraph\">\u2014 Nu, Ion. Tocmai despre casa noastr\u0103 vorbim.<\/p>\n\n\n\n<p class=\"wp-block-paragraph\">Mihai a ridicat capul.<\/p>\n\n\n\n<p class=\"wp-block-paragraph\">\u2014 Mam\u0103\u2026<\/p>\n\n\n\n<p class=\"wp-block-paragraph\">\u2014 Las\u0103-m\u0103 s\u0103 termin.<\/p>\n\n\n\n<p class=\"wp-block-paragraph\">\u00cen trei ani de c\u00e2nd o cuno\u0219team, nu o auzisem niciodat\u0103 vorbindu-i a\u0219a so\u021bului ei.<\/p>\n\n\n\n<p class=\"wp-block-paragraph\">F\u0103r\u0103 s\u0103 ridice vocea.<\/p>\n\n\n\n<p class=\"wp-block-paragraph\">F\u0103r\u0103 s\u0103 se gr\u0103beasc\u0103.<\/p>\n\n\n\n<p class=\"wp-block-paragraph\">\u0218i, mai ales, f\u0103r\u0103 s\u0103-i fie team\u0103.<\/p>\n\n\n\n<p class=\"wp-block-paragraph\">\u2014 Treizeci \u0219i \u0219apte de ani am auzit acelea\u0219i lucruri, Ion. \u201eEu muncesc.\u201d \u201eTu stai acas\u0103.\u201d \u201eF\u0103 m\u00e2ncare.\u201d \u201eF\u0103 ordine.\u201d \u201eNu m\u0103 face de r\u00e2s.\u201d<\/p>\n\n\n\n<p class=\"wp-block-paragraph\">Ion a pufnit.<\/p>\n\n\n\n<p class=\"wp-block-paragraph\">\u2014 Iar \u00eencepem cu pove\u0219tile\u2026<\/p>\n\n\n\n<p class=\"wp-block-paragraph\">\u2014 Nu. Abia acum \u00eencepem.<\/p>\n\n\n\n<p class=\"wp-block-paragraph\">S-a \u00eentors spre Mihai.<\/p>\n\n\n\n<p class=\"wp-block-paragraph\">\u2014 C\u00e2nd erai mic, credeam c\u0103 dac\u0103 tac v\u0103 protejez. Credeam c\u0103 este mai bine s\u0103 ave\u021bi doi p\u0103rin\u021bi \u00een aceea\u0219i cas\u0103 dec\u00e2t s\u0103 v\u0103 vede\u021bi tat\u0103l \u0219i mama desp\u0103r\u021bi\u021bi.<\/p>\n\n\n\n<p class=\"wp-block-paragraph\">A f\u0103cut o pauz\u0103.<\/p>\n\n\n\n<p class=\"wp-block-paragraph\">\u2014 Acum \u00eemi dau seama ce v-am \u00eenv\u0103\u021bat prin t\u0103cerea mea.<\/p>\n\n\n\n<p class=\"wp-block-paragraph\">Mihai o privea f\u0103r\u0103 s\u0103 clipeasc\u0103.<\/p>\n\n\n\n<p class=\"wp-block-paragraph\">\u2014 Te-am \u00eenv\u0103\u021bat c\u0103 este normal ca un b\u0103rbat s\u0103-\u0219i umileasc\u0103 so\u021bia \u0219i ca ea s\u0103 tac\u0103.<\/p>\n\n\n\n<p class=\"wp-block-paragraph\">\u2014 Eu n-am umilit-o pe Clara.<\/p>\n\n\n\n<p class=\"wp-block-paragraph\">Beatrice a ar\u0103tat spre mine.<\/p>\n\n\n\n<p class=\"wp-block-paragraph\">\u2014 Uit\u0103-te la ea \u0219i mai spune o dat\u0103.<\/p>\n\n\n\n<p class=\"wp-block-paragraph\">Mihai s-a \u00eentors.<\/p>\n\n\n\n<p class=\"wp-block-paragraph\">Pentru prima dat\u0103 de c\u00e2nd intrase tat\u0103l lui \u00een apartament, m-a privit cu adev\u0103rat.<\/p>\n\n\n\n<p class=\"wp-block-paragraph\">Nu dezordinea.<\/p>\n\n\n\n<p class=\"wp-block-paragraph\">Nu biberoanele.<\/p>\n\n\n\n<p class=\"wp-block-paragraph\">Nu hainele de pe fotoliu.<\/p>\n\n\n\n<p class=\"wp-block-paragraph\">Pe mine.<\/p>\n\n\n\n<p class=\"wp-block-paragraph\">Probabil c\u0103 atunci mi-a v\u0103zut ochii umfla\u021bi de oboseal\u0103.<\/p>\n\n\n\n<p class=\"wp-block-paragraph\">P\u0103rul prins \u00een grab\u0103.<\/p>\n\n\n\n<p class=\"wp-block-paragraph\">Fa\u021ba pe care, cu numai c\u00e2teva ore \u00eenainte, o m\u00e2ng\u00e2iase \u00een timp ce-mi spunea s\u0103 \u00eencerc s\u0103 dorm.<\/p>\n\n\n\n<p class=\"wp-block-paragraph\">\u0218i-a cobor\u00e2t privirea.<\/p>\n\n\n\n<p class=\"wp-block-paragraph\">Ion a observat imediat.<\/p>\n\n\n\n<p class=\"wp-block-paragraph\">\u2014 Mihai, nu te l\u0103sa impresionat. Dac\u0103 \u00eencepi s\u0103 cedezi de fiecare dat\u0103 c\u00e2nd\u2026<\/p>\n\n\n\n<p class=\"wp-block-paragraph\">\u2014 Tat\u0103, ajunge.<\/p>\n\n\n\n<p class=\"wp-block-paragraph\">Ion a \u00eencremenit.<\/p>\n\n\n\n<p class=\"wp-block-paragraph\">\u0218i eu la fel.<\/p>\n\n\n\n<p class=\"wp-block-paragraph\">\u2014 Ce-ai spus?<\/p>\n\n\n\n<p class=\"wp-block-paragraph\">Mihai a tras aer \u00een piept.<\/p>\n\n\n\n<p class=\"wp-block-paragraph\">\u2014 Am spus s\u0103 \u00eencetezi.<\/p>\n\n\n\n<p class=\"wp-block-paragraph\">\u2014 Eu \u00eencerc s\u0103 te \u00eenv\u0103\u021b s\u0103 fii b\u0103rbat!<\/p>\n\n\n\n<p class=\"wp-block-paragraph\">\u2014 Nu.<\/p>\n\n\n\n<p class=\"wp-block-paragraph\">Mihai s-a uitat spre el.<\/p>\n\n\n\n<p class=\"wp-block-paragraph\">\u2014 \u00cencerci s\u0103 m\u0103 \u00eenve\u021bi s\u0103 fiu ca tine.<\/p>\n\n\n\n<p class=\"wp-block-paragraph\">Pentru c\u00e2teva secunde nu s-a mai auzit nimic.<\/p>\n\n\n\n<p class=\"wp-block-paragraph\">Ion s-a \u00eenro\u0219it.<\/p>\n\n\n\n<p class=\"wp-block-paragraph\">\u2014 \u0218i ce e at\u00e2t de r\u0103u la mine? V-am \u021binut pe to\u021bi \u00een spate o via\u021b\u0103!<\/p>\n\n\n\n<p class=\"wp-block-paragraph\">Atunci Beatrice a r\u0103spuns:<\/p>\n\n\n\n<p class=\"wp-block-paragraph\">\u2014 Ne-ai \u00eentre\u021binut. Nu este acela\u0219i lucru cu a ne respecta.<\/p>\n\n\n\n<p class=\"wp-block-paragraph\">Ion s-a \u00eentors brusc spre ea.<\/p>\n\n\n\n<p class=\"wp-block-paragraph\">\u2014 Dup\u0103 tot ce am f\u0103cut pentru tine, acum m\u0103 faci de r\u00e2s \u00een fa\u021ba copiilor?<\/p>\n\n\n\n<p class=\"wp-block-paragraph\">\u2014 Nu eu te fac de r\u00e2s, Ion.<\/p>\n\n\n\n<p class=\"wp-block-paragraph\">Vocea ei a r\u0103mas calm\u0103.<\/p>\n\n\n\n<p class=\"wp-block-paragraph\">\u2014 Eu doar nu te mai acop\u0103r.<\/p>\n\n\n\n<p class=\"wp-block-paragraph\">Replica aceea l-a redus la t\u0103cere.<\/p>\n\n\n\n<p class=\"wp-block-paragraph\">Apoi Ion s-a uitat spre Mihai.<\/p>\n\n\n\n<p class=\"wp-block-paragraph\">\u2014 Vin-o pu\u021bin cu mine.<\/p>\n\n\n\n<p class=\"wp-block-paragraph\">\u2014 Nu.<\/p>\n\n\n\n<p class=\"wp-block-paragraph\">\u2014 Mihai.<\/p>\n\n\n\n<p class=\"wp-block-paragraph\">\u2014 Nu, tat\u0103.<\/p>\n\n\n\n<p class=\"wp-block-paragraph\">Era prima dat\u0103 c\u00e2nd \u00eel vedeam refuz\u00e2ndu-l f\u0103r\u0103 explica\u021bii.<\/p>\n\n\n\n<p class=\"wp-block-paragraph\">Ion \u0219i-a luat geaca.<\/p>\n\n\n\n<p class=\"wp-block-paragraph\">\u00cenainte s\u0103 ias\u0103, s-a \u00eentors spre Beatrice.<\/p>\n\n\n\n<p class=\"wp-block-paragraph\">\u2014 Hai.<\/p>\n\n\n\n<p class=\"wp-block-paragraph\">Ea nu s-a mi\u0219cat.<\/p>\n\n\n\n<p class=\"wp-block-paragraph\">\u2014 Beatrice, am spus s\u0103 mergem.<\/p>\n\n\n\n<p class=\"wp-block-paragraph\">\u2014 Eu nu vin.<\/p>\n\n\n\n<p class=\"wp-block-paragraph\">Ion a r\u0103mas cu m\u00e2na pe clan\u021b\u0103.<\/p>\n\n\n\n<p class=\"wp-block-paragraph\">\u2014 Cum adic\u0103?<\/p>\n\n\n\n<p class=\"wp-block-paragraph\">\u2014 Exact cum ai auzit.<\/p>\n\n\n\n<p class=\"wp-block-paragraph\">\u2014 \u0218i unde stai?<\/p>\n\n\n\n<p class=\"wp-block-paragraph\">\u2014 \u00cen seara asta, la sora mea.<\/p>\n\n\n\n<p class=\"wp-block-paragraph\">Fa\u021ba lui s-a schimbat.<\/p>\n\n\n\n<p class=\"wp-block-paragraph\">\u2014 Pentru prostia asta?<\/p>\n\n\n\n<p class=\"wp-block-paragraph\">Beatrice l-a privit lung.<\/p>\n\n\n\n<p class=\"wp-block-paragraph\">\u2014 Nu plec pentru ce s-a \u00eent\u00e2mplat ast\u0103zi.<\/p>\n\n\n\n<p class=\"wp-block-paragraph\">A f\u0103cut o pauz\u0103.<\/p>\n\n\n\n<p class=\"wp-block-paragraph\">\u2014 Plec pentru to\u021bi anii \u00een care nu am avut curajul s-o fac.<\/p>\n\n\n\n<p class=\"wp-block-paragraph\">Ion a \u00eencercat s\u0103 r\u00e2d\u0103.<\/p>\n\n\n\n<p class=\"wp-block-paragraph\">Nu i-a ie\u0219it.<\/p>\n\n\n\n<p class=\"wp-block-paragraph\">A deschis u\u0219a \u0219i a plecat f\u0103r\u0103 s\u0103 mai spun\u0103 nimic.<\/p>\n\n\n\n<p class=\"wp-block-paragraph\">Dup\u0103 ce u\u0219a s-a \u00eenchis, Mihai a r\u0103mas \u00een mijlocul sufrageriei.<\/p>\n\n\n\n<p class=\"wp-block-paragraph\">Punga de la farmacie era \u00eenc\u0103 pe mas\u0103.<\/p>\n\n\n\n<p class=\"wp-block-paragraph\">\u2014 Clara\u2026<\/p>\n\n\n\n<p class=\"wp-block-paragraph\">\u2014 Nu.<\/p>\n\n\n\n<p class=\"wp-block-paragraph\">S-a oprit.<\/p>\n\n\n\n<p class=\"wp-block-paragraph\">\u2014 Nu-mi spune acum c\u0103 \u00ee\u021bi pare r\u0103u \u0219i c\u0103 n-ai vrut.<\/p>\n\n\n\n<p class=\"wp-block-paragraph\">\u2014 Dar \u00eemi pare r\u0103u.<\/p>\n\n\n\n<p class=\"wp-block-paragraph\">\u2014 \u0218tiu.<\/p>\n\n\n\n<p class=\"wp-block-paragraph\">M-am uitat la el.<\/p>\n\n\n\n<p class=\"wp-block-paragraph\">\u2014 Problema este c\u0103 \u00ee\u021bi pare r\u0103u de fiecare dat\u0103 dup\u0103 ce pleac\u0103 tat\u0103l t\u0103u.<\/p>\n\n\n\n<p class=\"wp-block-paragraph\">N-a r\u0103spuns.<\/p>\n\n\n\n<p class=\"wp-block-paragraph\">\u2014 \u0218tii ce m-a durut cel mai tare ast\u0103zi?<\/p>\n\n\n\n<p class=\"wp-block-paragraph\">A dat din cap.<\/p>\n\n\n\n<p class=\"wp-block-paragraph\">\u2014 Tu \u0219tiai c\u0103 n-am dormit. Tu ai stat cu Sofia azi-noapte. Tu m-ai v\u0103zut pl\u00e2ng\u00e2nd de oboseal\u0103.<\/p>\n\n\n\n<p class=\"wp-block-paragraph\">Vocea mi s-a fr\u00e2nt.<\/p>\n\n\n\n<p class=\"wp-block-paragraph\">\u2014 \u0218i totu\u0219i, c\u00e2nd a intrat tat\u0103l t\u0103u pe u\u0219\u0103, ai preferat s\u0103 m\u0103 umile\u0219ti ca s\u0103 pari puternic \u00een fa\u021ba lui.<\/p>\n\n\n\n<p class=\"wp-block-paragraph\">\u2014 Ai dreptate.<\/p>\n\n\n\n<p class=\"wp-block-paragraph\">\u2014 Nu vreau s\u0103 am dreptate, Mihai.<\/p>\n\n\n\n<p class=\"wp-block-paragraph\">M-am uitat spre dormitor.<\/p>\n\n\n\n<p class=\"wp-block-paragraph\">\u2014 Vreau ca Sofia s\u0103 nu creasc\u0103 v\u0103z\u00e2nd asta.<\/p>\n\n\n\n<p class=\"wp-block-paragraph\">A r\u0103mas t\u0103cut mult timp.<\/p>\n\n\n\n<p class=\"wp-block-paragraph\">Apoi a spus:<\/p>\n\n\n\n<p class=\"wp-block-paragraph\">\u2014 Nu \u0219tiu de ce \u00eenc\u0103 simt c\u0103 trebuie s\u0103-i demonstrez ceva.<\/p>\n\n\n\n<p class=\"wp-block-paragraph\">\u2014 Atunci afl\u0103.<\/p>\n\n\n\n<p class=\"wp-block-paragraph\">Nu i-am promis c\u0103 \u00eel iert.<\/p>\n\n\n\n<p class=\"wp-block-paragraph\">El nu mi-a cerut s\u0103 uit.<\/p>\n\n\n\n<p class=\"wp-block-paragraph\">\u00cen seara aceea, Mihai a dus-o pe mama lui la sora ei \u0219i a ajutat-o s\u0103-\u0219i ia c\u00e2teva lucruri de acas\u0103.<\/p>\n\n\n\n<p class=\"wp-block-paragraph\">Beatrice nu s-a mai \u00eentors la Ion.<\/p>\n\n\n\n<p class=\"wp-block-paragraph\">Nu imediat \u0219i, dup\u0103 c\u00e2teva s\u0103pt\u0103m\u00e2ni, a \u00een\u021beles c\u0103 nici nu mai voia.<\/p>\n\n\n\n<p class=\"wp-block-paragraph\">\u0218i-a \u00eenchiriat un apartament mic.<\/p>\n\n\n\n<p class=\"wp-block-paragraph\">Pentru prima dat\u0103 dup\u0103 aproape patru decenii, avea o cheie care deschidea o cas\u0103 \u00een care nimeni nu-i spunea cum s\u0103 vorbeasc\u0103, ce s\u0103 g\u0103teasc\u0103 sau c\u00e2nd s\u0103 tac\u0103.<\/p>\n\n\n\n<p class=\"wp-block-paragraph\">Pentru Mihai, lucrurile au fost mai complicate.<\/p>\n\n\n\n<p class=\"wp-block-paragraph\">Era simplu s\u0103-i spun\u0103 tat\u0103lui lui \u201eajunge\u201d o dat\u0103.<\/p>\n\n\n\n<p class=\"wp-block-paragraph\">Era mult mai greu s\u0103 scoat\u0103 din el lucrurile pe care le \u00eenv\u0103\u021base timp de treizeci \u0219i \u0219ase de ani.<\/p>\n\n\n\n<p class=\"wp-block-paragraph\">A \u00eenceput s\u0103 vorbeasc\u0103 cu un psiholog.<\/p>\n\n\n\n<p class=\"wp-block-paragraph\">Nu pentru c\u0103 i-am pus eu condi\u021bia.<\/p>\n\n\n\n<p class=\"wp-block-paragraph\">Ci pentru c\u0103, a\u0219a cum mi-a spus \u00eentr-o sear\u0103:<\/p>\n\n\n\n<p class=\"wp-block-paragraph\">\u2014 Mi-e fric\u0103 s\u0103 nu ajung omul pe care toat\u0103 copil\u0103ria am jurat c\u0103 nu vreau s\u0103-l copiez.<\/p>\n\n\n\n<p class=\"wp-block-paragraph\">N-am reparat c\u0103snicia \u00eentr-o s\u0103pt\u0103m\u00e2n\u0103.<\/p>\n\n\n\n<p class=\"wp-block-paragraph\">Au existat zile bune.<\/p>\n\n\n\n<p class=\"wp-block-paragraph\">Au existat \u0219i zile \u00een care \u00eel vedeam \u00eencord\u00e2ndu-se \u0219i m\u0103 \u00eentrebam dac\u0103 vechiul Mihai urma s\u0103 apar\u0103 din nou.<\/p>\n\n\n\n<p class=\"wp-block-paragraph\">Momentul \u00een care am \u00eenceput s\u0103-l cred n-a fost \u00eens\u0103 unul spectaculos.<\/p>\n\n\n\n<p class=\"wp-block-paragraph\">A venit \u00eentr-o diminea\u021b\u0103, c\u00e2teva s\u0103pt\u0103m\u00e2ni mai t\u00e2rziu.<\/p>\n\n\n\n<p class=\"wp-block-paragraph\">Sofia pl\u00e2nsese aproape toat\u0103 noaptea.<\/p>\n\n\n\n<p class=\"wp-block-paragraph\">Eram am\u00e2ndoi termina\u021bi.<\/p>\n\n\n\n<p class=\"wp-block-paragraph\">\u00cen buc\u0103t\u0103rie, Mihai a sc\u0103pat o can\u0103.<\/p>\n\n\n\n<p class=\"wp-block-paragraph\">S-a spart.<\/p>\n\n\n\n<p class=\"wp-block-paragraph\">L-am v\u0103zut \u00eencord\u00e2ndu-\u0219i maxilarul.<\/p>\n\n\n\n<p class=\"wp-block-paragraph\">\u0218i, f\u0103r\u0103 s\u0103 vreau, m-am \u00eencordat \u0219i eu.<\/p>\n\n\n\n<p class=\"wp-block-paragraph\">A observat.<\/p>\n\n\n\n<p class=\"wp-block-paragraph\">Pentru o secund\u0103, nu a spus nimic.<\/p>\n\n\n\n<p class=\"wp-block-paragraph\">Apoi a tras aer \u00een piept.<\/p>\n\n\n\n<p class=\"wp-block-paragraph\">\u2014 Sunt foarte obosit \u0219i foarte nervos.<\/p>\n\n\n\n<p class=\"wp-block-paragraph\">S-a uitat la mine.<\/p>\n\n\n\n<p class=\"wp-block-paragraph\">\u2014 Am nevoie de cinci minute s\u0103 m\u0103 lini\u0219tesc. Dup\u0103 aceea o iau eu pe Sofia \u0219i tu te culci.<\/p>\n\n\n\n<p class=\"wp-block-paragraph\">At\u00e2t.<\/p>\n\n\n\n<p class=\"wp-block-paragraph\">Nicio izbucnire.<\/p>\n\n\n\n<p class=\"wp-block-paragraph\">Nicio vin\u0103 aruncat\u0103 asupra mea.<\/p>\n\n\n\n<p class=\"wp-block-paragraph\">Nicio voce a tat\u0103lui s\u0103u ie\u0219ind din gura lui.<\/p>\n\n\n\n<p class=\"wp-block-paragraph\">\u00cen ziua aceea am \u00een\u021beles c\u0103 \u00eencepea, \u00eentr-adev\u0103r, s\u0103 se schimbe.<\/p>\n\n\n\n<p class=\"wp-block-paragraph\">Nu pentru mine.<\/p>\n\n\n\n<p class=\"wp-block-paragraph\">Nu pentru mama lui.<\/p>\n\n\n\n<p class=\"wp-block-paragraph\">\u0218i, pentru prima dat\u0103, nici \u00eempotriva tat\u0103lui s\u0103u.<\/p>\n\n\n\n<p class=\"wp-block-paragraph\">Pentru el.<\/p>\n\n\n\n<p class=\"wp-block-paragraph\">C\u00e2teva luni mai t\u00e2rziu, Beatrice a venit la noi la cin\u0103.<\/p>\n\n\n\n<p class=\"wp-block-paragraph\">Pe covor erau juc\u0103rii.<\/p>\n\n\n\n<p class=\"wp-block-paragraph\">Pe m\u0103su\u021b\u0103 r\u0103m\u0103sese un biberon.<\/p>\n\n\n\n<p class=\"wp-block-paragraph\">Mihai \u021binea copilul \u00een bra\u021be, iar eu \u00eenc\u0103 nu terminasem m\u00e2ncarea.<\/p>\n\n\n\n<p class=\"wp-block-paragraph\">Beatrice s-a uitat prin sufragerie \u0219i a z\u00e2mbit.<\/p>\n\n\n\n<p class=\"wp-block-paragraph\">\u2014 Ce dezordine e la voi.<\/p>\n\n\n\n<p class=\"wp-block-paragraph\">Am izbucnit cu to\u021bii \u00een r\u00e2s.<\/p>\n\n\n\n<p class=\"wp-block-paragraph\">Apoi s-a uitat la fiul ei.<\/p>\n\n\n\n<p class=\"wp-block-paragraph\">\u2014 Dar e lini\u0219te.<\/p>\n\n\n\n<p class=\"wp-block-paragraph\">Mihai a \u00een\u021beles.<\/p>\n\n\n\n<p class=\"wp-block-paragraph\">\u0218i eu am \u00een\u021beles.<\/p>\n\n\n\n<p class=\"wp-block-paragraph\">\u00cen casa noastr\u0103 nu devenise totul perfect.<\/p>\n\n\n\n<p class=\"wp-block-paragraph\">Doar c\u0103 Sofia avea s\u0103 creasc\u0103 \u00eenv\u0103\u021b\u00e2nd ceva ce tat\u0103l \u0219i bunica ei aflaser\u0103 mult prea t\u00e2rziu:<\/p>\n\n\n\n<p class=\"wp-block-paragraph\">iubirea nu \u00eenseamn\u0103 s\u0103 taci ca s\u0103 p\u0103strezi pacea.<\/p>\n\n\n\n<p class=\"wp-block-paragraph\">Iar puterea unui b\u0103rbat nu se vede atunci c\u00e2nd femeia de l\u00e2ng\u0103 el se teme s\u0103-i r\u0103spund\u0103. Se vede atunci c\u00e2nd l\u00e2ng\u0103 el nimeni nu trebuie s\u0103 se team\u0103.<\/p>\n","protected":false},"excerpt":{"rendered":"<p>Partea a 2-a \u2013 Continuarea pove\u0219tii \ud83d\udc49Ion a fost primul care a rupt t\u0103cerea. \u2014 Beatrice, ce-i cu privirea asta? Vorbim despre casa lor. Las\u0103-i s\u0103-\u0219i rezolve singuri problemele. Soacra mea nu \u0219i-a luat ochii de la el. \u2014 Nu, Ion. Tocmai despre casa noastr\u0103 vorbim. Mihai a ridicat capul. \u2014 Mam\u0103\u2026 \u2014 Las\u0103-m\u0103 s\u0103 &#8230; <a title=\"Dup\u0103 o noapte \u00eentreag\u0103 \u00een care n-am dormit din cauza bebelu\u0219ului, socrii mei au venit neanun\u021ba\u021bi. C\u00e2nd so\u021bul meu s-a \u00eentors \u0219i \u0219i-a v\u0103zut tat\u0103l, s-a schimbat pe loc: \u201eStai toat\u0103 ziua acas\u0103 \u0219i nu faci nimic. Pune ceainicul \u0219i f\u0103 ordine!\u201d Atunci soacra mea a ie\u0219it din dormitor \u0219i l-a \u00eentrebat: \u201eMihai, po\u021bi s\u0103 repe\u021bi ce-ai spus?\u201d\" class=\"read-more\" href=\"https:\/\/stiri-faine.com\/?p=6147\" aria-label=\"Read more about Dup\u0103 o noapte \u00eentreag\u0103 \u00een care n-am dormit din cauza bebelu\u0219ului, socrii mei au venit neanun\u021ba\u021bi. C\u00e2nd so\u021bul meu s-a \u00eentors \u0219i \u0219i-a v\u0103zut tat\u0103l, s-a schimbat pe loc: \u201eStai toat\u0103 ziua acas\u0103 \u0219i nu faci nimic. Pune ceainicul \u0219i f\u0103 ordine!\u201d Atunci soacra mea a ie\u0219it din dormitor \u0219i l-a \u00eentrebat: \u201eMihai, po\u021bi s\u0103 repe\u021bi ce-ai spus?\u201d\">Read more<\/a><\/p>\n","protected":false},"author":1,"featured_media":0,"comment_status":"open","ping_status":"open","sticky":false,"template":"","format":"standard","meta":{"footnotes":""},"categories":[1],"tags":[],"class_list":["post-6147","post","type-post","status-publish","format-standard","hentry","category-uncategorized"],"_links":{"self":[{"href":"https:\/\/stiri-faine.com\/index.php?rest_route=\/wp\/v2\/posts\/6147","targetHints":{"allow":["GET"]}}],"collection":[{"href":"https:\/\/stiri-faine.com\/index.php?rest_route=\/wp\/v2\/posts"}],"about":[{"href":"https:\/\/stiri-faine.com\/index.php?rest_route=\/wp\/v2\/types\/post"}],"author":[{"embeddable":true,"href":"https:\/\/stiri-faine.com\/index.php?rest_route=\/wp\/v2\/users\/1"}],"replies":[{"embeddable":true,"href":"https:\/\/stiri-faine.com\/index.php?rest_route=%2Fwp%2Fv2%2Fcomments&post=6147"}],"version-history":[{"count":1,"href":"https:\/\/stiri-faine.com\/index.php?rest_route=\/wp\/v2\/posts\/6147\/revisions"}],"predecessor-version":[{"id":6148,"href":"https:\/\/stiri-faine.com\/index.php?rest_route=\/wp\/v2\/posts\/6147\/revisions\/6148"}],"wp:attachment":[{"href":"https:\/\/stiri-faine.com\/index.php?rest_route=%2Fwp%2Fv2%2Fmedia&parent=6147"}],"wp:term":[{"taxonomy":"category","embeddable":true,"href":"https:\/\/stiri-faine.com\/index.php?rest_route=%2Fwp%2Fv2%2Fcategories&post=6147"},{"taxonomy":"post_tag","embeddable":true,"href":"https:\/\/stiri-faine.com\/index.php?rest_route=%2Fwp%2Fv2%2Ftags&post=6147"}],"curies":[{"name":"wp","href":"https:\/\/api.w.org\/{rel}","templated":true}]}}