{"id":6145,"date":"2026-09-04T07:21:43","date_gmt":"2026-09-04T07:21:43","guid":{"rendered":"https:\/\/stiri-faine.com\/?p=6145"},"modified":"2026-09-04T07:21:43","modified_gmt":"2026-09-04T07:21:43","slug":"cand-am-venit-sa-mi-iau-fiica-de-15-ani-de-la-tatal-ei-am-gasit-o-uda-leoarca-pe-treptele-casei-in-ploaie-cu-rucsacul-langa-ea-si-fara-telefon-tatal-ei-statea-linistit-in-prag-si-mi-a-spus","status":"publish","type":"post","link":"https:\/\/stiri-faine.com\/?p=6145","title":{"rendered":"C\u00e2nd am venit s\u0103-mi iau fiica de 15 ani de la tat\u0103l ei, am g\u0103sit-o ud\u0103 leoarc\u0103 pe treptele casei, \u00een ploaie, cu rucsacul l\u00e2ng\u0103 ea \u0219i f\u0103r\u0103 telefon. Tat\u0103l ei st\u0103tea lini\u0219tit \u00een prag \u0219i mi-a spus: \u201cLas-o. Este pedepsit\u0103.\u201d"},"content":{"rendered":"\n<p class=\"wp-block-paragraph\">Partea a 2-a \u2013 Continuarea pove\u0219tii \ud83d\udc49<br>Am ap\u0103sat pe \u00eenregistrare.<\/p>\n\n\n\n<p class=\"wp-block-paragraph\">La \u00eenceput s-au auzit doar ni\u0219te zgomote \u0219i vocea Cristinei din alt\u0103 camer\u0103.<\/p>\n\n\n\n<p class=\"wp-block-paragraph\">Apoi vocea Sofiei:<\/p>\n\n\n\n<p class=\"wp-block-paragraph\">\u2014 Vreau s\u0103 o sun pe mama.<\/p>\n\n\n\n<p class=\"wp-block-paragraph\">Radu i-a r\u0103spuns:<\/p>\n\n\n\n<p class=\"wp-block-paragraph\">\u2014 Nu o suni pe mama pentru fiecare prostie.<\/p>\n\n\n\n<p class=\"wp-block-paragraph\">\u2014 Dar trebuia s\u0103 m\u0103 ia la \u0219apte.<\/p>\n\n\n\n<p class=\"wp-block-paragraph\">\u2014 Te ia c\u00e2nd spun eu.<\/p>\n\n\n\n<p class=\"wp-block-paragraph\">Cristina a intervenit:<\/p>\n\n\n\n<p class=\"wp-block-paragraph\">\u2014 \u0218i dac\u0103 \u00eei poveste\u0219ti iar versiunea ta, telefonul dispare o lun\u0103.<\/p>\n\n\n\n<p class=\"wp-block-paragraph\">Au urmat c\u00e2teva secunde de lini\u0219te.<\/p>\n\n\n\n<p class=\"wp-block-paragraph\">Apoi Sofia a \u00eentrebat:<\/p>\n\n\n\n<p class=\"wp-block-paragraph\">\u2014 De ce nu am voie s\u0103-i spun ce se \u00eent\u00e2mpl\u0103 aici?<\/p>\n\n\n\n<p class=\"wp-block-paragraph\">Vocea tat\u0103lui ei a devenit rece.<\/p>\n\n\n\n<p class=\"wp-block-paragraph\">\u2014 Pentru c\u0103 mama ta te r\u0103sfa\u021b\u0103 \u0219i te \u00eenva\u021b\u0103 s\u0103 ne \u00eentorci unul \u00eempotriva celuilalt.<\/p>\n\n\n\n<p class=\"wp-block-paragraph\">\u00cenregistrarea s-a terminat.<\/p>\n\n\n\n<p class=\"wp-block-paragraph\">M-am uitat la fiica mea.<\/p>\n\n\n\n<p class=\"wp-block-paragraph\">\u2014 De c\u00e2nd se \u00eent\u00e2mpl\u0103 asta?<\/p>\n\n\n\n<p class=\"wp-block-paragraph\">Sofia \u0219i-a \u0219ters obrazul.<\/p>\n\n\n\n<p class=\"wp-block-paragraph\">\u2014 De c\u00e2teva luni.<\/p>\n\n\n\n<p class=\"wp-block-paragraph\">Am deschis celelalte fi\u0219iere.<\/p>\n\n\n\n<p class=\"wp-block-paragraph\">Nu era vorba despre o singur\u0103 ceart\u0103.<\/p>\n\n\n\n<p class=\"wp-block-paragraph\">Sofia notase date.<\/p>\n\n\n\n<p class=\"wp-block-paragraph\">P\u0103strase capturi de ecran.<\/p>\n\n\n\n<p class=\"wp-block-paragraph\">\u00cenregistrase c\u00e2teva conversa\u021bii.<\/p>\n\n\n\n<p class=\"wp-block-paragraph\">De fiecare dat\u0103 ap\u0103rea acela\u0219i tipar.<\/p>\n\n\n\n<p class=\"wp-block-paragraph\">Dac\u0103 o contrazicea pe Cristina, telefonul \u00eei era confiscat.<\/p>\n\n\n\n<p class=\"wp-block-paragraph\">Dac\u0103 \u00eemi trimitea prea multe mesaje, era acuzat\u0103 c\u0103 \u201craporteaz\u0103 tot mamei\u201d.<\/p>\n\n\n\n<p class=\"wp-block-paragraph\">Dac\u0103 refuza s\u0103-\u0219i cear\u0103 scuze pentru ceva ce considera nedrept, pedeapsa devenea mai sever\u0103.<\/p>\n\n\n\n<p class=\"wp-block-paragraph\">Uneori nu avea voie s\u0103 ias\u0103 din camer\u0103 dec\u00e2t la mas\u0103.<\/p>\n\n\n\n<p class=\"wp-block-paragraph\">Alteori i se interzicea s\u0103 m\u0103 sune.<\/p>\n\n\n\n<p class=\"wp-block-paragraph\">Iar de dou\u0103 ori fusese trimis\u0103 s\u0103 stea afar\u0103 pentru c\u0103 \u201cavea nevoie s\u0103 se calmeze\u201d.<\/p>\n\n\n\n<p class=\"wp-block-paragraph\">\u2014 De ce nu mi-ai spus direct? am \u00eentrebat.<\/p>\n\n\n\n<p class=\"wp-block-paragraph\">Sofia m-a privit.<\/p>\n\n\n\n<p class=\"wp-block-paragraph\">\u2014 \u021ai-am spus c\u0103 nu vreau s\u0103 mai merg.<\/p>\n\n\n\n<p class=\"wp-block-paragraph\">Mi-am cobor\u00e2t ochii.<\/p>\n\n\n\n<p class=\"wp-block-paragraph\">\u2014 \u0218tiu.<\/p>\n\n\n\n<p class=\"wp-block-paragraph\">\u2014 \u0218i mi-ai spus c\u0103 trebuie s\u0103-i dau o \u0219ans\u0103 tatei.<\/p>\n\n\n\n<p class=\"wp-block-paragraph\">N-am avut nicio ap\u0103rare.<\/p>\n\n\n\n<p class=\"wp-block-paragraph\">Pentru c\u0103 avea dreptate.<\/p>\n\n\n\n<p class=\"wp-block-paragraph\">Eu interpretasem fiecare semnal ca pe o reac\u021bie normal\u0103 de adolescent\u0103.<\/p>\n\n\n\n<p class=\"wp-block-paragraph\">Crezusem c\u0103 fac bine \u00eencerc\u00e2nd s\u0103 p\u0103strez rela\u021bia dintre tat\u0103 \u0219i fiic\u0103.<\/p>\n\n\n\n<p class=\"wp-block-paragraph\">\u2014 \u00cemi pare r\u0103u, Sofia.<\/p>\n\n\n\n<p class=\"wp-block-paragraph\">\u2014 Credeam c\u0103 dac\u0103 \u00ee\u021bi spun tot, o s\u0103 crezi c\u0103 exagerez.<\/p>\n\n\n\n<p class=\"wp-block-paragraph\">M-am a\u0219ezat l\u00e2ng\u0103 ea.<\/p>\n\n\n\n<p class=\"wp-block-paragraph\">\u2014 Nu mai trebuie s\u0103 dovede\u0219ti nimic \u00een seara asta.<\/p>\n\n\n\n<p class=\"wp-block-paragraph\">\u2014 Dar trebuie s\u0103 vezi tot.<\/p>\n\n\n\n<p class=\"wp-block-paragraph\">\u2014 O s\u0103 v\u0103d. Numai c\u0103 nu trebuie s\u0103 treci iar prin toate acum.<\/p>\n\n\n\n<p class=\"wp-block-paragraph\">\u00cen noaptea aceea aproape n-am dormit.<\/p>\n\n\n\n<p class=\"wp-block-paragraph\">Am f\u0103cut copii ale fi\u0219ierelor \u0219i le-am p\u0103strat \u00een siguran\u021b\u0103.<\/p>\n\n\n\n<p class=\"wp-block-paragraph\">Diminea\u021b\u0103 am cerut ajutor juridic \u0219i am \u00eenceput demersurile necesare pentru ca situa\u021bia s\u0103 fie evaluat\u0103 \u00eenainte ca Sofia s\u0103 mai fie trimis\u0103 singur\u0103 \u00een casa tat\u0103lui ei.<\/p>\n\n\n\n<p class=\"wp-block-paragraph\">Radu m-a sunat \u00eenainte de pr\u00e2nz.<\/p>\n\n\n\n<p class=\"wp-block-paragraph\">\u2014 Weekendul viitor este al meu.<\/p>\n\n\n\n<p class=\"wp-block-paragraph\">\u2014 Sofia nu se \u00eentoarce p\u00e2n\u0103 nu clarific\u0103m ce s-a \u00eent\u00e2mplat.<\/p>\n\n\n\n<p class=\"wp-block-paragraph\">A \u00eenceput s\u0103 r\u00e2d\u0103.<\/p>\n\n\n\n<p class=\"wp-block-paragraph\">\u2014 Pentru c\u0103 a stat pu\u021bin \u00een ploaie?<\/p>\n\n\n\n<p class=\"wp-block-paragraph\">\u2014 Nu este vorba doar despre ieri.<\/p>\n\n\n\n<p class=\"wp-block-paragraph\">S-a f\u0103cut lini\u0219te.<\/p>\n\n\n\n<p class=\"wp-block-paragraph\">\u2014 Ce \u021bi-a spus?<\/p>\n\n\n\n<p class=\"wp-block-paragraph\">\u2014 Destul.<\/p>\n\n\n\n<p class=\"wp-block-paragraph\">\u2014 Andreea, ai grij\u0103. Sofia are cincisprezece ani. La v\u00e2rsta asta copiii manipuleaz\u0103.<\/p>\n\n\n\n<p class=\"wp-block-paragraph\">Replica aceea mi-a confirmat c\u0103 f\u0103ceam ceea ce trebuia.<\/p>\n\n\n\n<p class=\"wp-block-paragraph\">\u2014 Am ascultat \u00eenregistr\u0103rile.<\/p>\n\n\n\n<p class=\"wp-block-paragraph\">T\u0103cere.<\/p>\n\n\n\n<p class=\"wp-block-paragraph\">\u2014 Ce \u00eenregistr\u0103ri?<\/p>\n\n\n\n<p class=\"wp-block-paragraph\">Pentru prima dat\u0103, vocea lui nu mai suna sigur\u0103.<\/p>\n\n\n\n<p class=\"wp-block-paragraph\">\u2014 Cele pe care Sofia le-a p\u0103strat \u00een ultimele luni.<\/p>\n\n\n\n<p class=\"wp-block-paragraph\">\u2014 M-a \u00eenregistrat \u00een propria cas\u0103?<\/p>\n\n\n\n<p class=\"wp-block-paragraph\">\u2014 Asta te deranjeaz\u0103 cel mai mult?<\/p>\n\n\n\n<p class=\"wp-block-paragraph\">\u2014 Sco\u021bi lucrurile din context.<\/p>\n\n\n\n<p class=\"wp-block-paragraph\">\u2014 Atunci o s\u0103 avem ocazia s\u0103 explic\u0103m contextul oamenilor care trebuie s\u0103 evalueze situa\u021bia.<\/p>\n\n\n\n<p class=\"wp-block-paragraph\">A \u00eenchis.<\/p>\n\n\n\n<p class=\"wp-block-paragraph\">Dup\u0103 aceea au \u00eenceput mesajele.<\/p>\n\n\n\n<p class=\"wp-block-paragraph\">Mai \u00eent\u00e2i Radu.<\/p>\n\n\n\n<p class=\"wp-block-paragraph\">Apoi Cristina.<\/p>\n\n\n\n<p class=\"wp-block-paragraph\">Ea sus\u021binea c\u0103 nu f\u0103cuse dec\u00e2t s\u0103 introduc\u0103 \u201cdisciplin\u0103 \u0219i respect\u201d \u00eentr-o cas\u0103 \u00een care Sofia fusese prea r\u0103sf\u0103\u021bat\u0103.<\/p>\n\n\n\n<p class=\"wp-block-paragraph\">N-am r\u0103spuns.<\/p>\n\n\n\n<p class=\"wp-block-paragraph\">Am p\u0103strat mesajele.<\/p>\n\n\n\n<p class=\"wp-block-paragraph\">\u00cen zilele urm\u0103toare, Sofia a fost ascultat\u0103 f\u0103r\u0103 Radu \u0219i Cristina l\u00e2ng\u0103 ea.<\/p>\n\n\n\n<p class=\"wp-block-paragraph\">Pentru prima dat\u0103 a povestit totul de la \u00eenceput p\u00e2n\u0103 la sf\u00e2r\u0219it.<\/p>\n\n\n\n<p class=\"wp-block-paragraph\">Unele lucruri nu ap\u0103reau nici m\u0103car \u00een telefon.<\/p>\n\n\n\n<p class=\"wp-block-paragraph\">Mi-a spus c\u0103 ajunsese s\u0103 se team\u0103 s\u0103-mi trimit\u0103 mesaje din casa tat\u0103lui ei.<\/p>\n\n\n\n<p class=\"wp-block-paragraph\">C\u0103 \u0219tergea conversa\u021bii.<\/p>\n\n\n\n<p class=\"wp-block-paragraph\">C\u0103 uneori \u00ee\u0219i l\u0103sa telefonul la vedere doar ca Radu \u0219i Cristina s\u0103 cread\u0103 c\u0103 nu ascunde nimic.<\/p>\n\n\n\n<p class=\"wp-block-paragraph\">Telefonul vechi \u00eel \u021binea \u00eentr-un buzunar rupt din interiorul rucsacului.<\/p>\n\n\n\n<p class=\"wp-block-paragraph\">\u2014 De asta \u00eel aveai?<\/p>\n\n\n\n<p class=\"wp-block-paragraph\">\u2014 Da.<\/p>\n\n\n\n<p class=\"wp-block-paragraph\">\u2014 De ce ai \u00eenceput s\u0103 str\u00e2ngi dovezi?<\/p>\n\n\n\n<p class=\"wp-block-paragraph\">Sofia a r\u0103mas c\u00e2teva secunde t\u0103cut\u0103.<\/p>\n\n\n\n<p class=\"wp-block-paragraph\">\u2014 Pentru c\u0103 tata spunea mereu c\u0103, dac\u0103 m\u0103 pl\u00e2ng, voi o s\u0103 crede\u021bi doi adul\u021bi, nu un copil.<\/p>\n\n\n\n<p class=\"wp-block-paragraph\">Cuvintele acelea m-au urm\u0103rit mult timp.<\/p>\n\n\n\n<p class=\"wp-block-paragraph\">Radu a \u00eencercat s\u0103 explice fiecare incident separat.<\/p>\n\n\n\n<p class=\"wp-block-paragraph\">Ploaia fusese \u201cdoar c\u00e2teva minute\u201d.<\/p>\n\n\n\n<p class=\"wp-block-paragraph\">Telefonul fusese confiscat \u201cpentru obr\u0103znicie\u201d.<\/p>\n\n\n\n<p class=\"wp-block-paragraph\">Izolarea fusese \u201ctimp pentru lini\u0219tire\u201d.<\/p>\n\n\n\n<p class=\"wp-block-paragraph\">Cristina doar \u201c\u00eencerca s\u0103 stabileasc\u0103 limite\u201d.<\/p>\n\n\n\n<p class=\"wp-block-paragraph\">Dar problema era c\u0103 nu mai exista un singur incident pe care s\u0103-l poat\u0103 explica.<\/p>\n\n\n\n<p class=\"wp-block-paragraph\">Exista un tipar.<\/p>\n\n\n\n<p class=\"wp-block-paragraph\">La una dintre discu\u021biile dintre noi, Radu mi-a spus:<\/p>\n\n\n\n<p class=\"wp-block-paragraph\">\u2014 Nu po\u021bi cre\u0219te un copil f\u0103r\u0103 consecin\u021be.<\/p>\n\n\n\n<p class=\"wp-block-paragraph\">\u2014 Sunt de acord.<\/p>\n\n\n\n<p class=\"wp-block-paragraph\">A p\u0103rut surprins.<\/p>\n\n\n\n<p class=\"wp-block-paragraph\">\u2014 Atunci care este problema?<\/p>\n\n\n\n<p class=\"wp-block-paragraph\">\u2014 O limit\u0103 \u00eei spune unui copil ce nu are voie s\u0103 fac\u0103. Frica \u00eel \u00eenva\u021b\u0103 c\u0103 nu are voie s\u0103 vorbeasc\u0103.<\/p>\n\n\n\n<p class=\"wp-block-paragraph\">N-a mai r\u0103spuns.<\/p>\n\n\n\n<p class=\"wp-block-paragraph\">\u00cen urma evalu\u0103rilor \u0219i a demersurilor f\u0103cute, programul Sofiei a fost schimbat.<\/p>\n\n\n\n<p class=\"wp-block-paragraph\">Nu a mai fost obligat\u0103 s\u0103 petreac\u0103 weekendurile singur\u0103 \u00een casa tat\u0103lui ei, iar contactul cu Radu a continuat doar \u00een condi\u021biile stabilite pentru siguran\u021ba \u0219i confortul ei.<\/p>\n\n\n\n<p class=\"wp-block-paragraph\">Cristina nu a mai avut niciun rol \u00een stabilirea pedepselor pentru Sofia.<\/p>\n\n\n\n<p class=\"wp-block-paragraph\">Radu a fost furios.<\/p>\n\n\n\n<p class=\"wp-block-paragraph\">O perioad\u0103 m-a acuzat c\u0103 \u00eei distrug rela\u021bia cu fiica lui.<\/p>\n\n\n\n<p class=\"wp-block-paragraph\">Dar eu \u00een\u021belesesem, \u00een sf\u00e2r\u0219it, ceva foarte simplu.<\/p>\n\n\n\n<p class=\"wp-block-paragraph\">Rela\u021bia aceea nu fusese distrus\u0103 de mine.<\/p>\n\n\n\n<p class=\"wp-block-paragraph\">\u0218i nici de Sofia.<\/p>\n\n\n\n<p class=\"wp-block-paragraph\">Trecuser\u0103 aproape \u0219ase luni c\u00e2nd, \u00eentr-o sear\u0103, am g\u0103sit-o pe fiica mea \u00een buc\u0103t\u0103rie f\u0103c\u00e2ndu-\u0219i un sandvi\u0219.<\/p>\n\n\n\n<p class=\"wp-block-paragraph\">P\u0103rea din nou copilul pe care \u00eel \u0219tiam.<\/p>\n\n\n\n<p class=\"wp-block-paragraph\">Nu se mai uita permanent la telefon c\u00e2nd primea un mesaj.<\/p>\n\n\n\n<p class=\"wp-block-paragraph\">Nu mai inventa dureri de burt\u0103 \u00eenainte de weekend.<\/p>\n\n\n\n<p class=\"wp-block-paragraph\">Dormea mai bine.<\/p>\n\n\n\n<p class=\"wp-block-paragraph\">M-am a\u0219ezat l\u00e2ng\u0103 ea.<\/p>\n\n\n\n<p class=\"wp-block-paragraph\">\u2014 Sofia?<\/p>\n\n\n\n<p class=\"wp-block-paragraph\">\u2014 Da?<\/p>\n\n\n\n<p class=\"wp-block-paragraph\">\u2014 Pot s\u0103 te \u00eentreb ceva?<\/p>\n\n\n\n<p class=\"wp-block-paragraph\">A dat din cap.<\/p>\n\n\n\n<p class=\"wp-block-paragraph\">\u2014 De ce n-ai venit \u00eentr-o zi pur \u0219i simplu s\u0103-mi spui: \u201cMam\u0103, mi-e fric\u0103 s\u0103 merg la tata\u201d?<\/p>\n\n\n\n<p class=\"wp-block-paragraph\">A r\u0103mas cu privirea \u00een farfurie.<\/p>\n\n\n\n<p class=\"wp-block-paragraph\">\u2014 Pentru c\u0103 n-am \u0219tiut cum.<\/p>\n\n\n\n<p class=\"wp-block-paragraph\">Apoi s-a uitat la mine.<\/p>\n\n\n\n<p class=\"wp-block-paragraph\">\u2014 Prima dat\u0103 \u021bi-am spus c\u0103 nu-mi place la ei.<\/p>\n\n\n\n<p class=\"wp-block-paragraph\">Am dat din cap.<\/p>\n\n\n\n<p class=\"wp-block-paragraph\">\u2014 \u0218tiu.<\/p>\n\n\n\n<p class=\"wp-block-paragraph\">\u2014 Dup\u0103 aceea \u021bi-am spus c\u0103 nu vreau s\u0103 merg.<\/p>\n\n\n\n<p class=\"wp-block-paragraph\">\u2014 \u0218tiu.<\/p>\n\n\n\n<p class=\"wp-block-paragraph\">\u2014 Dup\u0103 aceea am \u00eenceput s\u0103 spun c\u0103 m\u0103 doare burta.<\/p>\n\n\n\n<p class=\"wp-block-paragraph\">Mi s-a str\u00e2ns inima.<\/p>\n\n\n\n<p class=\"wp-block-paragraph\">\u00cemi aminteam fiecare dintre acele conversa\u021bii.<\/p>\n\n\n\n<p class=\"wp-block-paragraph\">\u0218i \u00eemi aminteam r\u0103spunsurile mele.<\/p>\n\n\n\n<p class=\"wp-block-paragraph\">\u201cEste tat\u0103l t\u0103u.\u201d<\/p>\n\n\n\n<p class=\"wp-block-paragraph\">\u201cTrebuie s\u0103 \u00eencerci \u0219i tu.\u201d<\/p>\n\n\n\n<p class=\"wp-block-paragraph\">\u201cPoate Cristina vrea doar s\u0103 te ajute.\u201d<\/p>\n\n\n\n<p class=\"wp-block-paragraph\">\u2014 Tu chiar mi-ai spus, am \u0219optit.<\/p>\n\n\n\n<p class=\"wp-block-paragraph\">Sofia a dat din cap.<\/p>\n\n\n\n<p class=\"wp-block-paragraph\">\u2014 Doar c\u0103 nu am \u0219tiut s\u0103 spun mai clar.<\/p>\n\n\n\n<p class=\"wp-block-paragraph\">Am luat-o \u00een bra\u021be.<\/p>\n\n\n\n<p class=\"wp-block-paragraph\">\u2014 Nu. Eu trebuia s\u0103 \u00eentreb mai mult.<\/p>\n\n\n\n<p class=\"wp-block-paragraph\">Am stat a\u0219a c\u00e2teva clipe.<\/p>\n\n\n\n<p class=\"wp-block-paragraph\">Apoi Sofia mi-a spus ceva ce n-am uitat niciodat\u0103:<\/p>\n\n\n\n<p class=\"wp-block-paragraph\">\u2014 Mam\u0103, eu nu aveam nevoie s\u0103 fii de partea mea \u00eenainte s\u0103 \u0219tii adev\u0103rul. Aveam nevoie doar s\u0103 m\u0103 \u00eentrebi de ce nu vreau s\u0103 merg.<\/p>\n\n\n\n<p class=\"wp-block-paragraph\">Atunci am \u00een\u021beles.<\/p>\n\n\n\n<p class=\"wp-block-paragraph\">Uneori un copil nu spune: \u201cAjut\u0103-m\u0103.\u201d<\/p>\n\n\n\n<p class=\"wp-block-paragraph\">Spune:<\/p>\n\n\n\n<p class=\"wp-block-paragraph\">\u201cNu vreau s\u0103 merg.\u201d<\/p>\n\n\n\n<p class=\"wp-block-paragraph\">\u201cM\u0103 doare burta.\u201d<\/p>\n\n\n\n<p class=\"wp-block-paragraph\">\u201cPot s\u0103 r\u0103m\u00e2n acas\u0103?\u201d<\/p>\n\n\n\n<p class=\"wp-block-paragraph\">Iar \u00een spatele unor cuvinte aparent obi\u0219nuite poate exista o \u00eentrebare pe care copilul nu \u0219tie \u00eenc\u0103 s\u0103 o rosteasc\u0103.<\/p>\n\n\n\n<p class=\"wp-block-paragraph\">\u201cVrei s\u0103 m\u0103 ascul\u021bi p\u00e2n\u0103 la cap\u0103t?\u201d<\/p>\n\n\n\n<p class=\"wp-block-paragraph\">De atunci, c\u00e2nd Sofia \u00eemi spune c\u0103 ceva nu este \u00een regul\u0103, primul meu r\u0103spuns nu mai este s\u0103-i explic ce ar trebui s\u0103 fac\u0103.<\/p>\n\n\n\n<p class=\"wp-block-paragraph\">Este s\u0103 o \u00eentreb:<\/p>\n\n\n\n<p class=\"wp-block-paragraph\">\u2014 Spune-mi de ce. Te ascult.<\/p>\n","protected":false},"excerpt":{"rendered":"<p>Partea a 2-a \u2013 Continuarea pove\u0219tii \ud83d\udc49Am ap\u0103sat pe \u00eenregistrare. La \u00eenceput s-au auzit doar ni\u0219te zgomote \u0219i vocea Cristinei din alt\u0103 camer\u0103. Apoi vocea Sofiei: \u2014 Vreau s\u0103 o sun pe mama. Radu i-a r\u0103spuns: \u2014 Nu o suni pe mama pentru fiecare prostie. \u2014 Dar trebuia s\u0103 m\u0103 ia la \u0219apte. \u2014 Te &#8230; <a title=\"C\u00e2nd am venit s\u0103-mi iau fiica de 15 ani de la tat\u0103l ei, am g\u0103sit-o ud\u0103 leoarc\u0103 pe treptele casei, \u00een ploaie, cu rucsacul l\u00e2ng\u0103 ea \u0219i f\u0103r\u0103 telefon. Tat\u0103l ei st\u0103tea lini\u0219tit \u00een prag \u0219i mi-a spus: \u201cLas-o. Este pedepsit\u0103.\u201d\" class=\"read-more\" href=\"https:\/\/stiri-faine.com\/?p=6145\" aria-label=\"Read more about C\u00e2nd am venit s\u0103-mi iau fiica de 15 ani de la tat\u0103l ei, am g\u0103sit-o ud\u0103 leoarc\u0103 pe treptele casei, \u00een ploaie, cu rucsacul l\u00e2ng\u0103 ea \u0219i f\u0103r\u0103 telefon. Tat\u0103l ei st\u0103tea lini\u0219tit \u00een prag \u0219i mi-a spus: \u201cLas-o. Este pedepsit\u0103.\u201d\">Read more<\/a><\/p>\n","protected":false},"author":1,"featured_media":0,"comment_status":"open","ping_status":"open","sticky":false,"template":"","format":"standard","meta":{"footnotes":""},"categories":[1],"tags":[],"class_list":["post-6145","post","type-post","status-publish","format-standard","hentry","category-uncategorized"],"_links":{"self":[{"href":"https:\/\/stiri-faine.com\/index.php?rest_route=\/wp\/v2\/posts\/6145","targetHints":{"allow":["GET"]}}],"collection":[{"href":"https:\/\/stiri-faine.com\/index.php?rest_route=\/wp\/v2\/posts"}],"about":[{"href":"https:\/\/stiri-faine.com\/index.php?rest_route=\/wp\/v2\/types\/post"}],"author":[{"embeddable":true,"href":"https:\/\/stiri-faine.com\/index.php?rest_route=\/wp\/v2\/users\/1"}],"replies":[{"embeddable":true,"href":"https:\/\/stiri-faine.com\/index.php?rest_route=%2Fwp%2Fv2%2Fcomments&post=6145"}],"version-history":[{"count":1,"href":"https:\/\/stiri-faine.com\/index.php?rest_route=\/wp\/v2\/posts\/6145\/revisions"}],"predecessor-version":[{"id":6146,"href":"https:\/\/stiri-faine.com\/index.php?rest_route=\/wp\/v2\/posts\/6145\/revisions\/6146"}],"wp:attachment":[{"href":"https:\/\/stiri-faine.com\/index.php?rest_route=%2Fwp%2Fv2%2Fmedia&parent=6145"}],"wp:term":[{"taxonomy":"category","embeddable":true,"href":"https:\/\/stiri-faine.com\/index.php?rest_route=%2Fwp%2Fv2%2Fcategories&post=6145"},{"taxonomy":"post_tag","embeddable":true,"href":"https:\/\/stiri-faine.com\/index.php?rest_route=%2Fwp%2Fv2%2Ftags&post=6145"}],"curies":[{"name":"wp","href":"https:\/\/api.w.org\/{rel}","templated":true}]}}