{"id":6141,"date":"2026-09-04T07:18:10","date_gmt":"2026-09-04T07:18:10","guid":{"rendered":"https:\/\/stiri-faine.com\/?p=6141"},"modified":"2026-09-04T07:18:11","modified_gmt":"2026-09-04T07:18:11","slug":"cu-o-zi-inainte-de-nunta-logodnicul-meu-a-venit-la-mine-impreuna-cu-sora-mea-vitrega-si-mi-a-spus-bianca-este-insarcinata-cu-copilul-meu-maine-nu-va-mai-fi-nicio-nunta-apoi-ea-si","status":"publish","type":"post","link":"https:\/\/stiri-faine.com\/?p=6141","title":{"rendered":"Cu o zi \u00eenainte de nunt\u0103, logodnicul meu a venit la mine \u00eempreun\u0103 cu sora mea vitreg\u0103 \u0219i mi-a spus: \u201cBianca este \u00eens\u0103rcinat\u0103 cu copilul meu. M\u00e2ine nu va mai fi nicio nunt\u0103.\u201d Apoi ea \u0219i-a pus m\u00e2na pe burt\u0103 \u0219i mi-a spus z\u00e2mbind: \u201cNu toate femeile sunt f\u0103cute s\u0103 fie so\u021bii \u0219i mame.\u201d"},"content":{"rendered":"\n<p class=\"wp-block-paragraph\">Partea a 2-a \u2013 Continuarea pove\u0219tii \ud83d\udc49<br>\u2014 Mami!<\/p>\n\n\n\n<p class=\"wp-block-paragraph\">Mara a venit spre mine cu bra\u021bele \u00eentinse.<\/p>\n\n\n\n<p class=\"wp-block-paragraph\">M-am aplecat \u0219i am luat-o \u00een bra\u021be.<\/p>\n\n\n\n<p class=\"wp-block-paragraph\">\u2014 U\u0219or, iubita mea.<\/p>\n\n\n\n<p class=\"wp-block-paragraph\">\u2014 Am ales eu florile pentru bunicul!<\/p>\n\n\n\n<p class=\"wp-block-paragraph\">\u00cen urma ei venea \u0218tefan.<\/p>\n\n\n\n<p class=\"wp-block-paragraph\">So\u021bul meu.<\/p>\n\n\n\n<p class=\"wp-block-paragraph\">La patruzeci \u0219i cinci de ani, \u0218tefan Ionescu era unul dintre cei mai respecta\u021bi antreprenori din mediul de afaceri bucure\u0219tean. Dar \u00een clipa aceea nu m\u0103 interesa cine \u00eel cuno\u0219tea \u0219i c\u00e2te companii avea.<\/p>\n\n\n\n<p class=\"wp-block-paragraph\">Era omul care \u00eemi \u021binuse m\u00e2na \u00een ultimele luni de boal\u0103 ale tatei. Omul care se trezise noaptea cu Mara ca eu s\u0103 pot r\u0103m\u00e2ne la spital. Omul care nu-mi ceruse niciodat\u0103 s\u0103 aleg \u00eentre familie \u0219i munc\u0103.<\/p>\n\n\n\n<p class=\"wp-block-paragraph\">S-a apropiat \u0219i m-a s\u0103rutat pe t\u00e2mpl\u0103.<\/p>\n\n\n\n<p class=\"wp-block-paragraph\">\u2014 \u00cemi pare r\u0103u c\u0103 am \u00eent\u00e2rziat. Domni\u0219oara asta a decis c\u0103 florile pentru bunicul trebuie alese personal.<\/p>\n\n\n\n<p class=\"wp-block-paragraph\">Mara a ridicat m\u00e2ndr\u0103 buchetul.<\/p>\n\n\n\n<p class=\"wp-block-paragraph\">\u2014 Cele albe!<\/p>\n\n\n\n<p class=\"wp-block-paragraph\">\u2014 Sunt perfecte, am spus.<\/p>\n\n\n\n<p class=\"wp-block-paragraph\">C\u00e2nd mi-am ridicat privirea, Radu nu mai z\u00e2mbea.<\/p>\n\n\n\n<p class=\"wp-block-paragraph\">Se uita c\u00e2nd la Mara, c\u00e2nd la \u0218tefan, apoi la verigheta mea.<\/p>\n\n\n\n<p class=\"wp-block-paragraph\">Bianca p\u0103rea la fel de uluit\u0103.<\/p>\n\n\n\n<p class=\"wp-block-paragraph\">\u2014 Este\u2026 fiica ta? a \u00eentrebat ea.<\/p>\n\n\n\n<p class=\"wp-block-paragraph\">\u2014 Da.<\/p>\n\n\n\n<p class=\"wp-block-paragraph\">Radu a clipit.<\/p>\n\n\n\n<p class=\"wp-block-paragraph\">\u2014 \u0218i dumnealui\u2026<\/p>\n\n\n\n<p class=\"wp-block-paragraph\">\u0218tefan i-a \u00eentins calm m\u00e2na.<\/p>\n\n\n\n<p class=\"wp-block-paragraph\">\u2014 \u0218tefan Ionescu. So\u021bul Alexandrei.<\/p>\n\n\n\n<p class=\"wp-block-paragraph\">Radu \u00eel recunoscuse.<\/p>\n\n\n\n<p class=\"wp-block-paragraph\">Se vedea.<\/p>\n\n\n\n<p class=\"wp-block-paragraph\">Firma lui de logistic\u0103 \u00eencercase de dou\u0103 ori \u00een ultimii ani s\u0103 intre \u00een proiecte \u00een care grupul lui \u0218tefan era implicat.<\/p>\n\n\n\n<p class=\"wp-block-paragraph\">\u2014 Domnule Ionescu\u2026 desigur. Ne-am \u00eent\u00e2lnit la\u2026<\/p>\n\n\n\n<p class=\"wp-block-paragraph\">\u2014 \u00cemi amintesc, a spus \u0218tefan simplu.<\/p>\n\n\n\n<p class=\"wp-block-paragraph\">Cu c\u00e2teva secunde \u00eenainte, Radu m\u0103 \u00eentrebase dac\u0103 eram amar\u0103 pentru c\u0103 \u00eel pierdusem.<\/p>\n\n\n\n<p class=\"wp-block-paragraph\">Acum \u00ee\u0219i c\u0103uta cuvintele.<\/p>\n\n\n\n<p class=\"wp-block-paragraph\">Bianca a fost prima care \u0219i-a revenit.<\/p>\n\n\n\n<p class=\"wp-block-paragraph\">\u2014 Nu \u0219tiam c\u0103 te-ai c\u0103s\u0103torit.<\/p>\n\n\n\n<p class=\"wp-block-paragraph\">\u2014 Nu m-ai \u00eentrebat niciodat\u0103.<\/p>\n\n\n\n<p class=\"wp-block-paragraph\">\u2014 Dar tata nu ne-a spus nimic.<\/p>\n\n\n\n<p class=\"wp-block-paragraph\">\u2014 Tata \u0219tia.<\/p>\n\n\n\n<p class=\"wp-block-paragraph\">Asta a lovit-o \u0219i mai tare.<\/p>\n\n\n\n<p class=\"wp-block-paragraph\">\u00cen ultimii ani, rela\u021bia mea cu Bianca se redusese la \u00eent\u00e2lniri rare \u0219i conversa\u021bii strict necesare. Nu-i datoram rapoarte despre via\u021ba mea.<\/p>\n\n\n\n<p class=\"wp-block-paragraph\">\u0218tefan \u0219i-a pus discret m\u00e2na pe spatele meu.<\/p>\n\n\n\n<p class=\"wp-block-paragraph\">\u2014 V\u0103 las s\u0103 termina\u021bi discu\u021bia. O duc pe Mara s\u0103 pun\u0103 florile.<\/p>\n\n\n\n<p class=\"wp-block-paragraph\">\u00cenainte s\u0103 plece, Mara m-a s\u0103rutat zgomotos pe obraz.<\/p>\n\n\n\n<p class=\"wp-block-paragraph\">\u2014 Te iubesc, mami.<\/p>\n\n\n\n<p class=\"wp-block-paragraph\">\u2014 \u0218i eu te iubesc.<\/p>\n\n\n\n<p class=\"wp-block-paragraph\">Am privit-o plec\u00e2nd de m\u00e2n\u0103 cu tat\u0103l ei.<\/p>\n\n\n\n<p class=\"wp-block-paragraph\">Apoi m-am \u00eentors spre cei doi oameni care, cu \u0219apte ani \u00eenainte, \u00eemi explicaser\u0103 c\u0103 nu eram f\u0103cut\u0103 pentru familie.<\/p>\n\n\n\n<p class=\"wp-block-paragraph\">Radu \u0219i-a dres glasul.<\/p>\n\n\n\n<p class=\"wp-block-paragraph\">\u2014 M\u0103 bucur pentru tine.<\/p>\n\n\n\n<p class=\"wp-block-paragraph\">\u2014 Mul\u021bumesc.<\/p>\n\n\n\n<p class=\"wp-block-paragraph\">\u2014 Chiar m\u0103 bucur.<\/p>\n\n\n\n<p class=\"wp-block-paragraph\">\u2014 Ai spus deja.<\/p>\n\n\n\n<p class=\"wp-block-paragraph\">Bianca \u0219i-a str\u00e2ns geanta la piept.<\/p>\n\n\n\n<p class=\"wp-block-paragraph\">\u2014 \u0218i cu compania ce se \u00eent\u00e2mpl\u0103 acum?<\/p>\n\n\n\n<p class=\"wp-block-paragraph\">Acolo era, de fapt, motivul pentru care veniser\u0103 at\u00e2t de devreme \u0219i se interesau at\u00e2t de mult de mine.<\/p>\n\n\n\n<p class=\"wp-block-paragraph\">Mo\u0219tenirea.<\/p>\n\n\n\n<p class=\"wp-block-paragraph\">\u2014 Nu discut despre asta ast\u0103zi.<\/p>\n\n\n\n<p class=\"wp-block-paragraph\">\u2014 Sunt \u0219i eu fiica lui, Alexandra.<\/p>\n\n\n\n<p class=\"wp-block-paragraph\">\u2014 N-am spus c\u0103 nu e\u0219ti.<\/p>\n\n\n\n<p class=\"wp-block-paragraph\">\u2014 Atunci am dreptul s\u0103 \u0219tiu.<\/p>\n\n\n\n<p class=\"wp-block-paragraph\">Am privit-o.<\/p>\n\n\n\n<p class=\"wp-block-paragraph\">\u2014 Ast\u0103zi ne \u00eengrop\u0103m tat\u0103l. Despre bani putem vorbi dup\u0103.<\/p>\n\n\n\n<p class=\"wp-block-paragraph\">Dou\u0103 zile mai t\u00e2rziu ne-am \u00eent\u00e2lnit \u00een biroul avocatului familiei.<\/p>\n\n\n\n<p class=\"wp-block-paragraph\">Bianca venise \u00eempreun\u0103 cu Radu.<\/p>\n\n\n\n<p class=\"wp-block-paragraph\">Eu venisem singur\u0103.<\/p>\n\n\n\n<p class=\"wp-block-paragraph\">\u0218tefan se oferise s\u0103 m\u0103 \u00eenso\u021beasc\u0103, dar refuzasem.<\/p>\n\n\n\n<p class=\"wp-block-paragraph\">Era familia mea. Era compania \u00een care muncisem aproape dou\u0103zeci de ani. \u0218i puteam s\u0103 stau singur\u0103 la masa aceea.<\/p>\n\n\n\n<p class=\"wp-block-paragraph\">Tata nu o dezmo\u0219tenise pe Bianca.<\/p>\n\n\n\n<p class=\"wp-block-paragraph\">\u00cei l\u0103sase dou\u0103 propriet\u0103\u021bi, investi\u021bii \u0219i o sum\u0103 de bani care i-ar fi permis s\u0103 tr\u0103iasc\u0103 foarte confortabil.<\/p>\n\n\n\n<p class=\"wp-block-paragraph\">Dar controlul grupului Dumitrescu \u00eemi revenea mie.<\/p>\n\n\n\n<p class=\"wp-block-paragraph\">Bianca s-a \u00eendreptat \u00een scaun.<\/p>\n\n\n\n<p class=\"wp-block-paragraph\">\u2014 Cum adic\u0103 Alexandra controleaz\u0103 compania?<\/p>\n\n\n\n<p class=\"wp-block-paragraph\">Avocatul a r\u0103mas calm.<\/p>\n\n\n\n<p class=\"wp-block-paragraph\">\u2014 Domnul Dumitrescu \u00eencepuse transferul participa\u021biilor cu drept de vot \u00een urm\u0103 cu trei ani. Testamentul confirm\u0103 structura r\u0103mas\u0103.<\/p>\n\n\n\n<p class=\"wp-block-paragraph\">\u2014 F\u0103r\u0103 s\u0103-mi spun\u0103?<\/p>\n\n\n\n<p class=\"wp-block-paragraph\">\u2014 Dumneavoastr\u0103 nu a\u021bi lucrat \u00een companie.<\/p>\n\n\n\n<p class=\"wp-block-paragraph\">Radu s-a mi\u0219cat nelini\u0219tit.<\/p>\n\n\n\n<p class=\"wp-block-paragraph\">\u0218tia foarte bine ce \u00eensemna.<\/p>\n\n\n\n<p class=\"wp-block-paragraph\">Firma lui avea unul dintre cele mai importante contracte cu grupul nostru.<\/p>\n\n\n\n<p class=\"wp-block-paragraph\">Contract ob\u021binut pe vremea c\u00e2nd tata \u00eenc\u0103 \u00eel considera aproape un membru al familiei.<\/p>\n\n\n\n<p class=\"wp-block-paragraph\">Dup\u0103 \u00eent\u00e2lnire, m-a ajuns din urm\u0103 pe hol.<\/p>\n\n\n\n<p class=\"wp-block-paragraph\">\u2014 Alexandra, putem vorbi dou\u0103 minute?<\/p>\n\n\n\n<p class=\"wp-block-paragraph\">Bianca era c\u00e2\u021biva pa\u0219i \u00een spatele lui.<\/p>\n\n\n\n<p class=\"wp-block-paragraph\">\u2014 Despre?<\/p>\n\n\n\n<p class=\"wp-block-paragraph\">\u2014 Contractul firmei mele.<\/p>\n\n\n\n<p class=\"wp-block-paragraph\">Am z\u00e2mbit f\u0103r\u0103 bucurie.<\/p>\n\n\n\n<p class=\"wp-block-paragraph\">Cu \u0219apte ani \u00eenainte \u00eemi spusese c\u0103 eram prea preocupat\u0103 de cifre \u0219i rapoarte ca s\u0103 fiu \u201co so\u021bie adev\u0103rat\u0103\u201d.<\/p>\n\n\n\n<p class=\"wp-block-paragraph\">Acum voia s\u0103 vorbim despre cifre \u0219i rapoarte.<\/p>\n\n\n\n<p class=\"wp-block-paragraph\">\u2014 Ce-i cu el?<\/p>\n\n\n\n<p class=\"wp-block-paragraph\">\u2014 Expir\u0103 peste trei luni.<\/p>\n\n\n\n<p class=\"wp-block-paragraph\">\u2014 \u0218tiu.<\/p>\n\n\n\n<p class=\"wp-block-paragraph\">\u2014 Tat\u0103l t\u0103u \u00eemi spusese c\u0103 \u00eel vom prelungi.<\/p>\n\n\n\n<p class=\"wp-block-paragraph\">\u2014 Tata nu mai este aici.<\/p>\n\n\n\n<p class=\"wp-block-paragraph\">Fa\u021ba i s-a \u00eencordat.<\/p>\n\n\n\n<p class=\"wp-block-paragraph\">\u2014 Sper c\u0103 nu vei amesteca trecutul nostru cu afacerile.<\/p>\n\n\n\n<p class=\"wp-block-paragraph\">\u2014 Nici prin cap nu-mi trece.<\/p>\n\n\n\n<p class=\"wp-block-paragraph\">A p\u0103rut u\u0219urat.<\/p>\n\n\n\n<p class=\"wp-block-paragraph\">\u2014 Contractul va fi evaluat exact ca toate celelalte.<\/p>\n\n\n\n<p class=\"wp-block-paragraph\">\u2014 Perfect.<\/p>\n\n\n\n<p class=\"wp-block-paragraph\">\u2014 F\u0103r\u0103 favoruri.<\/p>\n\n\n\n<p class=\"wp-block-paragraph\">Z\u00e2mbetul lui a disp\u0103rut.<\/p>\n\n\n\n<p class=\"wp-block-paragraph\">\u2014 Ce favoruri?<\/p>\n\n\n\n<p class=\"wp-block-paragraph\">\u2014 Radu, am condus finan\u021bele grupului ani \u00eentregi. Chiar credeai c\u0103 nu \u0219tiu?<\/p>\n\n\n\n<p class=\"wp-block-paragraph\">Tata acceptase \u00eent\u00e2rzieri pe care altor furnizori nu le-ar fi acceptat. \u00cei oferise termene de plat\u0103 mai bune. \u00cei permisese s\u0103 corecteze probleme repetate f\u0103r\u0103 penaliz\u0103rile prev\u0103zute \u00een contract.<\/p>\n\n\n\n<p class=\"wp-block-paragraph\">Nu pentru c\u0103 Radu era cel mai bun.<\/p>\n\n\n\n<p class=\"wp-block-paragraph\">Pentru c\u0103 fusese c\u00e2ndva logodnicul fiicei lui, apoi devenise so\u021bul celeilalte.<\/p>\n\n\n\n<p class=\"wp-block-paragraph\">\u2014 De acum \u00eenainte, am continuat, compania ta va fi tratat\u0103 exact ca orice alt furnizor.<\/p>\n\n\n\n<p class=\"wp-block-paragraph\">\u2014 Alexandra\u2026<\/p>\n\n\n\n<p class=\"wp-block-paragraph\">\u2014 Nu este r\u0103zbunare. Este afacere. Exact domeniul despre care spuneai c\u0103 sunt at\u00e2t de obsedat\u0103.<\/p>\n\n\n\n<p class=\"wp-block-paragraph\">Am plecat.<\/p>\n\n\n\n<p class=\"wp-block-paragraph\">Trei luni mai t\u00e2rziu, comisia de achizi\u021bii a analizat ofertele f\u0103r\u0103 mine.<\/p>\n\n\n\n<p class=\"wp-block-paragraph\">Insistasem s\u0103 nu particip la vot tocmai pentru ca nimeni s\u0103 nu poat\u0103 spune c\u0103 luasem o decizie personal\u0103.<\/p>\n\n\n\n<p class=\"wp-block-paragraph\">Firma lui Radu nu a c\u00e2\u0219tigat.<\/p>\n\n\n\n<p class=\"wp-block-paragraph\">Avea pre\u021buri prea mari, \u00eent\u00e2rzieri repetate \u0219i datorii pe care ani \u00eentregi reu\u0219ise s\u0103 le ascund\u0103 \u00een spatele rela\u021biilor cu tata.<\/p>\n\n\n\n<p class=\"wp-block-paragraph\">F\u0103r\u0103 contractul nostru, problemele lui n-au mai putut fi am\u00e2nate.<\/p>\n\n\n\n<p class=\"wp-block-paragraph\">Nu s-a pr\u0103bu\u0219it \u00eentr-o s\u0103pt\u0103m\u00e2n\u0103.<\/p>\n\n\n\n<p class=\"wp-block-paragraph\">Via\u021ba real\u0103 rareori func\u021bioneaz\u0103 a\u0219a.<\/p>\n\n\n\n<p class=\"wp-block-paragraph\">Dar \u00een urm\u0103torul an a fost obligat s\u0103-\u0219i restr\u00e2ng\u0103 firma, s\u0103 v\u00e2nd\u0103 o parte din active \u0219i s\u0103 renun\u021be la imaginea de mare om de afaceri pe care o \u00eentre\u021binuse at\u00e2t de atent.<\/p>\n\n\n\n<p class=\"wp-block-paragraph\">Bianca m-a sunat o singur\u0103 dat\u0103.<\/p>\n\n\n\n<p class=\"wp-block-paragraph\">\u2014 E\u0219ti mul\u021bumit\u0103?<\/p>\n\n\n\n<p class=\"wp-block-paragraph\">\u2014 De ce a\u0219 fi?<\/p>\n\n\n\n<p class=\"wp-block-paragraph\">\u2014 Firma lui Radu se duce \u00een jos \u0219i tu stai pe milioane.<\/p>\n\n\n\n<p class=\"wp-block-paragraph\">\u2014 Eu nu i-am luat nimic.<\/p>\n\n\n\n<p class=\"wp-block-paragraph\">\u2014 Ai fi putut s\u0103-l aju\u021bi.<\/p>\n\n\n\n<p class=\"wp-block-paragraph\">Am t\u0103cut o clip\u0103.<\/p>\n\n\n\n<p class=\"wp-block-paragraph\">\u2014 \u0218i eu am putut fi ajutat\u0103 cu o zi \u00eenainte de nunt\u0103, Bianca.<\/p>\n\n\n\n<p class=\"wp-block-paragraph\">N-a r\u0103spuns.<\/p>\n\n\n\n<p class=\"wp-block-paragraph\">\u2014 Diferen\u021ba este c\u0103 eu nu v\u0103 fac vou\u0103 ce mi-a\u021bi f\u0103cut voi mie. Pur \u0219i simplu nu v\u0103 mai \u021bin \u00een spate.<\/p>\n\n\n\n<p class=\"wp-block-paragraph\">Am \u00eenchis.<\/p>\n\n\n\n<p class=\"wp-block-paragraph\">Nu am mai sim\u021bit satisfac\u021bia pe care mi-o imaginasem c\u00e2ndva.<\/p>\n\n\n\n<p class=\"wp-block-paragraph\">Doar lini\u0219te.<\/p>\n\n\n\n<p class=\"wp-block-paragraph\">\u00centr-o sear\u0103, aproape un an mai t\u00e2rziu, eram la un eveniment de afaceri cu \u0218tefan c\u00e2nd l-am \u00eent\u00e2lnit din nou pe Radu.<\/p>\n\n\n\n<p class=\"wp-block-paragraph\">P\u0103rea mai obosit.<\/p>\n\n\n\n<p class=\"wp-block-paragraph\">\u2014 Alexandra.<\/p>\n\n\n\n<p class=\"wp-block-paragraph\">\u2014 Bun\u0103, Radu.<\/p>\n\n\n\n<p class=\"wp-block-paragraph\">S-a uitat spre \u0218tefan, care vorbea cu cineva la c\u00e2\u021biva metri de noi.<\/p>\n\n\n\n<p class=\"wp-block-paragraph\">\u2014 Ai avut noroc, a spus.<\/p>\n\n\n\n<p class=\"wp-block-paragraph\">\u2014 Cu ce?<\/p>\n\n\n\n<p class=\"wp-block-paragraph\">\u2014 Cu toate. Compania tat\u0103lui t\u0103u. \u0218tefan. Copilul. Via\u021ba asta.<\/p>\n\n\n\n<p class=\"wp-block-paragraph\">Am z\u00e2mbit.<\/p>\n\n\n\n<p class=\"wp-block-paragraph\">Pentru prima dat\u0103, cuvintele lui nu m-au atins deloc.<\/p>\n\n\n\n<p class=\"wp-block-paragraph\">\u2014 Nu, Radu. Noroc am avut cu \u0219apte ani \u00een urm\u0103.<\/p>\n\n\n\n<p class=\"wp-block-paragraph\">S-a \u00eencruntat.<\/p>\n\n\n\n<p class=\"wp-block-paragraph\">\u2014 C\u00e2nd?<\/p>\n\n\n\n<p class=\"wp-block-paragraph\">\u2014 Cu dou\u0103zeci \u0219i patru de ore \u00eenainte de nunt\u0103.<\/p>\n\n\n\n<p class=\"wp-block-paragraph\">A r\u0103mas t\u0103cut.<\/p>\n\n\n\n<p class=\"wp-block-paragraph\">\u2014 Atunci c\u00e2nd ai intrat \u00een camera mea cu Bianca \u0219i mi-ai spus adev\u0103rul. Doar c\u0103 mi-au trebuit ani ca s\u0103 \u00een\u021beleg.<\/p>\n\n\n\n<p class=\"wp-block-paragraph\">\u2014 S\u0103 \u00een\u021belegi ce?<\/p>\n\n\n\n<p class=\"wp-block-paragraph\">M-am uitat spre \u0218tefan.<\/p>\n\n\n\n<p class=\"wp-block-paragraph\">Tocmai \u00ee\u0219i scosese telefonul \u0219i \u00eemi ar\u0103ta de la distan\u021b\u0103 o fotografie trimis\u0103 de mama lui: Mara adormise pe canapea cu una dintre p\u0103pu\u0219i \u00een bra\u021be.<\/p>\n\n\n\n<p class=\"wp-block-paragraph\">Am z\u00e2mbit.<\/p>\n\n\n\n<p class=\"wp-block-paragraph\">Apoi m-am \u00eentors spre Radu.<\/p>\n\n\n\n<p class=\"wp-block-paragraph\">\u2014 C\u0103 \u00een ziua aceea n-am pierdut cea mai bun\u0103 \u0219ans\u0103 din via\u021ba mea.<\/p>\n\n\n\n<p class=\"wp-block-paragraph\">Am f\u0103cut un pas spre so\u021bul meu.<\/p>\n\n\n\n<p class=\"wp-block-paragraph\">\u2014 Am sc\u0103pat de cea mai mare gre\u0219eal\u0103 \u00eenainte s\u0103 apuc s-o numesc c\u0103snicie.<\/p>\n","protected":false},"excerpt":{"rendered":"<p>Partea a 2-a \u2013 Continuarea pove\u0219tii \ud83d\udc49\u2014 Mami! Mara a venit spre mine cu bra\u021bele \u00eentinse. M-am aplecat \u0219i am luat-o \u00een bra\u021be. \u2014 U\u0219or, iubita mea. \u2014 Am ales eu florile pentru bunicul! \u00cen urma ei venea \u0218tefan. So\u021bul meu. La patruzeci \u0219i cinci de ani, \u0218tefan Ionescu era unul dintre cei mai respecta\u021bi &#8230; <a title=\"Cu o zi \u00eenainte de nunt\u0103, logodnicul meu a venit la mine \u00eempreun\u0103 cu sora mea vitreg\u0103 \u0219i mi-a spus: \u201cBianca este \u00eens\u0103rcinat\u0103 cu copilul meu. M\u00e2ine nu va mai fi nicio nunt\u0103.\u201d Apoi ea \u0219i-a pus m\u00e2na pe burt\u0103 \u0219i mi-a spus z\u00e2mbind: \u201cNu toate femeile sunt f\u0103cute s\u0103 fie so\u021bii \u0219i mame.\u201d\" class=\"read-more\" href=\"https:\/\/stiri-faine.com\/?p=6141\" aria-label=\"Read more about Cu o zi \u00eenainte de nunt\u0103, logodnicul meu a venit la mine \u00eempreun\u0103 cu sora mea vitreg\u0103 \u0219i mi-a spus: \u201cBianca este \u00eens\u0103rcinat\u0103 cu copilul meu. M\u00e2ine nu va mai fi nicio nunt\u0103.\u201d Apoi ea \u0219i-a pus m\u00e2na pe burt\u0103 \u0219i mi-a spus z\u00e2mbind: \u201cNu toate femeile sunt f\u0103cute s\u0103 fie so\u021bii \u0219i mame.\u201d\">Read more<\/a><\/p>\n","protected":false},"author":1,"featured_media":0,"comment_status":"open","ping_status":"open","sticky":false,"template":"","format":"standard","meta":{"footnotes":""},"categories":[1],"tags":[],"class_list":["post-6141","post","type-post","status-publish","format-standard","hentry","category-uncategorized"],"_links":{"self":[{"href":"https:\/\/stiri-faine.com\/index.php?rest_route=\/wp\/v2\/posts\/6141","targetHints":{"allow":["GET"]}}],"collection":[{"href":"https:\/\/stiri-faine.com\/index.php?rest_route=\/wp\/v2\/posts"}],"about":[{"href":"https:\/\/stiri-faine.com\/index.php?rest_route=\/wp\/v2\/types\/post"}],"author":[{"embeddable":true,"href":"https:\/\/stiri-faine.com\/index.php?rest_route=\/wp\/v2\/users\/1"}],"replies":[{"embeddable":true,"href":"https:\/\/stiri-faine.com\/index.php?rest_route=%2Fwp%2Fv2%2Fcomments&post=6141"}],"version-history":[{"count":1,"href":"https:\/\/stiri-faine.com\/index.php?rest_route=\/wp\/v2\/posts\/6141\/revisions"}],"predecessor-version":[{"id":6142,"href":"https:\/\/stiri-faine.com\/index.php?rest_route=\/wp\/v2\/posts\/6141\/revisions\/6142"}],"wp:attachment":[{"href":"https:\/\/stiri-faine.com\/index.php?rest_route=%2Fwp%2Fv2%2Fmedia&parent=6141"}],"wp:term":[{"taxonomy":"category","embeddable":true,"href":"https:\/\/stiri-faine.com\/index.php?rest_route=%2Fwp%2Fv2%2Fcategories&post=6141"},{"taxonomy":"post_tag","embeddable":true,"href":"https:\/\/stiri-faine.com\/index.php?rest_route=%2Fwp%2Fv2%2Ftags&post=6141"}],"curies":[{"name":"wp","href":"https:\/\/api.w.org\/{rel}","templated":true}]}}