{"id":6139,"date":"2026-09-04T07:16:37","date_gmt":"2026-09-04T07:16:37","guid":{"rendered":"https:\/\/stiri-faine.com\/?p=6139"},"modified":"2026-09-04T07:16:37","modified_gmt":"2026-09-04T07:16:37","slug":"o-femeie-cu-un-troler-a-sunat-la-usa-mea-si-mi-a-spus-am-venit-sa-locuiesc-cu-costel-dumneavoastra-sunteti-sora-lui-cand-i-am-raspuns-ca-sunt-sotia-a-ramas-fara-cuvinte-dar-adev","status":"publish","type":"post","link":"https:\/\/stiri-faine.com\/?p=6139","title":{"rendered":"O femeie cu un troler a sunat la u\u0219a mea \u0219i mi-a spus: \u201cAm venit s\u0103 locuiesc cu Costel. Dumneavoastr\u0103 sunte\u021bi sora lui?\u201d C\u00e2nd i-am r\u0103spuns c\u0103 sunt so\u021bia, a r\u0103mas f\u0103r\u0103 cuvinte. Dar adev\u0103ratul \u0219oc a venit c\u00e2nd mi-a ar\u0103tat mesajul pe care so\u021bul meu i-l trimisese chiar \u00een ziua aceea."},"content":{"rendered":"\n<p class=\"wp-block-paragraph\">Partea a 2-a \u2013 Continuarea pove\u0219tii \ud83d\udc49<br>\u2014 Nu-i spune c\u0103 ne-am \u00eent\u00e2lnit.<\/p>\n\n\n\n<p class=\"wp-block-paragraph\">Larisa m-a privit de parc\u0103 nu \u00een\u021belesese.<\/p>\n\n\n\n<p class=\"wp-block-paragraph\">Telefonul continua s\u0103 vibreze \u00een m\u00e2na mea.<\/p>\n\n\n\n<p class=\"wp-block-paragraph\">COSTEL.<\/p>\n\n\n\n<p class=\"wp-block-paragraph\">\u2014 De ce? a \u0219optit ea.<\/p>\n\n\n\n<p class=\"wp-block-paragraph\">\u2014 Pentru c\u0103 vreau s\u0103 aud ce ne spune fiec\u0103reia c\u00e2nd crede c\u0103 cealalt\u0103 nu \u0219tie nimic.<\/p>\n\n\n\n<p class=\"wp-block-paragraph\">Am r\u0103spuns.<\/p>\n\n\n\n<p class=\"wp-block-paragraph\">\u2014 Da?<\/p>\n\n\n\n<p class=\"wp-block-paragraph\">Vocea lui Costel era aceea\u0219i de mai devreme. Cald\u0103. Lini\u0219tit\u0103.<\/p>\n\n\n\n<p class=\"wp-block-paragraph\">\u2014 Ce faci, iubire? Am uitat s\u0103-\u021bi spun c\u0103 m\u00e2ine intr\u0103m devreme pe \u0219antier. Probabil nu apuc s\u0103 te sun diminea\u021b\u0103.<\/p>\n\n\n\n<p class=\"wp-block-paragraph\">M-am uitat la Larisa.<\/p>\n\n\n\n<p class=\"wp-block-paragraph\">Avea ochii umezi.<\/p>\n\n\n\n<p class=\"wp-block-paragraph\">\u2014 Nicio problem\u0103, am r\u0103spuns. Noi suntem bine.<\/p>\n\n\n\n<p class=\"wp-block-paragraph\">\u2014 Sigur?<\/p>\n\n\n\n<p class=\"wp-block-paragraph\">\u2014 Sigur.<\/p>\n\n\n\n<p class=\"wp-block-paragraph\">\u2014 Te iubesc.<\/p>\n\n\n\n<p class=\"wp-block-paragraph\">Mi-am str\u00e2ns degetele \u00een jurul telefonului.<\/p>\n\n\n\n<p class=\"wp-block-paragraph\">\u2014 \u0218i eu.<\/p>\n\n\n\n<p class=\"wp-block-paragraph\">Am \u00eenchis.<\/p>\n\n\n\n<p class=\"wp-block-paragraph\">Larisa s-a a\u0219ezat \u00eencet pe troler.<\/p>\n\n\n\n<p class=\"wp-block-paragraph\">\u2014 Dumnezeule\u2026<\/p>\n\n\n\n<p class=\"wp-block-paragraph\">\u2014 Acum sun\u0103-l tu.<\/p>\n\n\n\n<p class=\"wp-block-paragraph\">A ridicat privirea.<\/p>\n\n\n\n<p class=\"wp-block-paragraph\">\u2014 Aici?<\/p>\n\n\n\n<p class=\"wp-block-paragraph\">\u2014 Aici.<\/p>\n\n\n\n<p class=\"wp-block-paragraph\">A format num\u0103rul.<\/p>\n\n\n\n<p class=\"wp-block-paragraph\">Costel a r\u0103spuns aproape imediat.<\/p>\n\n\n\n<p class=\"wp-block-paragraph\">Larisa a pus telefonul pe difuzor.<\/p>\n\n\n\n<p class=\"wp-block-paragraph\">\u2014 Iubire?<\/p>\n\n\n\n<p class=\"wp-block-paragraph\">M-am sprijinit de perete.<\/p>\n\n\n\n<p class=\"wp-block-paragraph\">Acela\u0219i b\u0103rbat care \u00eemi spusese \u201cte iubesc\u201d cu mai pu\u021bin de un minut \u00eenainte \u00ee\u0219i schimbase vocea.<\/p>\n\n\n\n<p class=\"wp-block-paragraph\">\u2014 Larisa! Ai plecat?<\/p>\n\n\n\n<p class=\"wp-block-paragraph\">\u2014 Da.<\/p>\n\n\n\n<p class=\"wp-block-paragraph\">\u2014 Bravo. \u0218tiam eu c\u0103 p\u00e2n\u0103 la urm\u0103 o s\u0103 ai curaj.<\/p>\n\n\n\n<p class=\"wp-block-paragraph\">\u2014 Sunt pe drum.<\/p>\n\n\n\n<p class=\"wp-block-paragraph\">\u2014 Perfect. Mai rezist\u0103 dou\u0103 zile. C\u00e2nd ajung, rezolv tot.<\/p>\n\n\n\n<p class=\"wp-block-paragraph\">Larisa s-a uitat la mine.<\/p>\n\n\n\n<p class=\"wp-block-paragraph\">\u2014 \u0218i Elena?<\/p>\n\n\n\n<p class=\"wp-block-paragraph\">S-a f\u0103cut lini\u0219te.<\/p>\n\n\n\n<p class=\"wp-block-paragraph\">\u2014 \u021ai-am spus. \u00centre mine \u0219i Elena s-a terminat de mult. Mai sunt ni\u0219te lucruri de pus la punct din cauza copilului \u0219i a apartamentului. At\u00e2t.<\/p>\n\n\n\n<p class=\"wp-block-paragraph\">Mi-am dus m\u00e2na la gur\u0103.<\/p>\n\n\n\n<p class=\"wp-block-paragraph\">Nu ca s\u0103 nu pl\u00e2ng.<\/p>\n\n\n\n<p class=\"wp-block-paragraph\">Ca s\u0103 nu vorbesc.<\/p>\n\n\n\n<p class=\"wp-block-paragraph\">\u2014 Dar dac\u0103 nu vrea s\u0103 plece? a continuat Larisa.<\/p>\n\n\n\n<p class=\"wp-block-paragraph\">Costel a r\u00e2s scurt.<\/p>\n\n\n\n<p class=\"wp-block-paragraph\">\u2014 Las\u0103 asta \u00een seama mea.<\/p>\n\n\n\n<p class=\"wp-block-paragraph\">Acolo s-a rupt ceva definitiv.<\/p>\n\n\n\n<p class=\"wp-block-paragraph\">Larisa a \u00eenchis f\u0103r\u0103 s\u0103-\u0219i ia r\u0103mas-bun.<\/p>\n\n\n\n<p class=\"wp-block-paragraph\">Pentru c\u00e2teva secunde nu ne-am spus nimic.<\/p>\n\n\n\n<p class=\"wp-block-paragraph\">Eram dou\u0103 femei care, cu o or\u0103 \u00eenainte, probabil s-ar fi ur\u00e2t f\u0103r\u0103 s\u0103 se cunoasc\u0103.<\/p>\n\n\n\n<p class=\"wp-block-paragraph\">Acum st\u0103team \u00een acela\u0219i hol \u0219i \u00een\u021belegeam c\u0103 acela\u0219i om ne construise dou\u0103 realit\u0103\u021bi diferite.<\/p>\n\n\n\n<p class=\"wp-block-paragraph\">\u2014 \u00cemi pare r\u0103u, a spus Larisa. Nu \u0219tiu ce altceva s\u0103 spun.<\/p>\n\n\n\n<p class=\"wp-block-paragraph\">\u2014 Ai fotografii cu el aici?<\/p>\n\n\n\n<p class=\"wp-block-paragraph\">A deschis telefonul.<\/p>\n\n\n\n<p class=\"wp-block-paragraph\">Avea.<\/p>\n\n\n\n<p class=\"wp-block-paragraph\">Costel pe canapeaua noastr\u0103.<\/p>\n\n\n\n<p class=\"wp-block-paragraph\">Costel \u00een buc\u0103t\u0103ria mea.<\/p>\n\n\n\n<p class=\"wp-block-paragraph\">Costel pe balcon, diminea\u021ba, cu cana lui preferat\u0103 \u00een m\u00e2n\u0103.<\/p>\n\n\n\n<p class=\"wp-block-paragraph\">\u00centr-o fotografie se vedea peretele din sufragerie.<\/p>\n\n\n\n<p class=\"wp-block-paragraph\">Gol.<\/p>\n\n\n\n<p class=\"wp-block-paragraph\">Exact locul unde st\u0103tea fotografia de la nunta noastr\u0103.<\/p>\n\n\n\n<p class=\"wp-block-paragraph\">Mi-am amintit c\u0103, dup\u0103 ce ne \u00eentorseser\u0103m de la mare, g\u0103sisem rama \u00eentr-un sertar.<\/p>\n\n\n\n<p class=\"wp-block-paragraph\">Costel \u00eemi spusese c\u0103 o d\u0103r\u00e2mase din gre\u0219eal\u0103 c\u00e2nd f\u0103cuse cur\u0103\u021benie.<\/p>\n\n\n\n<p class=\"wp-block-paragraph\">Nu fusese nicio gre\u0219eal\u0103.<\/p>\n\n\n\n<p class=\"wp-block-paragraph\">\u2014 Unde mergi acum? am \u00eentrebat.<\/p>\n\n\n\n<p class=\"wp-block-paragraph\">Larisa a ridicat din umeri.<\/p>\n\n\n\n<p class=\"wp-block-paragraph\">\u2014 Probabil la sora mea. Dup\u0103 ce i-am spus c\u0103 plec pentru Costel, nu \u0219tiu dac\u0103 o s\u0103 m\u0103 primeasc\u0103.<\/p>\n\n\n\n<p class=\"wp-block-paragraph\">Am privit trolerul.<\/p>\n\n\n\n<p class=\"wp-block-paragraph\">\u2014 Nu r\u0103m\u00e2i aici.<\/p>\n\n\n\n<p class=\"wp-block-paragraph\">\u2014 \u00cen\u021beleg.<\/p>\n\n\n\n<p class=\"wp-block-paragraph\">\u2014 Dar \u00eenainte s\u0103 pleci, trimite-mi conversa\u021biile \u0219i fotografiile.<\/p>\n\n\n\n<p class=\"wp-block-paragraph\">A f\u0103cut-o.<\/p>\n\n\n\n<p class=\"wp-block-paragraph\">La u\u0219\u0103 s-a \u00eentors.<\/p>\n\n\n\n<p class=\"wp-block-paragraph\">\u2014 Elena\u2026 chiar n-am \u0219tiut.<\/p>\n\n\n\n<p class=\"wp-block-paragraph\">Am studiat-o c\u00e2teva secunde.<\/p>\n\n\n\n<p class=\"wp-block-paragraph\">\u00cenc\u0103 eram furioas\u0103 pe ea. Faptul c\u0103 fusese min\u021bit\u0103 nu \u0219tergea toate alegerile pe care le f\u0103cuse.<\/p>\n\n\n\n<p class=\"wp-block-paragraph\">Dar omul care \u00eemi promisese fidelitate nu era Larisa.<\/p>\n\n\n\n<p class=\"wp-block-paragraph\">\u2014 Nici eu n-am \u0219tiut, am spus.<\/p>\n\n\n\n<p class=\"wp-block-paragraph\">\u00cen urm\u0103toarele dou\u0103 zile, Costel m-a sunat ca de obicei.<\/p>\n\n\n\n<p class=\"wp-block-paragraph\">Eu nu l-am confruntat.<\/p>\n\n\n\n<p class=\"wp-block-paragraph\">L-am \u00eentrebat dac\u0103 a m\u00e2ncat.<\/p>\n\n\n\n<p class=\"wp-block-paragraph\">I-am spus ce mai face Marian.<\/p>\n\n\n\n<p class=\"wp-block-paragraph\">L-am ascultat povestindu-mi despre \u0219antier.<\/p>\n\n\n\n<p class=\"wp-block-paragraph\">\u00cen fiecare sear\u0103 \u00eencheia la fel:<\/p>\n\n\n\n<p class=\"wp-block-paragraph\">\u2014 Mi-e dor de voi.<\/p>\n\n\n\n<p class=\"wp-block-paragraph\">Iar dup\u0103 ce \u00eenchidea cu mine, Larisa \u00eemi trimitea capturi din conversa\u021bia lor.<\/p>\n\n\n\n<p class=\"wp-block-paragraph\">\u201cMai e pu\u021bin.\u201d<\/p>\n\n\n\n<p class=\"wp-block-paragraph\">\u201cAbia a\u0219tept s\u0103 fim \u00eempreun\u0103.\u201d<\/p>\n\n\n\n<p class=\"wp-block-paragraph\">\u201cNu-i spune nimic Elenei dac\u0103 te caut\u0103.\u201d<\/p>\n\n\n\n<p class=\"wp-block-paragraph\">\u00cen ultima sear\u0103 mi-a scris chiar mie:<\/p>\n\n\n\n<p class=\"wp-block-paragraph\">\u201cM\u00e2ine ajung acas\u0103 pe la \u0219apte. S\u0103 nu g\u0103te\u0219ti. Iau eu ceva bun \u0219i m\u00e2nc\u0103m to\u021bi trei.\u201d<\/p>\n\n\n\n<p class=\"wp-block-paragraph\">Am citit mesajul de dou\u0103 ori.<\/p>\n\n\n\n<p class=\"wp-block-paragraph\">Apoi am sunat-o pe mama \u0219i am rugat-o s\u0103-l ia pe Marian dup\u0103 \u0219coal\u0103 \u0219i s\u0103-l \u021bin\u0103 peste noapte.<\/p>\n\n\n\n<p class=\"wp-block-paragraph\">Nu voiam ca b\u0103iatul nostru s\u0103 vad\u0103 ce urma.<\/p>\n\n\n\n<p class=\"wp-block-paragraph\">A doua zi, la \u0219apte \u0219i zece, am auzit cheia \u00een u\u0219\u0103.<\/p>\n\n\n\n<p class=\"wp-block-paragraph\">Costel a intrat cu geanta de voiaj \u00eentr-o m\u00e2n\u0103 \u0219i o pung\u0103 cu m\u00e2ncare \u00een cealalt\u0103.<\/p>\n\n\n\n<p class=\"wp-block-paragraph\">\u2014 Elena?<\/p>\n\n\n\n<p class=\"wp-block-paragraph\">\u2014 \u00cen sufragerie.<\/p>\n\n\n\n<p class=\"wp-block-paragraph\">A venit z\u00e2mbind.<\/p>\n\n\n\n<p class=\"wp-block-paragraph\">\u2014 Unde-i Marian?<\/p>\n\n\n\n<p class=\"wp-block-paragraph\">\u2014 La mama.<\/p>\n\n\n\n<p class=\"wp-block-paragraph\">\u2014 De ce?<\/p>\n\n\n\n<p class=\"wp-block-paragraph\">Apoi a v\u0103zut-o.<\/p>\n\n\n\n<p class=\"wp-block-paragraph\">Larisa st\u0103tea \u00een fotoliul de l\u00e2ng\u0103 fereastr\u0103.<\/p>\n\n\n\n<p class=\"wp-block-paragraph\">Trolerul ei era l\u00e2ng\u0103 canapea.<\/p>\n\n\n\n<p class=\"wp-block-paragraph\">Costel s-a oprit at\u00e2t de brusc, \u00eenc\u00e2t punga din m\u00e2na lui i-a lovit piciorul.<\/p>\n\n\n\n<p class=\"wp-block-paragraph\">S-a uitat la Larisa.<\/p>\n\n\n\n<p class=\"wp-block-paragraph\">Apoi la mine.<\/p>\n\n\n\n<p class=\"wp-block-paragraph\">Din nou la Larisa.<\/p>\n\n\n\n<p class=\"wp-block-paragraph\">\u2014 Ce\u2026 ce faci aici?<\/p>\n\n\n\n<p class=\"wp-block-paragraph\">Larisa s-a ridicat.<\/p>\n\n\n\n<p class=\"wp-block-paragraph\">\u2014 Am venit s\u0103 locuiesc cu tine. Nu asta mi-ai spus?<\/p>\n\n\n\n<p class=\"wp-block-paragraph\">Costel a r\u0103mas f\u0103r\u0103 cuvinte.<\/p>\n\n\n\n<p class=\"wp-block-paragraph\">\u2014 Elena, pot s\u0103 explic.<\/p>\n\n\n\n<p class=\"wp-block-paragraph\">\u2014 Perfect, am spus. Suntem dou\u0103. Explic\u0103-ne am\u00e2ndurora.<\/p>\n\n\n\n<p class=\"wp-block-paragraph\">\u2014 Nu este ceea ce pare.<\/p>\n\n\n\n<p class=\"wp-block-paragraph\">Larisa a r\u00e2s amar.<\/p>\n\n\n\n<p class=\"wp-block-paragraph\">\u2014 Mie mi-ai spus c\u0103 e\u0219ti divor\u021bat.<\/p>\n\n\n\n<p class=\"wp-block-paragraph\">\u2014 Lucrurile sunt complicate.<\/p>\n\n\n\n<p class=\"wp-block-paragraph\">M-am ridicat.<\/p>\n\n\n\n<p class=\"wp-block-paragraph\">\u2014 Mie mi-ai spus acum dou\u0103 seri c\u0103 m\u0103 iube\u0219ti.<\/p>\n\n\n\n<p class=\"wp-block-paragraph\">\u2014 Te iubesc!<\/p>\n\n\n\n<p class=\"wp-block-paragraph\">Larisa \u0219i-a \u00eentors capul spre el.<\/p>\n\n\n\n<p class=\"wp-block-paragraph\">\u2014 Interesant. \u0218i pe mine m\u0103 iube\u0219ti?<\/p>\n\n\n\n<p class=\"wp-block-paragraph\">\u2014 Larisa, nu acum.<\/p>\n\n\n\n<p class=\"wp-block-paragraph\">\u2014 Ba exact acum.<\/p>\n\n\n\n<p class=\"wp-block-paragraph\">Costel \u0219i-a l\u0103sat geanta jos.<\/p>\n\n\n\n<p class=\"wp-block-paragraph\">\u2014 Am f\u0103cut ni\u0219te gre\u0219eli.<\/p>\n\n\n\n<p class=\"wp-block-paragraph\">\u2014 Aproape un an este o gre\u0219eal\u0103? am \u00eentrebat.<\/p>\n\n\n\n<p class=\"wp-block-paragraph\">\u2014 Elena\u2026<\/p>\n\n\n\n<p class=\"wp-block-paragraph\">\u2014 Ai ascuns fotografiile noastre \u00eenainte s\u0103 o aduci aici.<\/p>\n\n\n\n<p class=\"wp-block-paragraph\">A t\u0103cut.<\/p>\n\n\n\n<p class=\"wp-block-paragraph\">\u2014 I-ai spus c\u0103 sunt fosta ta so\u021bie.<\/p>\n\n\n\n<p class=\"wp-block-paragraph\">\u2014 Eram \u00eentr-o perioad\u0103 proast\u0103.<\/p>\n\n\n\n<p class=\"wp-block-paragraph\">\u2014 Eu nu \u0219tiam c\u0103 suntem \u00eentr-o perioad\u0103 proast\u0103.<\/p>\n\n\n\n<p class=\"wp-block-paragraph\">N-a avut r\u0103spuns.<\/p>\n\n\n\n<p class=\"wp-block-paragraph\">Am scos telefonul.<\/p>\n\n\n\n<p class=\"wp-block-paragraph\">\u2014 Am mesajele. Am fotografiile. \u0218tiu tot ce i-ai spus.<\/p>\n\n\n\n<p class=\"wp-block-paragraph\">Fa\u021ba i s-a schimbat.<\/p>\n\n\n\n<p class=\"wp-block-paragraph\">Abia atunci a \u00een\u021beles c\u0103 nu mai exista nicio minciun\u0103 \u00een care s\u0103 se ascund\u0103.<\/p>\n\n\n\n<p class=\"wp-block-paragraph\">\u2014 Putem repara asta, a spus.<\/p>\n\n\n\n<p class=\"wp-block-paragraph\">\u2014 Ce anume? C\u0103snicia noastr\u0103 sau rela\u021bia voastr\u0103?<\/p>\n\n\n\n<p class=\"wp-block-paragraph\">\u2014 Elena, te rog.<\/p>\n\n\n\n<p class=\"wp-block-paragraph\">\u2014 Nu.<\/p>\n\n\n\n<p class=\"wp-block-paragraph\">Am spus-o f\u0103r\u0103 s\u0103 ridic vocea.<\/p>\n\n\n\n<p class=\"wp-block-paragraph\">\u2014 Ai avut aproape un an s\u0103 alegi ce vrei. Ai ales s\u0103 le p\u0103strezi pe am\u00e2ndou\u0103.<\/p>\n\n\n\n<p class=\"wp-block-paragraph\">Larisa \u0219i-a luat trolerul.<\/p>\n\n\n\n<p class=\"wp-block-paragraph\">\u2014 Eu plec.<\/p>\n\n\n\n<p class=\"wp-block-paragraph\">Costel a f\u0103cut un pas spre ea.<\/p>\n\n\n\n<p class=\"wp-block-paragraph\">\u2014 Larisa, stai.<\/p>\n\n\n\n<p class=\"wp-block-paragraph\">Ea s-a \u00eentors.<\/p>\n\n\n\n<p class=\"wp-block-paragraph\">\u2014 Pentru ce? Ca s\u0103-mi explici c\u0103 \u0219i so\u021bia ta e o ne\u00een\u021belegere?<\/p>\n\n\n\n<p class=\"wp-block-paragraph\">A deschis u\u0219a.<\/p>\n\n\n\n<p class=\"wp-block-paragraph\">\u00cenainte s\u0103 ias\u0103, s-a uitat la mine.<\/p>\n\n\n\n<p class=\"wp-block-paragraph\">\u2014 \u00cemi pare r\u0103u.<\/p>\n\n\n\n<p class=\"wp-block-paragraph\">Am dat \u00eencet din cap.<\/p>\n\n\n\n<p class=\"wp-block-paragraph\">Nu eram prietene.<\/p>\n\n\n\n<p class=\"wp-block-paragraph\">Probabil nu aveam s\u0103 ne mai vedem niciodat\u0103.<\/p>\n\n\n\n<p class=\"wp-block-paragraph\">Dar \u00een seara aceea nu mai eram nici rivale.<\/p>\n\n\n\n<p class=\"wp-block-paragraph\">Larisa a plecat.<\/p>\n\n\n\n<p class=\"wp-block-paragraph\">Costel a r\u0103mas \u00een mijlocul holului.<\/p>\n\n\n\n<p class=\"wp-block-paragraph\">\u2014 \u0218i acum?<\/p>\n\n\n\n<p class=\"wp-block-paragraph\">M-am uitat la geanta lui de voiaj.<\/p>\n\n\n\n<p class=\"wp-block-paragraph\">\u2014 Acum nici m\u0103car nu trebuie s\u0103-\u021bi fac bagajul. \u00cel ai deja.<\/p>\n\n\n\n<p class=\"wp-block-paragraph\">\u2014 Elena\u2026<\/p>\n\n\n\n<p class=\"wp-block-paragraph\">\u2014 \u00cen seara asta dormi \u00een alt\u0103 parte. M\u00e2ine discut\u0103m despre Marian \u0219i despre tot ce urmeaz\u0103. Separat, ca doi p\u0103rin\u021bi.<\/p>\n\n\n\n<p class=\"wp-block-paragraph\">\u2014 Vrei s\u0103 arunci \u0219aptesprezece ani?<\/p>\n\n\n\n<p class=\"wp-block-paragraph\">Am sim\u021bit furia ridic\u00e2ndu-se din nou, dar n-am l\u0103sat-o s\u0103-mi conduc\u0103 vocea.<\/p>\n\n\n\n<p class=\"wp-block-paragraph\">\u2014 Eu nu am aruncat nimic. Tu ai tr\u0103it aproape un an ca \u0219i cum cei \u0219aptesprezece ani nu existau.<\/p>\n\n\n\n<p class=\"wp-block-paragraph\">Costel \u0219i-a cobor\u00e2t privirea.<\/p>\n\n\n\n<p class=\"wp-block-paragraph\">\u2014 \u0218i Marian?<\/p>\n\n\n\n<p class=\"wp-block-paragraph\">Asta era singura \u00eentrebare care conta cu adev\u0103rat.<\/p>\n\n\n\n<p class=\"wp-block-paragraph\">\u2014 Marian are nevoie de tat\u0103l lui. Ce fel de tat\u0103 vei fi pentru el vom vedea de acum \u00eenainte. Dar so\u021bul meu nu mai e\u0219ti.<\/p>\n\n\n\n<p class=\"wp-block-paragraph\">A r\u0103mas c\u00e2teva secunde nemi\u0219cat.<\/p>\n\n\n\n<p class=\"wp-block-paragraph\">Apoi \u0219i-a ridicat geanta.<\/p>\n\n\n\n<p class=\"wp-block-paragraph\">Pentru prima dat\u0103 de c\u00e2nd \u00eel cuno\u0219team, Costel a ie\u0219it din casa noastr\u0103 f\u0103r\u0103 s\u0103 \u0219tie c\u00e2nd se va \u00eentoarce.<\/p>\n\n\n\n<p class=\"wp-block-paragraph\">Am \u00eenchis u\u0219a.<\/p>\n\n\n\n<p class=\"wp-block-paragraph\">\u00cen sufragerie, pe perete, fotografia de la nunta noastr\u0103 era \u00eenc\u0103 la locul ei.<\/p>\n\n\n\n<p class=\"wp-block-paragraph\">Am privit-o mult.<\/p>\n\n\n\n<p class=\"wp-block-paragraph\">A doua zi am dat-o jos.<\/p>\n\n\n\n<p class=\"wp-block-paragraph\">Nu pentru c\u0103 voiam s\u0103 \u0219terg cei \u0219aptesprezece ani.<\/p>\n\n\n\n<p class=\"wp-block-paragraph\">Marian, zilele bune, vacan\u021bele, serile \u00een care r\u00e2seser\u0103m \u00eempreun\u0103 \u2014 toate fuseser\u0103 reale pentru mine.<\/p>\n\n\n\n<p class=\"wp-block-paragraph\">Dar nu aveam s\u0103 p\u0103strez pe perete imaginea unui b\u0103rbat care \u00ee\u0219i construise o alt\u0103 via\u021b\u0103 \u00een timp ce eu credeam c\u0103 o tr\u0103im pe aceea\u0219i.<\/p>\n\n\n\n<p class=\"wp-block-paragraph\">C\u00e2teva s\u0103pt\u0103m\u00e2ni mai t\u00e2rziu, Marian m-a \u00eentrebat dac\u0103 eu \u0219i tat\u0103l lui ne vom \u00eemp\u0103ca.<\/p>\n\n\n\n<p class=\"wp-block-paragraph\">Nu l-am min\u021bit \u0219i nu i-am povestit lucruri pe care un copil nu trebuia s\u0103 le poarte.<\/p>\n\n\n\n<p class=\"wp-block-paragraph\">\u2014 Nu, puiule. Dar asta nu schimb\u0103 faptul c\u0103 am\u00e2ndoi te iubim.<\/p>\n\n\n\n<p class=\"wp-block-paragraph\">A dat din cap.<\/p>\n\n\n\n<p class=\"wp-block-paragraph\">A fost greu.<\/p>\n\n\n\n<p class=\"wp-block-paragraph\">Au urmat discu\u021bii, acte, furie \u0219i multe seri \u00een care lini\u0219tea apartamentului m\u0103 ap\u0103sa.<\/p>\n\n\n\n<p class=\"wp-block-paragraph\">Dar \u00eentr-o zi am trecut prin hol \u0219i m-am oprit exact \u00een locul \u00een care Larisa st\u0103tuse cu trolerul.<\/p>\n\n\n\n<p class=\"wp-block-paragraph\">Mi-am amintit prima ei \u00eentrebare:<\/p>\n\n\n\n<p class=\"wp-block-paragraph\">\u201cDumneavoastr\u0103 sunte\u021bi sora lui?\u201d<\/p>\n\n\n\n<p class=\"wp-block-paragraph\">Atunci m\u0103 sim\u021bisem umilit\u0103.<\/p>\n\n\n\n<p class=\"wp-block-paragraph\">Acum o vedeam altfel.<\/p>\n\n\n\n<p class=\"wp-block-paragraph\">Femeia aceea nu venise la u\u0219a mea ca s\u0103-mi distrug\u0103 via\u021ba.<\/p>\n\n\n\n<p class=\"wp-block-paragraph\">Venise, f\u0103r\u0103 s\u0103 \u0219tie, s\u0103-mi arate adev\u0103rul despre via\u021ba pe care o aveam deja.<\/p>\n\n\n\n<p class=\"wp-block-paragraph\">Iar adev\u0103rul duruse.<\/p>\n\n\n\n<p class=\"wp-block-paragraph\">Dar m\u0103car, de atunci \u00eenainte, era al meu.<\/p>\n","protected":false},"excerpt":{"rendered":"<p>Partea a 2-a \u2013 Continuarea pove\u0219tii \ud83d\udc49\u2014 Nu-i spune c\u0103 ne-am \u00eent\u00e2lnit. Larisa m-a privit de parc\u0103 nu \u00een\u021belesese. Telefonul continua s\u0103 vibreze \u00een m\u00e2na mea. COSTEL. \u2014 De ce? a \u0219optit ea. \u2014 Pentru c\u0103 vreau s\u0103 aud ce ne spune fiec\u0103reia c\u00e2nd crede c\u0103 cealalt\u0103 nu \u0219tie nimic. Am r\u0103spuns. \u2014 Da? Vocea &#8230; <a title=\"O femeie cu un troler a sunat la u\u0219a mea \u0219i mi-a spus: \u201cAm venit s\u0103 locuiesc cu Costel. Dumneavoastr\u0103 sunte\u021bi sora lui?\u201d C\u00e2nd i-am r\u0103spuns c\u0103 sunt so\u021bia, a r\u0103mas f\u0103r\u0103 cuvinte. Dar adev\u0103ratul \u0219oc a venit c\u00e2nd mi-a ar\u0103tat mesajul pe care so\u021bul meu i-l trimisese chiar \u00een ziua aceea.\" class=\"read-more\" href=\"https:\/\/stiri-faine.com\/?p=6139\" aria-label=\"Read more about O femeie cu un troler a sunat la u\u0219a mea \u0219i mi-a spus: \u201cAm venit s\u0103 locuiesc cu Costel. Dumneavoastr\u0103 sunte\u021bi sora lui?\u201d C\u00e2nd i-am r\u0103spuns c\u0103 sunt so\u021bia, a r\u0103mas f\u0103r\u0103 cuvinte. Dar adev\u0103ratul \u0219oc a venit c\u00e2nd mi-a ar\u0103tat mesajul pe care so\u021bul meu i-l trimisese chiar \u00een ziua aceea.\">Read more<\/a><\/p>\n","protected":false},"author":1,"featured_media":0,"comment_status":"open","ping_status":"open","sticky":false,"template":"","format":"standard","meta":{"footnotes":""},"categories":[1],"tags":[],"class_list":["post-6139","post","type-post","status-publish","format-standard","hentry","category-uncategorized"],"_links":{"self":[{"href":"https:\/\/stiri-faine.com\/index.php?rest_route=\/wp\/v2\/posts\/6139","targetHints":{"allow":["GET"]}}],"collection":[{"href":"https:\/\/stiri-faine.com\/index.php?rest_route=\/wp\/v2\/posts"}],"about":[{"href":"https:\/\/stiri-faine.com\/index.php?rest_route=\/wp\/v2\/types\/post"}],"author":[{"embeddable":true,"href":"https:\/\/stiri-faine.com\/index.php?rest_route=\/wp\/v2\/users\/1"}],"replies":[{"embeddable":true,"href":"https:\/\/stiri-faine.com\/index.php?rest_route=%2Fwp%2Fv2%2Fcomments&post=6139"}],"version-history":[{"count":1,"href":"https:\/\/stiri-faine.com\/index.php?rest_route=\/wp\/v2\/posts\/6139\/revisions"}],"predecessor-version":[{"id":6140,"href":"https:\/\/stiri-faine.com\/index.php?rest_route=\/wp\/v2\/posts\/6139\/revisions\/6140"}],"wp:attachment":[{"href":"https:\/\/stiri-faine.com\/index.php?rest_route=%2Fwp%2Fv2%2Fmedia&parent=6139"}],"wp:term":[{"taxonomy":"category","embeddable":true,"href":"https:\/\/stiri-faine.com\/index.php?rest_route=%2Fwp%2Fv2%2Fcategories&post=6139"},{"taxonomy":"post_tag","embeddable":true,"href":"https:\/\/stiri-faine.com\/index.php?rest_route=%2Fwp%2Fv2%2Ftags&post=6139"}],"curies":[{"name":"wp","href":"https:\/\/api.w.org\/{rel}","templated":true}]}}