{"id":6136,"date":"2026-09-04T07:14:48","date_gmt":"2026-09-04T07:14:48","guid":{"rendered":"https:\/\/stiri-faine.com\/?p=6136"},"modified":"2026-09-04T07:14:49","modified_gmt":"2026-09-04T07:14:49","slug":"e-oficial-dominic-fritz-a-fostvezi-mai-mult-3","status":"publish","type":"post","link":"https:\/\/stiri-faine.com\/?p=6136","title":{"rendered":"E OFICIAL! Dominic Fritz a fost\u2026Vezi mai mult"},"content":{"rendered":"\n<p class=\"wp-block-paragraph\">USR nu se dezice de Dominic Fritz. Ba chiar, \u00eel pozi\u021bioneaz\u0103 \u00een cea mai \u00eenalt\u0103 func\u021bie.<\/p>\n\n\n\n<p class=\"wp-block-paragraph\">Dominic Fritz, vizat de scandalul Legii ANI, ap\u0103rat de USR. Politicienii nu se dezic de primarul Timi\u0219oarei \u0219i spun c\u0103 decizia CCR nu le schimb\u0103 votul. Astfel c\u0103 primarul a fost repus, \u00een unanimitate, miercuri, 19 august, \u00een func\u021bia de pre\u0219edinte al partidului.<\/p>\n\n\n\n<p class=\"wp-block-paragraph\">De\u0219i scandalul politic \u00een care este implicat \u00eel poate face s\u0103-\u0219i piard\u0103 scaunul de primar, Fritz \u00ee\u0219i are colegii de partid aproape \u0219i locul de pre\u0219edinte al USR asigurat.<\/p>\n\n\n\n<p class=\"wp-block-paragraph\">USR reafirm\u0103 f\u0103r\u0103 echivoc sprijinul politic pentru Dominic Fritz ca pre\u0219edinte al partidului. USR a fost \u0219i va r\u0103m\u00e2ne \u00een opozi\u021bie total\u0103 fa\u021b\u0103 de orice \u00eencercare de capturare a institu\u021biilor democratice ale statului rom\u00e2n \u0219i fa\u021b\u0103 de orice folosire a acestora \u00een interes politic. Decizia luat\u0103 de majoritatea PSD din Curtea Constitu\u021bional\u0103 a Rom\u00e2niei, institu\u021bia care ar trebui s\u0103 protejeze legea fundamental\u0103 \u0219i drepturile cet\u0103\u021benilor, nu poate schim ba nici votul timi\u0219orenilor \u0219i nici op\u021biunea membrilor USR, exprimat\u0103 prin vot direct, pentru Dominic Fritz\u201d, sus\u021bine partidul \u00een comunicat.<\/p>\n\n\n\n<p class=\"wp-block-paragraph\">Mai mult dec\u00e2t at\u00e2t, USR critic\u0103 dur decizia CCR \u00een ceea ce-l prive\u0219te pe Dominic Fritz \u0219i calific\u0103 situa\u021bia drept un atac al PSD \u0219i AUR.<\/p>\n\n\n\n<p class=\"wp-block-paragraph\">Cei din urm\u0103 ar \u00eencerca s\u0103 foloseasc\u0103 institu\u021biile statului \u00een scop politic, sus\u021bine USR.<\/p>\n\n\n\n<p class=\"wp-block-paragraph\">\u201ePrincipiul constitu\u021bional potrivit c\u0103ruia o lege nu poate produce efecte pentru trecut este una dintre garan\u021biile esen\u021biale care \u00eei protejeaz\u0103 pe cet\u0103\u021beni de abuzurile statului. \u00cenc\u0103lcarea acestui principiu creeaz\u0103 un precedent extrem de periculos: dac\u0103 regulile pot fi schimbate retroactiv pentru a lovi un adversar politic, atunci niciun cet\u0103\u021bean nu mai poate avea garan\u021bia c\u0103 este protejat \u00een fa\u021ba arbitrariului puterii\u201d, transmite partidul.<\/p>\n\n\n\n<p class=\"wp-block-paragraph\">Mesajul lui Dominic Fritz<\/p>\n\n\n\n<p class=\"wp-block-paragraph\">Dup\u0103 ce USR \u0219i-a ar\u0103tat pozi\u021bia fa\u021b\u0103 de Fritz \u0219i situa\u021bia cu care el se confrunt\u0103 cum, primarul a avut un mesaj pentru colegii de partid.<\/p>\n\n\n\n<p class=\"wp-block-paragraph\">Pe Facebook, Dominic Fritz le-a mul\u021bumit colegilor de partid, celor care lupt\u0103 pentru statul de drept \u0219i le-a b\u0103tut obrazul rivalilor, chiar f\u0103c\u00e2ndu-le \u00een ciud\u0103 cu reu\u0219ita sa \u00een USR.<\/p>\n\n\n\n<p class=\"wp-block-paragraph\">\u201eMafia sistemului a crezut c\u0103 legea anti-Fritz\/ anti-Timi\u015foara ne va dezbina. S-au \u00een\u015felat. Mul\u0163umesc celor peste 150 colegi care \u00een Comitetul Politic al USR de azi mi-au dat un vot unanim de \u00eencredere. Mul\u0163umesc \u015fi tuturor celor care se mobilizeaz\u0103 zilele acestea pentru statul de drept \u00een Rom\u00e2nia, dincolo de apartenen\u0163e politice. R\u0103m\u00e2ne cum am stabilit: nu mor caii cum vor c\u00e2inii\u201d, a scris Fritz pe Facebook.<\/p>\n\n\n\n<p class=\"wp-block-paragraph\">De ce risc\u0103 Fritz s\u0103-\u0219i piard\u0103 mandatul de primar<\/p>\n\n\n\n<p class=\"wp-block-paragraph\">Dominic Fritz risc\u0103 s\u0103-\u0219i piard\u0103 func\u021bia de primar dup\u0103 ce ANI a stabilit c\u0103 s-a aflat \u00een conflict de interese administrativ \u00een 2020, atunci c\u00e2nd a luat o decizie \u00een beneficiul unei persoane care \u00eel \u00eemprumutase \u00een campania electoral\u0103 cu 25.000 de lei.<\/p>\n","protected":false},"excerpt":{"rendered":"<p>USR nu se dezice de Dominic Fritz. Ba chiar, \u00eel pozi\u021bioneaz\u0103 \u00een cea mai \u00eenalt\u0103 func\u021bie. Dominic Fritz, vizat de scandalul Legii ANI, ap\u0103rat de USR. Politicienii nu se dezic de primarul Timi\u0219oarei \u0219i spun c\u0103 decizia CCR nu le schimb\u0103 votul. Astfel c\u0103 primarul a fost repus, \u00een unanimitate, miercuri, 19 august, \u00een func\u021bia &#8230; <a title=\"E OFICIAL! Dominic Fritz a fost\u2026Vezi mai mult\" class=\"read-more\" href=\"https:\/\/stiri-faine.com\/?p=6136\" aria-label=\"Read more about E OFICIAL! Dominic Fritz a fost\u2026Vezi mai mult\">Read more<\/a><\/p>\n","protected":false},"author":1,"featured_media":0,"comment_status":"open","ping_status":"open","sticky":false,"template":"","format":"standard","meta":{"footnotes":""},"categories":[1],"tags":[],"class_list":["post-6136","post","type-post","status-publish","format-standard","hentry","category-uncategorized"],"_links":{"self":[{"href":"https:\/\/stiri-faine.com\/index.php?rest_route=\/wp\/v2\/posts\/6136","targetHints":{"allow":["GET"]}}],"collection":[{"href":"https:\/\/stiri-faine.com\/index.php?rest_route=\/wp\/v2\/posts"}],"about":[{"href":"https:\/\/stiri-faine.com\/index.php?rest_route=\/wp\/v2\/types\/post"}],"author":[{"embeddable":true,"href":"https:\/\/stiri-faine.com\/index.php?rest_route=\/wp\/v2\/users\/1"}],"replies":[{"embeddable":true,"href":"https:\/\/stiri-faine.com\/index.php?rest_route=%2Fwp%2Fv2%2Fcomments&post=6136"}],"version-history":[{"count":1,"href":"https:\/\/stiri-faine.com\/index.php?rest_route=\/wp\/v2\/posts\/6136\/revisions"}],"predecessor-version":[{"id":6137,"href":"https:\/\/stiri-faine.com\/index.php?rest_route=\/wp\/v2\/posts\/6136\/revisions\/6137"}],"wp:attachment":[{"href":"https:\/\/stiri-faine.com\/index.php?rest_route=%2Fwp%2Fv2%2Fmedia&parent=6136"}],"wp:term":[{"taxonomy":"category","embeddable":true,"href":"https:\/\/stiri-faine.com\/index.php?rest_route=%2Fwp%2Fv2%2Fcategories&post=6136"},{"taxonomy":"post_tag","embeddable":true,"href":"https:\/\/stiri-faine.com\/index.php?rest_route=%2Fwp%2Fv2%2Ftags&post=6136"}],"curies":[{"name":"wp","href":"https:\/\/api.w.org\/{rel}","templated":true}]}}