{"id":6134,"date":"2026-09-04T07:14:26","date_gmt":"2026-09-04T07:14:26","guid":{"rendered":"https:\/\/stiri-faine.com\/?p=6134"},"modified":"2026-09-04T07:14:26","modified_gmt":"2026-09-04T07:14:26","slug":"ultima-ora-horatiu-potra-a","status":"publish","type":"post","link":"https:\/\/stiri-faine.com\/?p=6134","title":{"rendered":"ULTIMA OR\u0102! Hora\u021biu Potra a\u2026"},"content":{"rendered":"\n<p class=\"wp-block-paragraph\">Hora\u021biu Potra a sc\u0103pat de arestul la domiciliu, \u00eens\u0103 va r\u0103m\u00e2ne sub control judiciar pentru urm\u0103toarele 60 de zile. Decizia a fost luat\u0103 joi, 3 septembrie 2026, de \u00cenalta Curte de Casa\u021bie \u0219i Justi\u021bie, dup\u0103 ce judec\u0103torii au admis contesta\u021bia formulat\u0103 de acesta.<\/p>\n\n\n\n<p class=\"wp-block-paragraph\">Potra sus\u021binuse c\u0103 m\u0103sura arestului la domiciliu este prea sever\u0103 \u0219i solicitase fie \u00eenlocuirea ei cu una mai bl\u00e2nd\u0103, fie ridicarea complet\u0103 a m\u0103surii preventive. Instan\u021ba a ales o variant\u0103 intermediar\u0103 \u0219i a dispus controlul judiciar.<\/p>\n\n\n\n<p class=\"wp-block-paragraph\">Ce obliga\u021bii are Hora\u021biu Potra<br>Trecerea la control judiciar nu \u00eenseamn\u0103 \u00eens\u0103 eliminarea tuturor restric\u021biilor.<\/p>\n\n\n\n<p class=\"wp-block-paragraph\">Hora\u021biu Potra nu are voie s\u0103 p\u0103r\u0103seasc\u0103 Rom\u00e2nia pe durata celor 60 de zile. De asemenea, acesta trebuie s\u0103 se prezinte periodic la Poli\u021bie, conform programului stabilit de autorit\u0103\u021bi.<\/p>\n\n\n\n<p class=\"wp-block-paragraph\">O alt\u0103 obliga\u021bie vizeaz\u0103 persoanele implicate \u00een dosar. Potra nu poate lua leg\u0103tura, direct sau indirect, cu p\u0103r\u021bile \u0219i martorii din cauz\u0103.<\/p>\n\n\n\n<p class=\"wp-block-paragraph\">Nerespectarea acestor condi\u021bii poate determina instan\u021ba s\u0103 \u00eenlocuiasc\u0103 din nou controlul judiciar cu o m\u0103sur\u0103 mai restrictiv\u0103.<\/p>\n\n\n\n<p class=\"wp-block-paragraph\">De la arest preventiv la control judiciar<br>Hora\u021biu Potra a fost prins \u00een Dubai \u00een septembrie 2025. Ulterior, acesta a acceptat s\u0103 fie adus \u00een Rom\u00e2nia \u0219i a revenit \u00een \u021bar\u0103 pe 20 noiembrie 2025, \u00eempreun\u0103 cu fiul s\u0103u, Dorian Potra, \u0219i nepotul Alexandru Potra.<\/p>\n\n\n\n<p class=\"wp-block-paragraph\">Ini\u021bial, Hora\u021biu Potra a fost plasat \u00een arest preventiv. Pe 17 iunie 2026, \u00cenalta Curte a decis \u00eenlocuirea acestei m\u0103suri cu arestul la domiciliu.<\/p>\n\n\n\n<p class=\"wp-block-paragraph\">Acum, regimul preventiv a fost relaxat din nou, prin trecerea la control judiciar.<\/p>\n\n\n\n<p class=\"wp-block-paragraph\">Potra este judecat \u00eentr-un dosar cu 22 de inculpa\u021bi<br>Hora\u021biu Potra a fost trimis \u00een judecat\u0103 al\u0103turi de alte 21 de persoane, printre care \u0219i fostul candidat la Pre\u0219edin\u021bie C\u0103lin Georgescu.<\/p>\n\n\n\n<p class=\"wp-block-paragraph\">\u00cen cazul lui Potra, acuza\u021biile vizeaz\u0103 tentativa la comiterea unor ac\u021biuni \u00eempotriva ordinii constitu\u021bionale, precum \u0219i presupuse \u00eenc\u0103lc\u0103ri ale regimului armelor, muni\u021biilor \u0219i materiilor explozive.<\/p>\n\n\n\n<p class=\"wp-block-paragraph\">Dosarul are leg\u0103tur\u0103 cu evenimente petrecute la finalul anului 2024, c\u00e2nd poli\u021bi\u0219tii au organizat filtre \u00een mai multe jude\u021be \u0219i \u00een Bucure\u0219ti. \u00cen autoturismele verificate au fost descoperite, potrivit anchetatorilor, cu\u021bite, pumnale, bastoane telescopice, spray-uri cu piper, topoare, pistoale \u0219i materiale pirotehnice.<\/p>\n\n\n\n<p class=\"wp-block-paragraph\">Ancheta a continuat \u00een februarie 2025, c\u00e2nd au avut loc zeci de perchezi\u021bii \u00een mai multe jude\u021be. La una dintre propriet\u0103\u021bile lui Hora\u021biu Potra, procurorii au descoperit sume importante de bani \u0219i mai multe arme.<\/p>\n\n\n\n<p class=\"wp-block-paragraph\">Procurorii sus\u021bin c\u0103 ac\u021biunile investigate ar fi creat un pericol pentru ordinea constitu\u021bional\u0103 \u0219i securitatea na\u021bional\u0103.<\/p>\n\n\n\n<p class=\"wp-block-paragraph\">Procesul este \u00een desf\u0103\u0219urare, iar Hora\u021biu Potra \u0219i ceilal\u021bi inculpa\u021bi beneficiaz\u0103 de prezum\u021bia de nevinov\u0103\u021bie p\u00e2n\u0103 la pronun\u021barea unei hot\u0103r\u00e2ri definitive.<\/p>\n","protected":false},"excerpt":{"rendered":"<p>Hora\u021biu Potra a sc\u0103pat de arestul la domiciliu, \u00eens\u0103 va r\u0103m\u00e2ne sub control judiciar pentru urm\u0103toarele 60 de zile. Decizia a fost luat\u0103 joi, 3 septembrie 2026, de \u00cenalta Curte de Casa\u021bie \u0219i Justi\u021bie, dup\u0103 ce judec\u0103torii au admis contesta\u021bia formulat\u0103 de acesta. Potra sus\u021binuse c\u0103 m\u0103sura arestului la domiciliu este prea sever\u0103 \u0219i solicitase &#8230; <a title=\"ULTIMA OR\u0102! Hora\u021biu Potra a\u2026\" class=\"read-more\" href=\"https:\/\/stiri-faine.com\/?p=6134\" aria-label=\"Read more about ULTIMA OR\u0102! Hora\u021biu Potra a\u2026\">Read more<\/a><\/p>\n","protected":false},"author":1,"featured_media":0,"comment_status":"open","ping_status":"open","sticky":false,"template":"","format":"standard","meta":{"footnotes":""},"categories":[1],"tags":[],"class_list":["post-6134","post","type-post","status-publish","format-standard","hentry","category-uncategorized"],"_links":{"self":[{"href":"https:\/\/stiri-faine.com\/index.php?rest_route=\/wp\/v2\/posts\/6134","targetHints":{"allow":["GET"]}}],"collection":[{"href":"https:\/\/stiri-faine.com\/index.php?rest_route=\/wp\/v2\/posts"}],"about":[{"href":"https:\/\/stiri-faine.com\/index.php?rest_route=\/wp\/v2\/types\/post"}],"author":[{"embeddable":true,"href":"https:\/\/stiri-faine.com\/index.php?rest_route=\/wp\/v2\/users\/1"}],"replies":[{"embeddable":true,"href":"https:\/\/stiri-faine.com\/index.php?rest_route=%2Fwp%2Fv2%2Fcomments&post=6134"}],"version-history":[{"count":1,"href":"https:\/\/stiri-faine.com\/index.php?rest_route=\/wp\/v2\/posts\/6134\/revisions"}],"predecessor-version":[{"id":6135,"href":"https:\/\/stiri-faine.com\/index.php?rest_route=\/wp\/v2\/posts\/6134\/revisions\/6135"}],"wp:attachment":[{"href":"https:\/\/stiri-faine.com\/index.php?rest_route=%2Fwp%2Fv2%2Fmedia&parent=6134"}],"wp:term":[{"taxonomy":"category","embeddable":true,"href":"https:\/\/stiri-faine.com\/index.php?rest_route=%2Fwp%2Fv2%2Fcategories&post=6134"},{"taxonomy":"post_tag","embeddable":true,"href":"https:\/\/stiri-faine.com\/index.php?rest_route=%2Fwp%2Fv2%2Ftags&post=6134"}],"curies":[{"name":"wp","href":"https:\/\/api.w.org\/{rel}","templated":true}]}}