{"id":6132,"date":"2026-09-04T07:14:10","date_gmt":"2026-09-04T07:14:10","guid":{"rendered":"https:\/\/stiri-faine.com\/?p=6132"},"modified":"2026-09-04T07:14:10","modified_gmt":"2026-09-04T07:14:10","slug":"veste-proasta-pentru-mame-li-se-va-taia-2-000-de-lei-din","status":"publish","type":"post","link":"https:\/\/stiri-faine.com\/?p=6132","title":{"rendered":"Veste proast\u0103 pentru mame! Li se va t\u0103ia 2 000 de lei din\u2026"},"content":{"rendered":"\n<p class=\"wp-block-paragraph\">Mamele din Bucure\u0219ti vor avea parte de schimb\u0103ri importante dup\u0103 ce Consiliul General al Capitalei a aprobat reducerea unor forme de sprijin financiar, pe fondul problemelor bugetare ale municipalit\u0103\u021bii.<\/p>\n\n\n\n<p class=\"wp-block-paragraph\">Prin votul acordat pe 28 august, programul \u201eVoucher Materna\u201d a fost eliminat, iar stimulentul acordat pentru nou-n\u0103scu\u021bi a fost redus de la 2.500 de lei la 2.000 de lei.<\/p>\n\n\n\n<p class=\"wp-block-paragraph\">Voucherul Materna nu se mai acord\u0103<br>Programul \u201eVoucher Materna\u201d func\u021biona din 2018 \u0219i oferea sprijin financiar femeilor \u00eens\u0103rcinate din Bucure\u0219ti.<\/p>\n\n\n\n<p class=\"wp-block-paragraph\">Beneficiarele puteau primi c\u00e2te 1.000 de lei \u00een dou\u0103 tran\u0219e, bani care puteau fi utiliza\u021bi pentru medicamente sau pentru anumite servicii medicale.<\/p>\n\n\n\n<p class=\"wp-block-paragraph\">Potrivit documentelor prezentate de autorit\u0103\u021bi, programul genera cheltuieli de aproximativ 24 de milioane de lei anual.<\/p>\n\n\n\n<p class=\"wp-block-paragraph\">Municipalitatea a justificat eliminarea acestuia prin faptul c\u0103 serviciile medicale prenatale vizate de program sunt deja oferite gratuit prin sistemul na\u021bional de asigur\u0103ri de s\u0103n\u0103tate, inclusiv femeilor \u00eens\u0103rcinate care nu au calitatea de asigurat.<\/p>\n\n\n\n<p class=\"wp-block-paragraph\">Stimulentul pentru nou-n\u0103scu\u021bi scade la 2.000 de lei<br>O alt\u0103 modificare important\u0103 este reducerea stimulentului financiar acordat la na\u0219terea unui copil.<\/p>\n\n\n\n<p class=\"wp-block-paragraph\">Suma scade de la 2.500 de lei la 2.000 de lei.<\/p>\n\n\n\n<p class=\"wp-block-paragraph\">Pentru acordarea acestui sprijin, p\u0103rin\u021bii trebuie s\u0103 \u00eendeplineasc\u0103 anumite condi\u021bii, printre care domiciliul \u00een Bucure\u0219ti pentru o perioad\u0103 minim\u0103, lipsa unor datorii restante c\u0103tre bugetul local \u0219i \u00eenregistrarea na\u0219terii \u00eentr-o maternitate din Capital\u0103.<\/p>\n\n\n\n<p class=\"wp-block-paragraph\">Cine mai poate beneficia de stimulent<br>Dup\u0103 adoptarea noilor reguli, sprijinul va fi acordat doar anumitor categorii considerate vulnerabile.<\/p>\n\n\n\n<p class=\"wp-block-paragraph\">Printre acestea se num\u0103r\u0103 mamele care beneficiaz\u0103 de venit minim de incluziune, mamele cu dizabilit\u0103\u021bi, mamele minore \u0219i cele aflate temporar \u00een situa\u021bii critice de via\u021b\u0103.<\/p>\n\n\n\n<p class=\"wp-block-paragraph\">De asemenea, pot fi eligibile victimele violen\u021bei domestice sau ale unor calamit\u0103\u021bi, precum \u0219i femeile aflate \u00een situa\u021bii de vulnerabilitate stabilite prin anchet\u0103 social\u0103.<\/p>\n\n\n\n<p class=\"wp-block-paragraph\">\u00cen anumite situa\u021bii, sprijinul poate fi acordat \u0219i mamelor care nasc copii cet\u0103\u021beni str\u0103ini sau apatrizi proveni\u021bi din zone de conflict armat.<\/p>\n\n\n\n<p class=\"wp-block-paragraph\">Prim\u0103ria \u00eencearc\u0103 s\u0103 reduc\u0103 presiunea asupra bugetului<br>Deciziile au fost adoptate cu 29 de voturi \u201epentru\u201d \u0219i 4 \u201e\u00eempotriv\u0103\u201d.<\/p>\n\n\n\n<p class=\"wp-block-paragraph\">M\u0103surile fac parte dintr-un proces mai amplu de reducere a cheltuielilor Prim\u0103riei Municipiului Bucure\u0219ti.<\/p>\n\n\n\n<p class=\"wp-block-paragraph\">Pentru familiile din Capital\u0103, schimb\u0103rile \u00eenseamn\u0103 \u00eens\u0103 mai pu\u021bin sprijin financiar \u00eentr-o perioad\u0103 \u00een care costurile legate de sarcin\u0103, na\u0219tere \u0219i \u00eengrijirea unui copil sunt tot mai mari.<\/p>\n\n\n\n<p class=\"wp-block-paragraph\">Eliminarea Voucherului Materna \u0219i reducerea stimulentului pentru nou-n\u0103scu\u021bi marcheaz\u0103 astfel o schimbare important\u0103 \u00een politica de sprijin acordat\u0103 familiilor din Bucure\u0219ti.<\/p>\n","protected":false},"excerpt":{"rendered":"<p>Mamele din Bucure\u0219ti vor avea parte de schimb\u0103ri importante dup\u0103 ce Consiliul General al Capitalei a aprobat reducerea unor forme de sprijin financiar, pe fondul problemelor bugetare ale municipalit\u0103\u021bii. Prin votul acordat pe 28 august, programul \u201eVoucher Materna\u201d a fost eliminat, iar stimulentul acordat pentru nou-n\u0103scu\u021bi a fost redus de la 2.500 de lei la &#8230; <a title=\"Veste proast\u0103 pentru mame! Li se va t\u0103ia 2 000 de lei din\u2026\" class=\"read-more\" href=\"https:\/\/stiri-faine.com\/?p=6132\" aria-label=\"Read more about Veste proast\u0103 pentru mame! Li se va t\u0103ia 2 000 de lei din\u2026\">Read more<\/a><\/p>\n","protected":false},"author":1,"featured_media":0,"comment_status":"open","ping_status":"open","sticky":false,"template":"","format":"standard","meta":{"footnotes":""},"categories":[1],"tags":[],"class_list":["post-6132","post","type-post","status-publish","format-standard","hentry","category-uncategorized"],"_links":{"self":[{"href":"https:\/\/stiri-faine.com\/index.php?rest_route=\/wp\/v2\/posts\/6132","targetHints":{"allow":["GET"]}}],"collection":[{"href":"https:\/\/stiri-faine.com\/index.php?rest_route=\/wp\/v2\/posts"}],"about":[{"href":"https:\/\/stiri-faine.com\/index.php?rest_route=\/wp\/v2\/types\/post"}],"author":[{"embeddable":true,"href":"https:\/\/stiri-faine.com\/index.php?rest_route=\/wp\/v2\/users\/1"}],"replies":[{"embeddable":true,"href":"https:\/\/stiri-faine.com\/index.php?rest_route=%2Fwp%2Fv2%2Fcomments&post=6132"}],"version-history":[{"count":1,"href":"https:\/\/stiri-faine.com\/index.php?rest_route=\/wp\/v2\/posts\/6132\/revisions"}],"predecessor-version":[{"id":6133,"href":"https:\/\/stiri-faine.com\/index.php?rest_route=\/wp\/v2\/posts\/6132\/revisions\/6133"}],"wp:attachment":[{"href":"https:\/\/stiri-faine.com\/index.php?rest_route=%2Fwp%2Fv2%2Fmedia&parent=6132"}],"wp:term":[{"taxonomy":"category","embeddable":true,"href":"https:\/\/stiri-faine.com\/index.php?rest_route=%2Fwp%2Fv2%2Fcategories&post=6132"},{"taxonomy":"post_tag","embeddable":true,"href":"https:\/\/stiri-faine.com\/index.php?rest_route=%2Fwp%2Fv2%2Ftags&post=6132"}],"curies":[{"name":"wp","href":"https:\/\/api.w.org\/{rel}","templated":true}]}}