{"id":6129,"date":"2026-09-04T07:12:14","date_gmt":"2026-09-04T07:12:14","guid":{"rendered":"https:\/\/stiri-faine.com\/?p=6129"},"modified":"2026-09-04T07:12:14","modified_gmt":"2026-09-04T07:12:14","slug":"cumnata-mea-mi-a-cerut-casa-de-la-lac-pe-care-o-mostenisem-de-la-mama-pentru-o-petrecere-i-am-spus-clar-nu-cateva-zile-mai-tarziu-cheile-au-disparut-iar-cand-am-ajuns-acolo-am-ga","status":"publish","type":"post","link":"https:\/\/stiri-faine.com\/?p=6129","title":{"rendered":"Cumnata mea mi-a cerut casa de la lac pe care o mo\u0219tenisem de la mama pentru o petrecere. I-am spus clar \u201cnu\u201d. C\u00e2teva zile mai t\u00e2rziu, cheile au disp\u0103rut, iar c\u00e2nd am ajuns acolo am g\u0103sit str\u0103ini \u00een\u0103untru \u0219i lucrurile mamei mele distruse. Eram gata s\u0103 sun la poli\u021bie, p\u00e2n\u0103 c\u00e2nd mi-am amintit \u00eentrebarea ciudat\u0103 pe care mi-o pusese so\u021bul \u00eenainte s\u0103 plec."},"content":{"rendered":"\n<p class=\"wp-block-paragraph\">Partea a 2-a \u2013 Continuarea pove\u0219tii \ud83d\udc49<br>Am intrat \u00een cas\u0103 f\u0103r\u0103 s\u0103-i spun lui Mihai ce v\u0103zusem.<\/p>\n\n\n\n<p class=\"wp-block-paragraph\">\u2014 N-ai intrat? a \u00eentrebat din nou.<\/p>\n\n\n\n<p class=\"wp-block-paragraph\">Mi-am l\u0103sat geanta pe scaun.<\/p>\n\n\n\n<p class=\"wp-block-paragraph\">\u2014 Nu. M-am r\u0103zg\u00e2ndit.<\/p>\n\n\n\n<p class=\"wp-block-paragraph\">Am v\u0103zut cum i se relaxeaz\u0103 umerii.<\/p>\n\n\n\n<p class=\"wp-block-paragraph\">Atunci am \u0219tiut.<\/p>\n\n\n\n<p class=\"wp-block-paragraph\">Nu aveam \u00eenc\u0103 dovada, dar omul din fa\u021ba mea \u0219tia ce se \u00eent\u00e2mpla la casa mamei.<\/p>\n\n\n\n<p class=\"wp-block-paragraph\">\u00cen seara aceea m-am comportat normal.<\/p>\n\n\n\n<p class=\"wp-block-paragraph\">Dup\u0103 miezul nop\u021bii m-am trezit \u0219i am observat c\u0103 Mihai nu era l\u00e2ng\u0103 mine.<\/p>\n\n\n\n<p class=\"wp-block-paragraph\">L-am auzit vorbind \u00eencet \u00een garaj.<\/p>\n\n\n\n<p class=\"wp-block-paragraph\">\u2014 Calmeaz\u0103-te, Oana. N-a v\u0103zut nimic.<\/p>\n\n\n\n<p class=\"wp-block-paragraph\">Am r\u0103mas nemi\u0219cat\u0103 pe hol.<\/p>\n\n\n\n<p class=\"wp-block-paragraph\">\u2014 Las\u0103 casa cum e. Vorbesc eu cu ea. Dac\u0103 vede c\u00e2t cost\u0103 toate repara\u021biile, poate \u00een sf\u00e2r\u0219it \u00een\u021belege c\u0103 n-are rost s-o mai p\u0103streze.<\/p>\n\n\n\n<p class=\"wp-block-paragraph\">M-am \u00eentors \u00een dormitor \u00eenainte s\u0103 m\u0103 vad\u0103.<\/p>\n\n\n\n<p class=\"wp-block-paragraph\">Nu mai aveam nevoie de alte explica\u021bii.<\/p>\n\n\n\n<p class=\"wp-block-paragraph\">A doua diminea\u021b\u0103 am plecat la lac.<\/p>\n\n\n\n<p class=\"wp-block-paragraph\">Petrecerea se terminase.<\/p>\n\n\n\n<p class=\"wp-block-paragraph\">\u00cen lumina zilei, casa ar\u0103ta \u0219i mai r\u0103u.<\/p>\n\n\n\n<p class=\"wp-block-paragraph\">Am fotografiat fiecare pat\u0103, fiecare obiect deteriorat, perdeaua murdar\u0103 \u0219i balustrada lovit\u0103.<\/p>\n\n\n\n<p class=\"wp-block-paragraph\">C\u00e2nd am ridicat de pe podea una dintre pernele brodate de mama, am observat un fir desf\u0103cut.<\/p>\n\n\n\n<p class=\"wp-block-paragraph\">Mi-am amintit-o st\u00e2nd pe verand\u0103 \u00een timpul tratamentului, cu perna pe genunchi.<\/p>\n\n\n\n<p class=\"wp-block-paragraph\">\u201cLucrurile se repar\u0103, Adriana\u201d, \u00eemi spunea.<\/p>\n\n\n\n<p class=\"wp-block-paragraph\">Avea dreptate.<\/p>\n\n\n\n<p class=\"wp-block-paragraph\">Casa putea fi reparat\u0103.<\/p>\n\n\n\n<p class=\"wp-block-paragraph\">\u00cencrederea mea \u00een Mihai, nu \u0219tiam.<\/p>\n\n\n\n<p class=\"wp-block-paragraph\">Am chemat un me\u0219ter care lucrase pentru mama ani \u00eentregi \u0219i o firm\u0103 de cur\u0103\u021benie.<\/p>\n\n\n\n<p class=\"wp-block-paragraph\">\u2014 Vreau s\u0103 fie exact cum era.<\/p>\n\n\n\n<p class=\"wp-block-paragraph\">Apoi i-am \u00eentins cheia de rezerv\u0103.<\/p>\n\n\n\n<p class=\"wp-block-paragraph\">\u2014 \u0218i schimb\u0103m toate \u00eencuietorile.<\/p>\n\n\n\n<p class=\"wp-block-paragraph\">\u00cen urm\u0103toarele zile nu i-am spus nimic lui Mihai.<\/p>\n\n\n\n<p class=\"wp-block-paragraph\">El continua s\u0103-mi vorbeasc\u0103 despre afacerea lui.<\/p>\n\n\n\n<p class=\"wp-block-paragraph\">\u2014 Ai fost la lac?<\/p>\n\n\n\n<p class=\"wp-block-paragraph\">\u2014 Da.<\/p>\n\n\n\n<p class=\"wp-block-paragraph\">\u2014 \u0218i?<\/p>\n\n\n\n<p class=\"wp-block-paragraph\">\u2014 Sunt destule de reparat.<\/p>\n\n\n\n<p class=\"wp-block-paragraph\">A \u00eencercat s\u0103-\u0219i ascund\u0103 satisfac\u021bia.<\/p>\n\n\n\n<p class=\"wp-block-paragraph\">\u2014 Vezi? Exact asta \u00eencerc s\u0103-\u021bi explic. Bagi bani \u00eentr-o cas\u0103 care nu-\u021bi aduce nimic. Dac\u0103 o vinzi, scapi de toate problemele.<\/p>\n\n\n\n<p class=\"wp-block-paragraph\">\u2014 Poate ai dreptate.<\/p>\n\n\n\n<p class=\"wp-block-paragraph\">Mihai a z\u00e2mbit.<\/p>\n\n\n\n<p class=\"wp-block-paragraph\">Pentru prima dat\u0103 dup\u0103 mult timp, p\u0103rea convins c\u0103 \u00eel ascult.<\/p>\n\n\n\n<p class=\"wp-block-paragraph\">Trei zile mai t\u00e2rziu, Oana a venit furioas\u0103 la u\u0219a noastr\u0103.<\/p>\n\n\n\n<p class=\"wp-block-paragraph\">\u2014 Ce ai f\u0103cut?<\/p>\n\n\n\n<p class=\"wp-block-paragraph\">\u2014 Bun\u0103 \u0219i \u021bie.<\/p>\n\n\n\n<p class=\"wp-block-paragraph\">\u2014 De ce nu mai merge cheia?<\/p>\n\n\n\n<p class=\"wp-block-paragraph\">Am privit-o.<\/p>\n\n\n\n<p class=\"wp-block-paragraph\">Oana \u0219i-a dat seama prea t\u00e2rziu ce spusese.<\/p>\n\n\n\n<p class=\"wp-block-paragraph\">\u2014 Ce cheie?<\/p>\n\n\n\n<p class=\"wp-block-paragraph\">\u2014 Cheia de la lac.<\/p>\n\n\n\n<p class=\"wp-block-paragraph\">\u2014 De c\u00e2nd ai tu cheie de la casa mea?<\/p>\n\n\n\n<p class=\"wp-block-paragraph\">A t\u0103cut.<\/p>\n\n\n\n<p class=\"wp-block-paragraph\">\u2014 Era cheia de rezerv\u0103.<\/p>\n\n\n\n<p class=\"wp-block-paragraph\">\u2014 Nu te-am \u00eentrebat ce cheie era. Te-am \u00eentrebat de c\u00e2nd o ai.<\/p>\n\n\n\n<p class=\"wp-block-paragraph\">\u2014 Mihai mi-a spus c\u0103 pot s-o folosesc.<\/p>\n\n\n\n<p class=\"wp-block-paragraph\">\u00cen spatele ei, Mihai tocmai intrase \u00een hol.<\/p>\n\n\n\n<p class=\"wp-block-paragraph\">Am v\u0103zut cum a \u00eencremenit.<\/p>\n\n\n\n<p class=\"wp-block-paragraph\">Oana s-a \u00eentors spre el.<\/p>\n\n\n\n<p class=\"wp-block-paragraph\">\u2014 P\u0103i tu mi-ai dat-o!<\/p>\n\n\n\n<p class=\"wp-block-paragraph\">\u2014 Oana\u2026<\/p>\n\n\n\n<p class=\"wp-block-paragraph\">\u2014 Ce? Acum te prefaci c\u0103 nu \u0219tii?<\/p>\n\n\n\n<p class=\"wp-block-paragraph\">Aproape c\u0103 am z\u00e2mbit.<\/p>\n\n\n\n<p class=\"wp-block-paragraph\">Nu mai trebuia s\u0103 demonstrez nimic.<\/p>\n\n\n\n<p class=\"wp-block-paragraph\">\u2014 Deci tu i-ai dat cheia.<\/p>\n\n\n\n<p class=\"wp-block-paragraph\">Mihai a oftat.<\/p>\n\n\n\n<p class=\"wp-block-paragraph\">\u2014 Adriana, voia doar s\u0103-\u0219i s\u0103rb\u0103toreasc\u0103 ziua.<\/p>\n\n\n\n<p class=\"wp-block-paragraph\">\u2014 I-am spus nu.<\/p>\n\n\n\n<p class=\"wp-block-paragraph\">\u2014 \u0218tiu.<\/p>\n\n\n\n<p class=\"wp-block-paragraph\">Un singur cuv\u00e2nt.<\/p>\n\n\n\n<p class=\"wp-block-paragraph\">\u0218i \u00een el era toat\u0103 tr\u0103darea.<\/p>\n\n\n\n<p class=\"wp-block-paragraph\">\u2014 Atunci de ce i-ai dat cheia?<\/p>\n\n\n\n<p class=\"wp-block-paragraph\">\u2014 Pentru c\u0103 exagerezi cu casa aia! E o proprietate, Adriana. Nu un altar.<\/p>\n\n\n\n<p class=\"wp-block-paragraph\">M-am uitat la el.<\/p>\n\n\n\n<p class=\"wp-block-paragraph\">\u2014 \u0218i de asta trebuia distrus\u0103?<\/p>\n\n\n\n<p class=\"wp-block-paragraph\">\u2014 N-am \u0219tiut c\u0103 se va ajunge acolo.<\/p>\n\n\n\n<p class=\"wp-block-paragraph\">\u2014 Dar \u0219tiai c\u0103 face petrecerea.<\/p>\n\n\n\n<p class=\"wp-block-paragraph\">A t\u0103cut.<\/p>\n\n\n\n<p class=\"wp-block-paragraph\">\u2014 \u0218i \u0219tiai c\u0103 plec spre lac \u00een diminea\u021ba aceea.<\/p>\n\n\n\n<p class=\"wp-block-paragraph\">Din nou, t\u0103cere.<\/p>\n\n\n\n<p class=\"wp-block-paragraph\">\u2014 De asta m-ai \u00eentrebat c\u00e2t stau.<\/p>\n\n\n\n<p class=\"wp-block-paragraph\">Mihai \u0219i-a trecut m\u00e2na prin p\u0103r.<\/p>\n\n\n\n<p class=\"wp-block-paragraph\">\u2014 Voiam doar s\u0103 \u00een\u021belegi c\u00e2t de mult te cost\u0103 locul \u0103la. Ai fi v\u0103zut repara\u021biile, \u00eentre\u021binerea\u2026 poate ai fi \u00eenceput s\u0103 g\u00e2nde\u0219ti ra\u021bional.<\/p>\n\n\n\n<p class=\"wp-block-paragraph\">Atunci am \u00een\u021beles planul complet.<\/p>\n\n\n\n<p class=\"wp-block-paragraph\">\u2014 Voiai s\u0103 m\u0103 satur de cas\u0103.<\/p>\n\n\n\n<p class=\"wp-block-paragraph\">\u2014 Voiam s\u0103 lu\u0103m o decizie bun\u0103 pentru familia noastr\u0103.<\/p>\n\n\n\n<p class=\"wp-block-paragraph\">\u2014 S-o v\u00e2nd \u0219i s\u0103-\u021bi dau banii pentru afacere.<\/p>\n\n\n\n<p class=\"wp-block-paragraph\">Nu m-a contrazis.<\/p>\n\n\n\n<p class=\"wp-block-paragraph\">Oana \u0219i-a luat geanta.<\/p>\n\n\n\n<p class=\"wp-block-paragraph\">\u2014 Eu plec. Rezolva\u021bi voi.<\/p>\n\n\n\n<p class=\"wp-block-paragraph\">\u2014 Nu \u00eenc\u0103.<\/p>\n\n\n\n<p class=\"wp-block-paragraph\">Am scos un plic din sertarul de l\u00e2ng\u0103 intrare \u0219i i l-am \u00eentins.<\/p>\n\n\n\n<p class=\"wp-block-paragraph\">\u2014 Ce-i asta?<\/p>\n\n\n\n<p class=\"wp-block-paragraph\">\u2014 Ce ai l\u0103sat \u00een urma petrecerii tale.<\/p>\n\n\n\n<p class=\"wp-block-paragraph\">\u00cen\u0103untru erau fotografiile \u0219i toate facturile pentru repara\u021bii \u0219i cur\u0103\u021benie.<\/p>\n\n\n\n<p class=\"wp-block-paragraph\">\u2014 Glume\u0219ti?<\/p>\n\n\n\n<p class=\"wp-block-paragraph\">\u2014 Deloc. Ai treizeci de zile s\u0103 achi\u021bi pagubele. Dac\u0103 refuzi, avocatul meu se ocup\u0103 mai departe.<\/p>\n\n\n\n<p class=\"wp-block-paragraph\">\u2014 Mihai!<\/p>\n\n\n\n<p class=\"wp-block-paragraph\">S-a \u00eentors spre fratele ei.<\/p>\n\n\n\n<p class=\"wp-block-paragraph\">\u2014 Spune-i ceva!<\/p>\n\n\n\n<p class=\"wp-block-paragraph\">Mihai s-a uitat la mine.<\/p>\n\n\n\n<p class=\"wp-block-paragraph\">\u2014 Adriana, ajunge.<\/p>\n\n\n\n<p class=\"wp-block-paragraph\">\u2014 Ai dreptate.<\/p>\n\n\n\n<p class=\"wp-block-paragraph\">Am deschis geanta.<\/p>\n\n\n\n<p class=\"wp-block-paragraph\">\u2014 Ajunge.<\/p>\n\n\n\n<p class=\"wp-block-paragraph\">Am scos al doilea plic \u0219i l-am pus \u00een m\u00e2na lui.<\/p>\n\n\n\n<p class=\"wp-block-paragraph\">L-a deschis.<\/p>\n\n\n\n<p class=\"wp-block-paragraph\">A citit prima pagin\u0103 \u0219i \u0219i-a ridicat imediat privirea.<\/p>\n\n\n\n<p class=\"wp-block-paragraph\">\u2014 Ce este asta?<\/p>\n\n\n\n<p class=\"wp-block-paragraph\">\u2014 \u0218tii s\u0103 cite\u0219ti.<\/p>\n\n\n\n<p class=\"wp-block-paragraph\">\u2014 Ai vorbit cu un avocat?<\/p>\n\n\n\n<p class=\"wp-block-paragraph\">\u2014 Da.<\/p>\n\n\n\n<p class=\"wp-block-paragraph\">\u2014 Vrei s\u0103 divor\u021bezi pentru o petrecere?<\/p>\n\n\n\n<p class=\"wp-block-paragraph\">Am cl\u0103tinat din cap.<\/p>\n\n\n\n<p class=\"wp-block-paragraph\">\u2014 Nu divor\u021bez pentru o petrecere.<\/p>\n\n\n\n<p class=\"wp-block-paragraph\">Am ar\u0103tat spre Oana.<\/p>\n\n\n\n<p class=\"wp-block-paragraph\">\u2014 Ea a \u00eenc\u0103lcat o limit\u0103.<\/p>\n\n\n\n<p class=\"wp-block-paragraph\">Apoi m-am uitat la el.<\/p>\n\n\n\n<p class=\"wp-block-paragraph\">\u2014 Tu ai luat cheia mea, i-ai dat-o dup\u0103 ce eu \u00eei spusesem \u201cnu\u201d, ai l\u0103sat-o s\u0103 intre \u00een casa mamei mele \u0219i ai sperat c\u0103 pagubele m\u0103 vor convinge s\u0103 v\u00e2nd. Dup\u0103 aceea ai stat \u00een fa\u021ba mea \u0219i m-ai min\u021bit.<\/p>\n\n\n\n<p class=\"wp-block-paragraph\">\u2014 Am f\u0103cut-o pentru noi.<\/p>\n\n\n\n<p class=\"wp-block-paragraph\">\u2014 Nu. Ai f\u0103cut-o pentru afacerea ta.<\/p>\n\n\n\n<p class=\"wp-block-paragraph\">\u2014 Afacerea aia ar fi fost pentru familia noastr\u0103!<\/p>\n\n\n\n<p class=\"wp-block-paragraph\">\u2014 Atunci trebuia s\u0103 m\u0103 convingi. Nu s\u0103 m\u0103 manipulezi.<\/p>\n\n\n\n<p class=\"wp-block-paragraph\">Oana plecase deja.<\/p>\n\n\n\n<p class=\"wp-block-paragraph\">Mihai a r\u0103mas cu actele \u00een m\u00e2n\u0103.<\/p>\n\n\n\n<p class=\"wp-block-paragraph\">\u2014 Arunci \u0219apte ani de c\u0103snicie pentru o cas\u0103?<\/p>\n\n\n\n<p class=\"wp-block-paragraph\">M-am apropiat de el.<\/p>\n\n\n\n<p class=\"wp-block-paragraph\">\u2014 \u00cenc\u0103 nu \u00een\u021belegi.<\/p>\n\n\n\n<p class=\"wp-block-paragraph\">Am luat cheile cele noi de pe mas\u0103.<\/p>\n\n\n\n<p class=\"wp-block-paragraph\">\u2014 Casa se repar\u0103. Perdeaua se schimb\u0103. Mobila se restaureaz\u0103. P\u00e2n\u0103 \u0219i perna mamei poate fi cusut\u0103 din nou.<\/p>\n\n\n\n<p class=\"wp-block-paragraph\">Am f\u0103cut o pauz\u0103.<\/p>\n\n\n\n<p class=\"wp-block-paragraph\">\u2014 Problema este c\u0103 omul \u00een care aveam cea mai mare \u00eencredere a decis c\u0103 \u201cnu\u201d-ul meu nu conteaz\u0103.<\/p>\n\n\n\n<p class=\"wp-block-paragraph\">Pentru prima dat\u0103, Mihai n-a mai avut nimic de spus.<\/p>\n\n\n\n<p class=\"wp-block-paragraph\">Casa de la lac a fost gata c\u00e2teva s\u0103pt\u0103m\u00e2ni mai t\u00e2rziu.<\/p>\n\n\n\n<p class=\"wp-block-paragraph\">N-am v\u00e2ndut-o.<\/p>\n\n\n\n<p class=\"wp-block-paragraph\">N-am transformat-o nici \u00eentr-un muzeu al mamei.<\/p>\n\n\n\n<p class=\"wp-block-paragraph\">Am \u00eenceput s\u0103 merg acolo cu copiii.<\/p>\n\n\n\n<p class=\"wp-block-paragraph\">Am pus c\u0103r\u021bile lor pe rafturi. Juc\u0103riile lor au ap\u0103rut l\u00e2ng\u0103 canapeaua pe care mama \u00ee\u0219i petrecuse at\u00e2tea dup\u0103-amiezi. \u00centr-unul dintre dormitoare am schimbat doar perdelele, pentru c\u0103 fiica mea voia unele mai luminoase.<\/p>\n\n\n\n<p class=\"wp-block-paragraph\">\u00centr-o diminea\u021b\u0103, st\u0103team pe verand\u0103 c\u00e2nd b\u0103iatul meu m-a \u00eentrebat:<\/p>\n\n\n\n<p class=\"wp-block-paragraph\">\u2014 Mami, bunica a iubit mult casa asta?<\/p>\n\n\n\n<p class=\"wp-block-paragraph\">\u2014 Foarte mult.<\/p>\n\n\n\n<p class=\"wp-block-paragraph\">\u2014 Atunci cred c\u0103 i-ar pl\u0103cea c\u0103 venim \u0219i noi aici.<\/p>\n\n\n\n<p class=\"wp-block-paragraph\">M-am uitat spre lac.<\/p>\n\n\n\n<p class=\"wp-block-paragraph\">Atunci am \u00een\u021beles ceva.<\/p>\n\n\n\n<p class=\"wp-block-paragraph\">Timp de doi ani p\u0103strasem casa aproape neschimbat\u0103 pentru c\u0103 m\u0103 temeam c\u0103, dac\u0103 schimb ceva, pierd \u00eenc\u0103 o buc\u0103\u021bic\u0103 din mama.<\/p>\n\n\n\n<p class=\"wp-block-paragraph\">Dar mama nu mi-o l\u0103sase ca s\u0103 tr\u0103iesc \u00een trecut.<\/p>\n\n\n\n<p class=\"wp-block-paragraph\">Mi-o l\u0103sase ca s\u0103 am unde s\u0103 construiesc alte amintiri.<\/p>\n\n\n\n<p class=\"wp-block-paragraph\">Mihai voise s\u0103 transforme casa \u00een bani pentru viitorul lui.<\/p>\n\n\n\n<p class=\"wp-block-paragraph\">F\u0103r\u0103 s\u0103-\u0219i dea seama, m\u0103 f\u0103cuse s\u0103 \u00een\u021beleg ce trebuia s\u0103 fac eu cu ea.<\/p>\n\n\n\n<p class=\"wp-block-paragraph\">S-o transform \u00een viitorul copiilor mei.<\/p>\n","protected":false},"excerpt":{"rendered":"<p>Partea a 2-a \u2013 Continuarea pove\u0219tii \ud83d\udc49Am intrat \u00een cas\u0103 f\u0103r\u0103 s\u0103-i spun lui Mihai ce v\u0103zusem. \u2014 N-ai intrat? a \u00eentrebat din nou. Mi-am l\u0103sat geanta pe scaun. \u2014 Nu. M-am r\u0103zg\u00e2ndit. Am v\u0103zut cum i se relaxeaz\u0103 umerii. Atunci am \u0219tiut. Nu aveam \u00eenc\u0103 dovada, dar omul din fa\u021ba mea \u0219tia ce se &#8230; <a title=\"Cumnata mea mi-a cerut casa de la lac pe care o mo\u0219tenisem de la mama pentru o petrecere. I-am spus clar \u201cnu\u201d. C\u00e2teva zile mai t\u00e2rziu, cheile au disp\u0103rut, iar c\u00e2nd am ajuns acolo am g\u0103sit str\u0103ini \u00een\u0103untru \u0219i lucrurile mamei mele distruse. Eram gata s\u0103 sun la poli\u021bie, p\u00e2n\u0103 c\u00e2nd mi-am amintit \u00eentrebarea ciudat\u0103 pe care mi-o pusese so\u021bul \u00eenainte s\u0103 plec.\" class=\"read-more\" href=\"https:\/\/stiri-faine.com\/?p=6129\" aria-label=\"Read more about Cumnata mea mi-a cerut casa de la lac pe care o mo\u0219tenisem de la mama pentru o petrecere. I-am spus clar \u201cnu\u201d. C\u00e2teva zile mai t\u00e2rziu, cheile au disp\u0103rut, iar c\u00e2nd am ajuns acolo am g\u0103sit str\u0103ini \u00een\u0103untru \u0219i lucrurile mamei mele distruse. Eram gata s\u0103 sun la poli\u021bie, p\u00e2n\u0103 c\u00e2nd mi-am amintit \u00eentrebarea ciudat\u0103 pe care mi-o pusese so\u021bul \u00eenainte s\u0103 plec.\">Read more<\/a><\/p>\n","protected":false},"author":1,"featured_media":0,"comment_status":"open","ping_status":"open","sticky":false,"template":"","format":"standard","meta":{"footnotes":""},"categories":[1],"tags":[],"class_list":["post-6129","post","type-post","status-publish","format-standard","hentry","category-uncategorized"],"_links":{"self":[{"href":"https:\/\/stiri-faine.com\/index.php?rest_route=\/wp\/v2\/posts\/6129","targetHints":{"allow":["GET"]}}],"collection":[{"href":"https:\/\/stiri-faine.com\/index.php?rest_route=\/wp\/v2\/posts"}],"about":[{"href":"https:\/\/stiri-faine.com\/index.php?rest_route=\/wp\/v2\/types\/post"}],"author":[{"embeddable":true,"href":"https:\/\/stiri-faine.com\/index.php?rest_route=\/wp\/v2\/users\/1"}],"replies":[{"embeddable":true,"href":"https:\/\/stiri-faine.com\/index.php?rest_route=%2Fwp%2Fv2%2Fcomments&post=6129"}],"version-history":[{"count":1,"href":"https:\/\/stiri-faine.com\/index.php?rest_route=\/wp\/v2\/posts\/6129\/revisions"}],"predecessor-version":[{"id":6130,"href":"https:\/\/stiri-faine.com\/index.php?rest_route=\/wp\/v2\/posts\/6129\/revisions\/6130"}],"wp:attachment":[{"href":"https:\/\/stiri-faine.com\/index.php?rest_route=%2Fwp%2Fv2%2Fmedia&parent=6129"}],"wp:term":[{"taxonomy":"category","embeddable":true,"href":"https:\/\/stiri-faine.com\/index.php?rest_route=%2Fwp%2Fv2%2Fcategories&post=6129"},{"taxonomy":"post_tag","embeddable":true,"href":"https:\/\/stiri-faine.com\/index.php?rest_route=%2Fwp%2Fv2%2Ftags&post=6129"}],"curies":[{"name":"wp","href":"https:\/\/api.w.org\/{rel}","templated":true}]}}