{"id":6127,"date":"2026-09-04T07:11:16","date_gmt":"2026-09-04T07:11:16","guid":{"rendered":"https:\/\/stiri-faine.com\/?p=6127"},"modified":"2026-09-04T07:11:17","modified_gmt":"2026-09-04T07:11:17","slug":"la-un-an-dupa-ce-si-a-pierdut-unicul-fiu-una-dintre-cele-mai-bogate-femei-din-romania-a-mers-sa-i-duca-flori-la-mormant-cand-a-ajuns-a-gasit-o-femeie-necunoscuta-plangand-acolo-cu-un-baietel-in-br","status":"publish","type":"post","link":"https:\/\/stiri-faine.com\/?p=6127","title":{"rendered":"La un an dup\u0103 ce \u0219i-a pierdut unicul fiu, una dintre cele mai bogate femei din Rom\u00e2nia a mers s\u0103-i duc\u0103 flori la morm\u00e2nt. C\u00e2nd a ajuns, a g\u0103sit o femeie necunoscut\u0103 pl\u00e2ng\u00e2nd acolo, cu un b\u0103ie\u021bel \u00een bra\u021be. Elena a vrut s\u0103 afle cine sunt, dar copilul s-a uitat la fotografia de pe piatra funerar\u0103 \u0219i a rostit un singur cuv\u00e2nt care a f\u0103cut-o s\u0103 \u00eencremeneasc\u0103."},"content":{"rendered":"\n<p class=\"wp-block-paragraph\">Partea a 2-a \u2013 Continuarea pove\u0219tii \ud83d\udc49<br>Elena a privit-o f\u0103r\u0103 s\u0103 clipeasc\u0103.<\/p>\n\n\n\n<p class=\"wp-block-paragraph\">\u2014 De unde \u0219ti\u021bi ce mi-a scris Alexandru \u00een ultima sear\u0103?<\/p>\n\n\n\n<p class=\"wp-block-paragraph\">Maria \u0219i-a cobor\u00e2t privirea spre copil.<\/p>\n\n\n\n<p class=\"wp-block-paragraph\">\u2014 Pentru c\u0103 era cu mine c\u00e2nd v-a trimis mesajul.<\/p>\n\n\n\n<p class=\"wp-block-paragraph\">Elena a sim\u021bit c\u0103 i se \u00eenmoaie genunchii.<\/p>\n\n\n\n<p class=\"wp-block-paragraph\">\u2014 Cu dumneavoastr\u0103?<\/p>\n\n\n\n<p class=\"wp-block-paragraph\">\u2014 Da.<\/p>\n\n\n\n<p class=\"wp-block-paragraph\">\u2014 Atunci spune\u021bi-mi tot.<\/p>\n\n\n\n<p class=\"wp-block-paragraph\">Maria a ezitat.<\/p>\n\n\n\n<p class=\"wp-block-paragraph\">\u2014 Poate ar fi mai bine s\u0103 ne a\u0219ez\u0103m undeva.<\/p>\n\n\n\n<p class=\"wp-block-paragraph\">\u2014 Nu. Aici. Vreau s\u0103 \u0219tiu acum.<\/p>\n\n\n\n<p class=\"wp-block-paragraph\">Maria l-a str\u00e2ns pe Luca la piept.<\/p>\n\n\n\n<p class=\"wp-block-paragraph\">\u2014 Eu \u0219i Alexandru am fost \u00eempreun\u0103 aproape trei ani.<\/p>\n\n\n\n<p class=\"wp-block-paragraph\">Elena a r\u0103mas nemi\u0219cat\u0103.<\/p>\n\n\n\n<p class=\"wp-block-paragraph\">Trei ani.<\/p>\n\n\n\n<p class=\"wp-block-paragraph\">\u00cen ultimii trei ani din via\u021ba fiului ei, vorbiser\u0103 aproape zilnic. Luaser\u0103 masa \u00eempreun\u0103, merseser\u0103 \u00een vacan\u021be, discutaser\u0103 despre afaceri.<\/p>\n\n\n\n<p class=\"wp-block-paragraph\">\u0218i el nu-i spusese nimic.<\/p>\n\n\n\n<p class=\"wp-block-paragraph\">\u2014 Este imposibil.<\/p>\n\n\n\n<p class=\"wp-block-paragraph\">\u2014 \u00cen\u021beleg de ce spune\u021bi asta.<\/p>\n\n\n\n<p class=\"wp-block-paragraph\">\u2014 Alexandru mi-ar fi spus.<\/p>\n\n\n\n<p class=\"wp-block-paragraph\">Maria a ridicat ochii spre ea.<\/p>\n\n\n\n<p class=\"wp-block-paragraph\">\u2014 Voia s\u0103 v\u0103 spun\u0103.<\/p>\n\n\n\n<p class=\"wp-block-paragraph\">Elena s-a uitat la copil.<\/p>\n\n\n\n<p class=\"wp-block-paragraph\">\u2014 Luca este fiul lui?<\/p>\n\n\n\n<p class=\"wp-block-paragraph\">Maria a r\u0103spuns f\u0103r\u0103 ezitare:<\/p>\n\n\n\n<p class=\"wp-block-paragraph\">\u2014 Da.<\/p>\n\n\n\n<p class=\"wp-block-paragraph\">Pentru c\u00e2teva secunde, Elena n-a putut vorbi.<\/p>\n\n\n\n<p class=\"wp-block-paragraph\">Apoi instinctul femeii de afaceri care verificase toat\u0103 via\u021ba contracte, oameni \u0219i cifre a \u00eenvins \u0219ocul.<\/p>\n\n\n\n<p class=\"wp-block-paragraph\">\u2014 Ave\u021bi dovezi?<\/p>\n\n\n\n<p class=\"wp-block-paragraph\">Maria a tres\u0103rit.<\/p>\n\n\n\n<p class=\"wp-block-paragraph\">\u2014 Am.<\/p>\n\n\n\n<p class=\"wp-block-paragraph\">\u2014 Ce fel de dovezi?<\/p>\n\n\n\n<p class=\"wp-block-paragraph\">\u2014 Certificatul lui de na\u0219tere. Fotografii. Mesaje. Alexandru l-a recunoscut pe Luca de la \u00eenceput.<\/p>\n\n\n\n<p class=\"wp-block-paragraph\">Elena \u0219i-a \u00een\u0103sprit vocea.<\/p>\n\n\n\n<p class=\"wp-block-paragraph\">\u2014 \u0218i totu\u0219i, timp de doi ani, eu n-am \u0219tiut c\u0103 am un nepot.<\/p>\n\n\n\n<p class=\"wp-block-paragraph\">\u2014 Pentru c\u0103 Alexandru se temea s\u0103 v\u0103 spun\u0103.<\/p>\n\n\n\n<p class=\"wp-block-paragraph\">Cuvintele au lovit-o mai tare dec\u00e2t orice acuza\u021bie.<\/p>\n\n\n\n<p class=\"wp-block-paragraph\">\u2014 De mine?<\/p>\n\n\n\n<p class=\"wp-block-paragraph\">\u2014 De reac\u021bia dumneavoastr\u0103.<\/p>\n\n\n\n<p class=\"wp-block-paragraph\">Maria \u0219i-a \u0219ters obrazul.<\/p>\n\n\n\n<p class=\"wp-block-paragraph\">\u2014 C\u00e2nd a aflat c\u0103 sunt \u00eens\u0103rcinat\u0103, primul lucru pe care mi l-a spus a fost c\u0103 \u00ee\u0219i dore\u0219te copilul. Al doilea a fost c\u0103 trebuie s\u0103 g\u0103seasc\u0103 momentul potrivit s\u0103 vorbeasc\u0103 cu dumneavoastr\u0103.<\/p>\n\n\n\n<p class=\"wp-block-paragraph\">\u2014 \u0218i \u00een doi ani nu l-a g\u0103sit?<\/p>\n\n\n\n<p class=\"wp-block-paragraph\">\u2014 Nu.<\/p>\n\n\n\n<p class=\"wp-block-paragraph\">Elena a \u00eentors privirea spre fotografia fiului ei.<\/p>\n\n\n\n<p class=\"wp-block-paragraph\">\u00cencepuse s\u0103 \u00een\u021beleag\u0103.<\/p>\n\n\n\n<p class=\"wp-block-paragraph\">\u00ce\u0219i amintea toate femeile despre care Alexandru \u00eei vorbise \u00een tinere\u021be \u0219i \u00eentreb\u0103rile ei.<\/p>\n\n\n\n<p class=\"wp-block-paragraph\">\u201cDin ce familie este?\u201d<\/p>\n\n\n\n<p class=\"wp-block-paragraph\">\u201cCu ce se ocup\u0103 p\u0103rin\u021bii?\u201d<\/p>\n\n\n\n<p class=\"wp-block-paragraph\">\u201cCe perspective are?\u201d<\/p>\n\n\n\n<p class=\"wp-block-paragraph\">Ea numise asta grij\u0103.<\/p>\n\n\n\n<p class=\"wp-block-paragraph\">Poate c\u0103 fiul ei \u00eei spusese altfel.<\/p>\n\n\n\n<p class=\"wp-block-paragraph\">\u2014 De ce a\u021bi venit acum? a \u00eentrebat.<\/p>\n\n\n\n<p class=\"wp-block-paragraph\">\u2014 Nu am venit la dumneavoastr\u0103.<\/p>\n\n\n\n<p class=\"wp-block-paragraph\">Maria a ar\u0103tat spre morm\u00e2nt.<\/p>\n\n\n\n<p class=\"wp-block-paragraph\">\u2014 Am venit la el.<\/p>\n\n\n\n<p class=\"wp-block-paragraph\">Elena a t\u0103cut.<\/p>\n\n\n\n<p class=\"wp-block-paragraph\">\u2014 Dac\u0103 voiam banii familiei dumneavoastr\u0103, doamn\u0103 Marinescu, a\u0219 fi b\u0103tut la u\u0219a dumneavoastr\u0103 imediat dup\u0103 accident. N-am f\u0103cut-o.<\/p>\n\n\n\n<p class=\"wp-block-paragraph\">\u2014 Atunci de ce ast\u0103zi?<\/p>\n\n\n\n<p class=\"wp-block-paragraph\">Maria s-a uitat la Luca.<\/p>\n\n\n\n<p class=\"wp-block-paragraph\">\u2014 Pentru c\u0103 \u00eencepe s\u0103 \u00eentrebe de tat\u0103l lui. \u0218i nu vreau s\u0103 creasc\u0103 \u00eentr-o cas\u0103 \u00een care Alexandru devine un subiect despre care nu vorbim.<\/p>\n\n\n\n<p class=\"wp-block-paragraph\">Elena \u0219i-a dus m\u00e2na la gur\u0103.<\/p>\n\n\n\n<p class=\"wp-block-paragraph\">\u2014 Pot s\u0103 v\u0103d fotografiile?<\/p>\n\n\n\n<p class=\"wp-block-paragraph\">Maria \u0219i-a scos telefonul.<\/p>\n\n\n\n<p class=\"wp-block-paragraph\">Prima fotografie \u00eel ar\u0103ta pe Alexandru \u00eentr-o buc\u0103t\u0103rie mic\u0103, \u021bin\u00e2nd un nou-n\u0103scut \u00een bra\u021be.<\/p>\n\n\n\n<p class=\"wp-block-paragraph\">Elena a m\u0103rit imaginea.<\/p>\n\n\n\n<p class=\"wp-block-paragraph\">Fiul ei z\u00e2mbea \u00eentr-un fel \u00een care ea nu-l mai v\u0103zuse de mult.<\/p>\n\n\n\n<p class=\"wp-block-paragraph\">A urmat alta.<\/p>\n\n\n\n<p class=\"wp-block-paragraph\">Alexandru \u00eemping\u00e2nd un c\u0103rucior printr-un parc.<\/p>\n\n\n\n<p class=\"wp-block-paragraph\">Alta, cu Luca adormit pe pieptul lui.<\/p>\n\n\n\n<p class=\"wp-block-paragraph\">Alta, f\u0103cut\u0103 probabil cu c\u00e2teva zile \u00eenainte de accident.<\/p>\n\n\n\n<p class=\"wp-block-paragraph\">Elena nu \u0219i-a mai putut opri lacrimile.<\/p>\n\n\n\n<p class=\"wp-block-paragraph\">\u2014 Era fericit.<\/p>\n\n\n\n<p class=\"wp-block-paragraph\">\u2014 Foarte.<\/p>\n\n\n\n<p class=\"wp-block-paragraph\">\u2014 De ce nu mi-a spus?<\/p>\n\n\n\n<p class=\"wp-block-paragraph\">Maria a r\u0103mas c\u00e2teva clipe t\u0103cut\u0103.<\/p>\n\n\n\n<p class=\"wp-block-paragraph\">\u2014 Pentru c\u0103 eu nu eram femeia pe care v-o imagina\u021bi l\u00e2ng\u0103 fiul dumneavoastr\u0103.<\/p>\n\n\n\n<p class=\"wp-block-paragraph\">Elena ar fi vrut s-o contrazic\u0103.<\/p>\n\n\n\n<p class=\"wp-block-paragraph\">Dar n-a putut.<\/p>\n\n\n\n<p class=\"wp-block-paragraph\">\u2014 \u00cen seara accidentului urma s\u0103 vin\u0103 la dumneavoastr\u0103, a continuat Maria. Mi-a spus c\u0103 s-a s\u0103turat s\u0103 am\u00e2ne.<\/p>\n\n\n\n<p class=\"wp-block-paragraph\">Elena s-a uitat din nou la fotografia de pe morm\u00e2nt.<\/p>\n\n\n\n<p class=\"wp-block-paragraph\">\u201cTe sun m\u00e2ine, mam\u0103. Trebuie s\u0103-\u021bi povestesc ceva.\u201d<\/p>\n\n\n\n<p class=\"wp-block-paragraph\">Acum \u0219tia.<\/p>\n\n\n\n<p class=\"wp-block-paragraph\">A doua zi, Elena i-a invitat pe Maria \u0219i Luca la ea acas\u0103.<\/p>\n\n\n\n<p class=\"wp-block-paragraph\">Maria a venit cu un dosar.<\/p>\n\n\n\n<p class=\"wp-block-paragraph\">Certificatul de na\u0219tere \u00eel men\u021biona pe Alexandru ca tat\u0103.<\/p>\n\n\n\n<p class=\"wp-block-paragraph\">Mai erau fotografii, conversa\u021bii, documente \u0219i lucruri pe care numai cineva foarte apropiat de el le putea cunoa\u0219te.<\/p>\n\n\n\n<p class=\"wp-block-paragraph\">Elena ar fi putut s\u0103 se opreasc\u0103 acolo.<\/p>\n\n\n\n<p class=\"wp-block-paragraph\">N-a f\u0103cut-o.<\/p>\n\n\n\n<p class=\"wp-block-paragraph\">\u2014 Vreau \u0219i un test ADN.<\/p>\n\n\n\n<p class=\"wp-block-paragraph\">Maria a r\u0103mas t\u0103cut\u0103 c\u00e2teva secunde.<\/p>\n\n\n\n<p class=\"wp-block-paragraph\">\u2014 Bine.<\/p>\n\n\n\n<p class=\"wp-block-paragraph\">\u2014 Nu v\u0103 sup\u0103ra\u021bi?<\/p>\n\n\n\n<p class=\"wp-block-paragraph\">\u2014 Ba da. Dar dac\u0103 asta trebuie ca s\u0103 nu v\u0103 \u00eentreba\u021bi toat\u0103 via\u021ba dac\u0103 am min\u021bit, \u00eel facem.<\/p>\n\n\n\n<p class=\"wp-block-paragraph\">Rezultatul a venit dup\u0103 c\u00e2teva zile.<\/p>\n\n\n\n<p class=\"wp-block-paragraph\">Luca era nepotul Elenei.<\/p>\n\n\n\n<p class=\"wp-block-paragraph\">\u00cen dup\u0103-amiaza \u00een care a primit confirmarea, Elena a stat mult timp singur\u0103 \u00een biroul ei.<\/p>\n\n\n\n<p class=\"wp-block-paragraph\">Avea un nepot de doi ani.<\/p>\n\n\n\n<p class=\"wp-block-paragraph\">Unicul ei nepot.<\/p>\n\n\n\n<p class=\"wp-block-paragraph\">\u0218i nu \u0219tia nici m\u0103car ce m\u00e2ncare \u00eei pl\u0103cea.<\/p>\n\n\n\n<p class=\"wp-block-paragraph\">A doua zi a chemat-o pe Maria.<\/p>\n\n\n\n<p class=\"wp-block-paragraph\">\u2014 Vreau s\u0103-i deschid un cont. \u0218i vreau s\u0103 v\u0103 cump\u0103r un apartament \u00een Bucure\u0219ti. Pot s\u0103\u2026<\/p>\n\n\n\n<p class=\"wp-block-paragraph\">\u2014 Nu.<\/p>\n\n\n\n<p class=\"wp-block-paragraph\">Elena s-a oprit.<\/p>\n\n\n\n<p class=\"wp-block-paragraph\">Nu era obi\u0219nuit\u0103 ca oamenii s\u0103-i r\u0103spund\u0103 at\u00e2t de simplu.<\/p>\n\n\n\n<p class=\"wp-block-paragraph\">\u2014 Maria, este nepotul meu. Pot s\u0103-i ofer o via\u021b\u0103 foarte bun\u0103.<\/p>\n\n\n\n<p class=\"wp-block-paragraph\">\u2014 Are o via\u021b\u0103 bun\u0103.<\/p>\n\n\n\n<p class=\"wp-block-paragraph\">\u2014 Dar a\u0219 putea s\u0103 v\u0103 ajut.<\/p>\n\n\n\n<p class=\"wp-block-paragraph\">\u2014 Pute\u021bi. Dar nu a\u0219a.<\/p>\n\n\n\n<p class=\"wp-block-paragraph\">Elena a \u00eencruntat spr\u00e2ncenele.<\/p>\n\n\n\n<p class=\"wp-block-paragraph\">Maria \u0219i-a ales cu grij\u0103 cuvintele.<\/p>\n\n\n\n<p class=\"wp-block-paragraph\">\u2014 Alexandru mi-a spus c\u0103 dumneavoastr\u0103 rezolva\u021bi totul cu bani. Nu pentru c\u0103 sunte\u021bi rea. Pentru c\u0103 banii sunt lucrul pe care \u0219ti\u021bi cel mai bine s\u0103-l controla\u021bi.<\/p>\n\n\n\n<p class=\"wp-block-paragraph\">Elena a sim\u021bit din nou acea \u00een\u021bep\u0103tur\u0103.<\/p>\n\n\n\n<p class=\"wp-block-paragraph\">\u2014 \u0218i ce vre\u021bi de la mine?<\/p>\n\n\n\n<p class=\"wp-block-paragraph\">Maria s-a uitat spre Luca, care se juca pe covor.<\/p>\n\n\n\n<p class=\"wp-block-paragraph\">\u2014 S\u0103-i spune\u021bi cine a fost tat\u0103l lui.<\/p>\n\n\n\n<p class=\"wp-block-paragraph\">At\u00e2t.<\/p>\n\n\n\n<p class=\"wp-block-paragraph\">\u00cen s\u0103pt\u0103m\u00e2nile urm\u0103toare, Elena a \u00eenceput s\u0103 mearg\u0103 la Bra\u0219ov.<\/p>\n\n\n\n<p class=\"wp-block-paragraph\">La \u00eenceput cu \u0219ofer.<\/p>\n\n\n\n<p class=\"wp-block-paragraph\">Dup\u0103 c\u00e2teva vizite, singur\u0103.<\/p>\n\n\n\n<p class=\"wp-block-paragraph\">A descoperit c\u0103 Luca adora trenule\u021bele, refuza morcovii fier\u021bi \u0219i r\u00e2dea c\u00e2nd cineva \u00eei ascundea juc\u0103riile sub pern\u0103.<\/p>\n\n\n\n<p class=\"wp-block-paragraph\">\u00centr-o dup\u0103-amiaz\u0103, Elena a adus un album.<\/p>\n\n\n\n<p class=\"wp-block-paragraph\">S-a a\u0219ezat l\u00e2ng\u0103 el \u0219i i-a ar\u0103tat o fotografie cu Alexandru la trei ani.<\/p>\n\n\n\n<p class=\"wp-block-paragraph\">\u2014 \u0102sta este tati c\u00e2nd era aproape c\u00e2t tine.<\/p>\n\n\n\n<p class=\"wp-block-paragraph\">Luca a privit fotografia.<\/p>\n\n\n\n<p class=\"wp-block-paragraph\">Apoi s-a uitat la Elena.<\/p>\n\n\n\n<p class=\"wp-block-paragraph\">\u2014 Tati mic?<\/p>\n\n\n\n<p class=\"wp-block-paragraph\">Elena a r\u00e2s \u0219i a pl\u00e2ns \u00een acela\u0219i timp.<\/p>\n\n\n\n<p class=\"wp-block-paragraph\">\u2014 Da. Tati mic.<\/p>\n\n\n\n<p class=\"wp-block-paragraph\">Maria le privea de la c\u00e2\u021biva pa\u0219i.<\/p>\n\n\n\n<p class=\"wp-block-paragraph\">Nu deveniser\u0103 peste noapte o familie perfect\u0103.<\/p>\n\n\n\n<p class=\"wp-block-paragraph\">Elena \u00eenc\u0103 avea multe de \u00eenv\u0103\u021bat.<\/p>\n\n\n\n<p class=\"wp-block-paragraph\">Maria \u00eenc\u0103 avea motive s\u0103 fie prudent\u0103.<\/p>\n\n\n\n<p class=\"wp-block-paragraph\">Dar, \u00eencet, \u00eentre ele s-a construit ceva ce banii nu puteau gr\u0103bi.<\/p>\n\n\n\n<p class=\"wp-block-paragraph\">\u00cen prim\u0103vara urm\u0103toare, s-au \u00eentors \u00eempreun\u0103 la morm\u00e2ntul lui Alexandru.<\/p>\n\n\n\n<p class=\"wp-block-paragraph\">Luca \u021binea o lalea \u00een m\u00e2n\u0103.<\/p>\n\n\n\n<p class=\"wp-block-paragraph\">A pus-o l\u00e2ng\u0103 fotografie, apoi s-a \u00eentors spre Elena.<\/p>\n\n\n\n<p class=\"wp-block-paragraph\">\u2014 Bunica, vii?<\/p>\n\n\n\n<p class=\"wp-block-paragraph\">Elena a \u00eencremenit.<\/p>\n\n\n\n<p class=\"wp-block-paragraph\">Era prima dat\u0103 c\u00e2nd \u00eei spunea a\u0219a.<\/p>\n\n\n\n<p class=\"wp-block-paragraph\">Maria a z\u00e2mbit.<\/p>\n\n\n\n<p class=\"wp-block-paragraph\">Elena s-a aplecat \u0219i i-a \u00eentins m\u00e2na.<\/p>\n\n\n\n<p class=\"wp-block-paragraph\">\u2014 Vin.<\/p>\n\n\n\n<p class=\"wp-block-paragraph\">Au plecat \u00eencet pe alee, iar Elena s-a uitat o singur\u0103 dat\u0103 \u00een urm\u0103.<\/p>\n\n\n\n<p class=\"wp-block-paragraph\">Toat\u0103 via\u021ba crezuse c\u0103 mo\u0219tenirea pe care o va l\u0103sa familiei sale se m\u0103sura \u00een cl\u0103diri, terenuri, firme \u0219i conturi.<\/p>\n\n\n\n<p class=\"wp-block-paragraph\">Alexandru \u00eencercase s\u0103-i spun\u0103 c\u0103 exist\u0103 lucruri mai importante.<\/p>\n\n\n\n<p class=\"wp-block-paragraph\">\u00cel \u00een\u021belesese prea t\u00e2rziu.<\/p>\n\n\n\n<p class=\"wp-block-paragraph\">Dar nu at\u00e2t de t\u00e2rziu \u00eenc\u00e2t s\u0103 repete aceea\u0219i gre\u0219eal\u0103 cu fiul lui.<\/p>\n\n\n\n<p class=\"wp-block-paragraph\">Maria nu venise s\u0103-i cear\u0103 o parte din avere.<\/p>\n\n\n\n<p class=\"wp-block-paragraph\">\u00cei adusese ceva ce nici toat\u0103 averea Elenei Marinescu nu ar fi putut cump\u0103ra.<\/p>\n\n\n\n<p class=\"wp-block-paragraph\">\u0218ansa de a cunoa\u0219te partea din fiul ei care r\u0103m\u0103sese \u00een lume.<\/p>\n","protected":false},"excerpt":{"rendered":"<p>Partea a 2-a \u2013 Continuarea pove\u0219tii \ud83d\udc49Elena a privit-o f\u0103r\u0103 s\u0103 clipeasc\u0103. \u2014 De unde \u0219ti\u021bi ce mi-a scris Alexandru \u00een ultima sear\u0103? Maria \u0219i-a cobor\u00e2t privirea spre copil. \u2014 Pentru c\u0103 era cu mine c\u00e2nd v-a trimis mesajul. Elena a sim\u021bit c\u0103 i se \u00eenmoaie genunchii. \u2014 Cu dumneavoastr\u0103? \u2014 Da. \u2014 Atunci spune\u021bi-mi &#8230; <a title=\"La un an dup\u0103 ce \u0219i-a pierdut unicul fiu, una dintre cele mai bogate femei din Rom\u00e2nia a mers s\u0103-i duc\u0103 flori la morm\u00e2nt. C\u00e2nd a ajuns, a g\u0103sit o femeie necunoscut\u0103 pl\u00e2ng\u00e2nd acolo, cu un b\u0103ie\u021bel \u00een bra\u021be. Elena a vrut s\u0103 afle cine sunt, dar copilul s-a uitat la fotografia de pe piatra funerar\u0103 \u0219i a rostit un singur cuv\u00e2nt care a f\u0103cut-o s\u0103 \u00eencremeneasc\u0103.\" class=\"read-more\" href=\"https:\/\/stiri-faine.com\/?p=6127\" aria-label=\"Read more about La un an dup\u0103 ce \u0219i-a pierdut unicul fiu, una dintre cele mai bogate femei din Rom\u00e2nia a mers s\u0103-i duc\u0103 flori la morm\u00e2nt. C\u00e2nd a ajuns, a g\u0103sit o femeie necunoscut\u0103 pl\u00e2ng\u00e2nd acolo, cu un b\u0103ie\u021bel \u00een bra\u021be. Elena a vrut s\u0103 afle cine sunt, dar copilul s-a uitat la fotografia de pe piatra funerar\u0103 \u0219i a rostit un singur cuv\u00e2nt care a f\u0103cut-o s\u0103 \u00eencremeneasc\u0103.\">Read more<\/a><\/p>\n","protected":false},"author":1,"featured_media":0,"comment_status":"open","ping_status":"open","sticky":false,"template":"","format":"standard","meta":{"footnotes":""},"categories":[1],"tags":[],"class_list":["post-6127","post","type-post","status-publish","format-standard","hentry","category-uncategorized"],"_links":{"self":[{"href":"https:\/\/stiri-faine.com\/index.php?rest_route=\/wp\/v2\/posts\/6127","targetHints":{"allow":["GET"]}}],"collection":[{"href":"https:\/\/stiri-faine.com\/index.php?rest_route=\/wp\/v2\/posts"}],"about":[{"href":"https:\/\/stiri-faine.com\/index.php?rest_route=\/wp\/v2\/types\/post"}],"author":[{"embeddable":true,"href":"https:\/\/stiri-faine.com\/index.php?rest_route=\/wp\/v2\/users\/1"}],"replies":[{"embeddable":true,"href":"https:\/\/stiri-faine.com\/index.php?rest_route=%2Fwp%2Fv2%2Fcomments&post=6127"}],"version-history":[{"count":1,"href":"https:\/\/stiri-faine.com\/index.php?rest_route=\/wp\/v2\/posts\/6127\/revisions"}],"predecessor-version":[{"id":6128,"href":"https:\/\/stiri-faine.com\/index.php?rest_route=\/wp\/v2\/posts\/6127\/revisions\/6128"}],"wp:attachment":[{"href":"https:\/\/stiri-faine.com\/index.php?rest_route=%2Fwp%2Fv2%2Fmedia&parent=6127"}],"wp:term":[{"taxonomy":"category","embeddable":true,"href":"https:\/\/stiri-faine.com\/index.php?rest_route=%2Fwp%2Fv2%2Fcategories&post=6127"},{"taxonomy":"post_tag","embeddable":true,"href":"https:\/\/stiri-faine.com\/index.php?rest_route=%2Fwp%2Fv2%2Ftags&post=6127"}],"curies":[{"name":"wp","href":"https:\/\/api.w.org\/{rel}","templated":true}]}}