{"id":6124,"date":"2026-09-04T07:08:34","date_gmt":"2026-09-04T07:08:34","guid":{"rendered":"https:\/\/stiri-faine.com\/?p=6124"},"modified":"2026-09-04T07:08:34","modified_gmt":"2026-09-04T07:08:34","slug":"procurorii-au-decis-diana-sosoaca-va-fi-vezi-mai-mult","status":"publish","type":"post","link":"https:\/\/stiri-faine.com\/?p=6124","title":{"rendered":"Procurorii au decis! Diana \u0218o\u0219oac\u0103 va fi\u2026 Vezi mai mult"},"content":{"rendered":"\n<p class=\"wp-block-paragraph\">Eurodeputata Diana \u0218o\u0219oac\u0103 a fost citat\u0103 luni, 30 martie 2026, la Parchetul General, \u00een cadrul unui dosar \u00een care este vizat\u0103 pentru presupuse fapte de propagand\u0103 legionar\u0103. Ancheta se afl\u0103 \u00een desf\u0103\u0219urare, iar procurorii analizeaz\u0103 probele str\u00e2nse p\u00e2n\u0103 \u00een acest moment \u0219i stabilesc care vor fi urm\u0103toarele proceduri.<\/p>\n\n\n\n<p class=\"wp-block-paragraph\">Prezen\u021ba Dianei \u0218o\u0219oac\u0103 la sediul Parchetului General a atras aten\u021bia, mai ales \u00een contextul informa\u021biilor potrivit c\u0103rora \u00een dosar ar putea fi luat\u0103 \u00een calcul efectuarea unei expertize de specialitate.<\/p>\n\n\n\n<p class=\"wp-block-paragraph\">Eurodeputata a reac\u021bionat public \u0219i a respins categoric posibilitatea de a fi supus\u0103 unei expertize psihiatrice, sus\u021bin\u00e2nd c\u0103 demersurile \u00eendreptate \u00eempotriva sa ar avea alte motiva\u021bii dec\u00e2t cele judiciare.<\/p>\n\n\n\n<h2 class=\"wp-block-heading\">Procurorii analizeaz\u0103 urm\u0103torii pa\u0219i \u00een dosar<\/h2>\n\n\n\n<p class=\"wp-block-paragraph\">\u00cen aceast\u0103 etap\u0103, anchetatorii continu\u0103 s\u0103 analizeze materialul probator \u0219i s\u0103 stabileasc\u0103 dac\u0103 sunt necesare noi acte de urm\u0103rire penal\u0103.<\/p>\n\n\n\n<p class=\"wp-block-paragraph\">Printre variantele discutate s-ar afla \u0219i efectuarea unei expertize de specialitate, inclusiv de natur\u0103 psihiatric\u0103. O asemenea procedur\u0103 trebuie \u00eens\u0103 realizat\u0103 cu respectarea condi\u021biilor prev\u0103zute de legisla\u021bie \u0219i a drepturilor persoanei vizate de anchet\u0103.<\/p>\n\n\n\n<p class=\"wp-block-paragraph\">\u00cen cazul \u00een care o anumit\u0103 evaluare nu poate fi realizat\u0103, procurorii au posibilitatea de a continua cercet\u0103rile prin administrarea celorlalte mijloace de prob\u0103 disponibile.<\/p>\n\n\n\n<p class=\"wp-block-paragraph\">Astfel, desf\u0103\u0219urarea anchetei nu depinde exclusiv de o eventual\u0103 expertiz\u0103, iar concluziile vor trebui formulate \u00een func\u021bie de ansamblul probelor existente \u00een dosar.<\/p>\n\n\n\n<h2 class=\"wp-block-heading\">Dosarul vizeaz\u0103 presupuse fapte de propagand\u0103 legionar\u0103<\/h2>\n\n\n\n<p class=\"wp-block-paragraph\">Cercet\u0103rile \u00een care este vizat\u0103 Diana \u0218o\u0219oac\u0103 au leg\u0103tur\u0103 cu presupuse fapte de propagand\u0103 legionar\u0103. \u00cen aceast\u0103 faz\u0103 a procedurilor, existen\u021ba unei anchete nu echivaleaz\u0103 cu stabilirea vinov\u0103\u021biei, iar eventualele acuza\u021bii trebuie analizate \u00een cadrul procesului penal \u0219i raportate la probele administrate.<\/p>\n\n\n\n<p class=\"wp-block-paragraph\">Anchetatorii trebuie s\u0103 stabileasc\u0103 \u00eemprejur\u0103rile concrete ale faptelor cercetate \u0219i dac\u0103 acestea \u00eentrunesc elementele prev\u0103zute de legisla\u021bia penal\u0103.<\/p>\n\n\n\n<p class=\"wp-block-paragraph\">Tocmai din acest motiv, audierile, documentele, \u00eenregistr\u0103rile sau eventualele expertize pot deveni elemente importante \u00een stabilirea situa\u021biei de fapt.<\/p>\n\n\n\n<p class=\"wp-block-paragraph\">Dosarul urmeaz\u0103 s\u0103 parcurg\u0103 etapele procedurale prev\u0103zute de lege, iar procurorii vor decide ulterior dac\u0103 exist\u0103 suficiente elemente pentru continuarea cercet\u0103rilor \u00eentr-o anumit\u0103 direc\u021bie.<\/p>\n\n\n\n<h2 class=\"wp-block-heading\">Diana \u0218o\u0219oac\u0103 respinge ideea unei expertize psihiatrice<\/h2>\n\n\n\n<p class=\"wp-block-paragraph\">La sosirea la Parchetul General, Diana \u0218o\u0219oac\u0103 a avut o reac\u021bie categoric\u0103 \u00een leg\u0103tur\u0103 cu posibilitatea unei expertize psihiatrice.<\/p>\n\n\n\n<p class=\"wp-block-paragraph\">Eurodeputata a respins public o asemenea variant\u0103 \u0219i a criticat demersurile anchetatorilor. Aceasta a sus\u021binut c\u0103 ceea ce se \u00eent\u00e2mpl\u0103 ar avea o motiva\u021bie politic\u0103 \u0219i a comparat situa\u021bia cu practicile utilizate \u00een perioada sovietic\u0103 \u00eempotriva unor persoane incomode pentru regim.<\/p>\n\n\n\n<p class=\"wp-block-paragraph\">Prin declara\u021biile f\u0103cute, Diana \u0218o\u0219oac\u0103 a transmis c\u0103 nu este de acord cu o asemenea evaluare \u0219i c\u0103 prive\u0219te procedura drept o form\u0103 de presiune exercitat\u0103 asupra sa.<\/p>\n\n\n\n<p class=\"wp-block-paragraph\">Afirma\u021biile reprezint\u0103 pozi\u021bia eurodeputatei \u00een raport cu ancheta \u0219i cu procedurile despre care s-a discutat \u00een contextul dosarului.<\/p>\n\n\n\n<h2 class=\"wp-block-heading\">Ce se poate \u00eent\u00e2mpla \u00een continuare<\/h2>\n\n\n\n<p class=\"wp-block-paragraph\">Urm\u0103toarea perioad\u0103 va fi important\u0103 pentru evolu\u021bia dosarului. Procurorii \u0219i avoca\u021bii urmeaz\u0103 s\u0103 clarifice ce acte procedurale mai sunt necesare \u0219i dac\u0103 se impune administrarea unor probe suplimentare.<\/p>\n\n\n\n<p class=\"wp-block-paragraph\">\u00cen situa\u021bia \u00een care o eventual\u0103 expertiz\u0103 nu va fi efectuat\u0103, anchetatorii pot continua cercet\u0103rile pe baza celorlalte elemente existente sau ob\u021binute ulterior.<\/p>\n\n\n\n<p class=\"wp-block-paragraph\">Pot urma noi audieri, verific\u0103ri \u0219i analiza unor documente sau a altor materiale considerate relevante pentru cauz\u0103.<\/p>\n\n\n\n<p class=\"wp-block-paragraph\">Decizia final\u0103 privind direc\u021bia dosarului va apar\u021bine procurorilor, \u00een func\u021bie de concluziile rezultate din probele administrate \u0219i de cadrul juridic aplicabil.<\/p>\n\n\n\n<p class=\"wp-block-paragraph\">P\u00e2n\u0103 la finalizarea procedurilor \u0219i existen\u021ba unei eventuale hot\u0103r\u00e2ri definitive, trebuie respectat principiul prezum\u021biei de nevinov\u0103\u021bie.<\/p>\n","protected":false},"excerpt":{"rendered":"<p>Eurodeputata Diana \u0218o\u0219oac\u0103 a fost citat\u0103 luni, 30 martie 2026, la Parchetul General, \u00een cadrul unui dosar \u00een care este vizat\u0103 pentru presupuse fapte de propagand\u0103 legionar\u0103. Ancheta se afl\u0103 \u00een desf\u0103\u0219urare, iar procurorii analizeaz\u0103 probele str\u00e2nse p\u00e2n\u0103 \u00een acest moment \u0219i stabilesc care vor fi urm\u0103toarele proceduri. Prezen\u021ba Dianei \u0218o\u0219oac\u0103 la sediul Parchetului General &#8230; <a title=\"Procurorii au decis! Diana \u0218o\u0219oac\u0103 va fi\u2026 Vezi mai mult\" class=\"read-more\" href=\"https:\/\/stiri-faine.com\/?p=6124\" aria-label=\"Read more about Procurorii au decis! Diana \u0218o\u0219oac\u0103 va fi\u2026 Vezi mai mult\">Read more<\/a><\/p>\n","protected":false},"author":1,"featured_media":0,"comment_status":"open","ping_status":"open","sticky":false,"template":"","format":"standard","meta":{"footnotes":""},"categories":[1],"tags":[],"class_list":["post-6124","post","type-post","status-publish","format-standard","hentry","category-uncategorized"],"_links":{"self":[{"href":"https:\/\/stiri-faine.com\/index.php?rest_route=\/wp\/v2\/posts\/6124","targetHints":{"allow":["GET"]}}],"collection":[{"href":"https:\/\/stiri-faine.com\/index.php?rest_route=\/wp\/v2\/posts"}],"about":[{"href":"https:\/\/stiri-faine.com\/index.php?rest_route=\/wp\/v2\/types\/post"}],"author":[{"embeddable":true,"href":"https:\/\/stiri-faine.com\/index.php?rest_route=\/wp\/v2\/users\/1"}],"replies":[{"embeddable":true,"href":"https:\/\/stiri-faine.com\/index.php?rest_route=%2Fwp%2Fv2%2Fcomments&post=6124"}],"version-history":[{"count":1,"href":"https:\/\/stiri-faine.com\/index.php?rest_route=\/wp\/v2\/posts\/6124\/revisions"}],"predecessor-version":[{"id":6125,"href":"https:\/\/stiri-faine.com\/index.php?rest_route=\/wp\/v2\/posts\/6124\/revisions\/6125"}],"wp:attachment":[{"href":"https:\/\/stiri-faine.com\/index.php?rest_route=%2Fwp%2Fv2%2Fmedia&parent=6124"}],"wp:term":[{"taxonomy":"category","embeddable":true,"href":"https:\/\/stiri-faine.com\/index.php?rest_route=%2Fwp%2Fv2%2Fcategories&post=6124"},{"taxonomy":"post_tag","embeddable":true,"href":"https:\/\/stiri-faine.com\/index.php?rest_route=%2Fwp%2Fv2%2Ftags&post=6124"}],"curies":[{"name":"wp","href":"https:\/\/api.w.org\/{rel}","templated":true}]}}