{"id":6121,"date":"2026-09-04T07:08:17","date_gmt":"2026-09-04T07:08:17","guid":{"rendered":"https:\/\/stiri-faine.com\/?p=6121"},"modified":"2026-09-04T07:08:18","modified_gmt":"2026-09-04T07:08:18","slug":"veste-de-ultima-ora-pentru-pensionari-pensiile-vezi-mai-mult","status":"publish","type":"post","link":"https:\/\/stiri-faine.com\/?p=6121","title":{"rendered":"Veste de ultim\u0103 or\u0103 pentru pensionari! Pensiile\u2026 Vezi mai mult"},"content":{"rendered":"\n<p class=\"wp-block-paragraph\">Drago\u0219 P\u00eeslaru, care ocup\u0103 func\u021bia de ministru interimar al Muncii, a vorbit despre posibilitatea de a indexa pensiile \u0219i salariile \u00een anul 2027.<\/p>\n\n\n\n<p class=\"wp-block-paragraph\">Conform spuselor lui Drago\u0219 P\u00eeslaru, un buget corespunz\u0103tor pentru anul urm\u0103tor ar putea \u00eencorpora \u0219i indexarea acestor venituri. Ministrul a afirmat c\u0103 oficialii din cadrul Comisiei Europene nu ar avea obiec\u021bii referitoare la aceast\u0103 indexare.<\/p>\n\n\n\n<p class=\"wp-block-paragraph\">\u201eNu exist\u0103 motive de \u00eengrijorare c\u0103 Bruxelles-ul ne-ar \u00eempiedica s\u0103 efectu\u0103m aceste index\u0103ri. Ceea ce conteaz\u0103 este responsabilitatea politic\u0103 de a elabora un buget adecvat pentru anul viitor \u0219i pe termen mediu\u201d, a afirmat Drago\u0219 P\u00eeslaru.<\/p>\n\n\n\n<p class=\"wp-block-paragraph\">De asemenea, P\u00eeslaru a subliniat c\u0103 nici o institu\u021bie european\u0103 nu se va opune index\u0103rii pensiilor \u0219i salariilor \u00een Rom\u00e2nia, dar c\u0103 oficialii de la Bruxelles ar solicita detalii privind sursele de finan\u021bare.<\/p>\n\n\n\n<p class=\"wp-block-paragraph\">\u201ePot s\u0103 afirm cu certitudine c\u0103 politica de pensii \u0219i salarii a Rom\u00e2niei nu este dictat\u0103 de Comisia European\u0103. Am men\u021bionat acest lucru de fiecare dat\u0103 c\u00e2nd am avut astfel de discu\u021bii. Este evident c\u0103 Rom\u00e2nia, dac\u0103 \u00ee\u0219i va \u00eendeplini angajamentele asumate referitoare la indexarea pensiilor, va trebui s\u0103 demonstreze cum \u00ee\u0219i structureaz\u0103 bugetul \u00eentr-un mod responsabil.<\/p>\n\n\n\n<p class=\"wp-block-paragraph\">Astfel, este esen\u021bial s\u0103 \u00een\u021belegem c\u0103 problema nu este dac\u0103 putem sau nu s\u0103 index\u0103m pensiile sau salariile, ci cum putem construi un buget care s\u0103 permit\u0103 aceste m\u0103suri. Uit\u00e2ndu-m\u0103 la unele programe politice recente, este destul de amuzant s\u0103 observ cum ni se promit solu\u021bii f\u0103r\u0103 a se indica sursa de finan\u021bare \u0219i modul \u00een care se vor integra \u00een buget aceste m\u0103suri\u201d.<\/p>\n\n\n\n<p class=\"wp-block-paragraph\">Pe 1 iulie 2026, salariul minim brut a fost majorat la 4.325 de lei, ceea ce reprezint\u0103 o cre\u0219tere de aproximativ 6,8%, echivalentul a 275 de lei brut.<\/p>\n\n\n\n<p class=\"wp-block-paragraph\">\u201ePentru muncitori, aceasta \u00eenseamn\u0103 o cre\u0219tere real\u0103 a salariului de 125 lei. Ce \u00eenseamn\u0103 125 de lei \u00een Rom\u00e2nia anului 2026, av\u00e2nd \u00een vedere o infla\u021bie de 10%? Practic, aproape nimic, din perspectiva mea. \u00cens\u0103 pentru angajatori, situa\u021bia este mai complicat\u0103, deoarece costurile cresc cu aproape 400 de lei pentru fiecare angajat cu salariul minim. Statul este cel mai beneficiat, ob\u021bin\u00e2nd multe venituri din aceast\u0103 cre\u0219tere\u201d, a ad\u0103ugat ministrul.<\/p>\n\n\n\n<p class=\"wp-block-paragraph\">Rom\u00e2nii lucreaz\u0103, \u00een mod oficial, 8 ore pe zi, dar realitatea este diferit\u0103: de multe ori, ziua de munc\u0103 se extinde cu ore suplimentare nepl\u0103tite, ajung\u00e2ndu-se la 10 ore sau chiar mai mult.<\/p>\n\n\n\n<p class=\"wp-block-paragraph\">Aceast\u0103 situa\u021bie, care nu este o excep\u021bie, ilustreaz\u0103 o problem\u0103 profund\u0103 a culturii organiza\u021bionale din \u021bar\u0103, dar \u0219i o tendin\u021b\u0103 care dep\u0103\u0219e\u0219te grani\u021bele Rom\u00e2niei. Munca peste program \u2013 o norm\u0103 tacit\u0103. Frecvent, angaja\u021bii r\u0103m\u00e2n la birou pentru a termina sarcini suplimentare, pentru a r\u0103spunde la apeluri sau pentru alte obliga\u021bii.<\/p>\n\n\n\n<p class=\"wp-block-paragraph\">Pe de alt\u0103 parte, se apropie \u00eenceputul anului \u0219colar, iar p\u0103rin\u021bii \u0219i copiii se \u00eendreapt\u0103 spre magazine \u00een c\u0103utarea rechizitelor necesare.<\/p>\n\n\n\n<p class=\"wp-block-paragraph\">\u00cen timp ce adul\u021bii sunt concentra\u021bi pe g\u0103sirea celor mai bune pre\u021buri \u0219i pe respectarea bugetului, copiii au preferin\u021be diferite care pot cre\u0219te semnificativ costurile. Cei mici prefer\u0103 rechizite colorate, cu accesorii atr\u0103g\u0103toare \u0219i personaje din desene animate, iar aceste alegeri se reflect\u0103 \u00een cheltuieli mult mai mari.<\/p>\n","protected":false},"excerpt":{"rendered":"<p>Drago\u0219 P\u00eeslaru, care ocup\u0103 func\u021bia de ministru interimar al Muncii, a vorbit despre posibilitatea de a indexa pensiile \u0219i salariile \u00een anul 2027. Conform spuselor lui Drago\u0219 P\u00eeslaru, un buget corespunz\u0103tor pentru anul urm\u0103tor ar putea \u00eencorpora \u0219i indexarea acestor venituri. Ministrul a afirmat c\u0103 oficialii din cadrul Comisiei Europene nu ar avea obiec\u021bii referitoare &#8230; <a title=\"Veste de ultim\u0103 or\u0103 pentru pensionari! Pensiile\u2026 Vezi mai mult\" class=\"read-more\" href=\"https:\/\/stiri-faine.com\/?p=6121\" aria-label=\"Read more about Veste de ultim\u0103 or\u0103 pentru pensionari! Pensiile\u2026 Vezi mai mult\">Read more<\/a><\/p>\n","protected":false},"author":1,"featured_media":0,"comment_status":"open","ping_status":"open","sticky":false,"template":"","format":"standard","meta":{"footnotes":""},"categories":[1],"tags":[],"class_list":["post-6121","post","type-post","status-publish","format-standard","hentry","category-uncategorized"],"_links":{"self":[{"href":"https:\/\/stiri-faine.com\/index.php?rest_route=\/wp\/v2\/posts\/6121","targetHints":{"allow":["GET"]}}],"collection":[{"href":"https:\/\/stiri-faine.com\/index.php?rest_route=\/wp\/v2\/posts"}],"about":[{"href":"https:\/\/stiri-faine.com\/index.php?rest_route=\/wp\/v2\/types\/post"}],"author":[{"embeddable":true,"href":"https:\/\/stiri-faine.com\/index.php?rest_route=\/wp\/v2\/users\/1"}],"replies":[{"embeddable":true,"href":"https:\/\/stiri-faine.com\/index.php?rest_route=%2Fwp%2Fv2%2Fcomments&post=6121"}],"version-history":[{"count":1,"href":"https:\/\/stiri-faine.com\/index.php?rest_route=\/wp\/v2\/posts\/6121\/revisions"}],"predecessor-version":[{"id":6123,"href":"https:\/\/stiri-faine.com\/index.php?rest_route=\/wp\/v2\/posts\/6121\/revisions\/6123"}],"wp:attachment":[{"href":"https:\/\/stiri-faine.com\/index.php?rest_route=%2Fwp%2Fv2%2Fmedia&parent=6121"}],"wp:term":[{"taxonomy":"category","embeddable":true,"href":"https:\/\/stiri-faine.com\/index.php?rest_route=%2Fwp%2Fv2%2Fcategories&post=6121"},{"taxonomy":"post_tag","embeddable":true,"href":"https:\/\/stiri-faine.com\/index.php?rest_route=%2Fwp%2Fv2%2Ftags&post=6121"}],"curies":[{"name":"wp","href":"https:\/\/api.w.org\/{rel}","templated":true}]}}