{"id":6119,"date":"2026-09-04T07:07:00","date_gmt":"2026-09-04T07:07:00","guid":{"rendered":"https:\/\/stiri-faine.com\/?p=6119"},"modified":"2026-09-04T07:07:00","modified_gmt":"2026-09-04T07:07:00","slug":"scandal-intre-psd-si-usr-dupa-demersul-din-parlamentul-european-grindeanu-vorbeste-despre-tradare","status":"publish","type":"post","link":"https:\/\/stiri-faine.com\/?p=6119","title":{"rendered":"Scandal \u00eentre PSD \u0219i USR dup\u0103 DEMERSUL din Parlamentul European. Grindeanu vorbe\u0219te despre \u201etr\u0103dare\u201d"},"content":{"rendered":"\n<p class=\"wp-block-paragraph\">Pre\u0219edintele PSD, Sorin Grindeanu, a lansat un atac dur la adresa USR dup\u0103 un demers ini\u021biat \u00een Comisia pentru libert\u0103\u021bi civile, justi\u021bie \u0219i afaceri interne a Parlamentului European. Liderul social-democrat sus\u021bine c\u0103 grupul Renew Europe, din care face parte USR, a \u00eencercat s\u0103 promoveze o rezolu\u021bie privind situa\u021bia statului de drept din Rom\u00e2nia, \u00eens\u0103 ini\u021biativa nu a trecut de comisie.<\/p>\n\n\n\n<p class=\"wp-block-paragraph\">Potrivit lui Grindeanu, documentul ar fi putut ajunge ulterior \u00een plenul Parlamentului European, iar adoptarea sa ar fi transmis, \u00een opinia sa, un semnal negativ \u00een privin\u021ba Rom\u00e2niei.<\/p>\n\n\n\n<p class=\"wp-block-paragraph\">Sorin Grindeanu atac\u0103 USR dup\u0103 demersul din Parlamentul European<br>Liderul PSD a afirmat c\u0103 social-democra\u021bii europeni s-au opus de la \u00eenceput ini\u021biativei, iar PPE ar fi decis \u00een ultimul moment s\u0103 nu o sus\u021bin\u0103.<\/p>\n\n\n\n<p class=\"wp-block-paragraph\">\u201eGrupul Renew, din care face parte USR, a \u00eencercat s\u0103 impun\u0103 \u00een Comisia LIBE din Parlamentul European o rezolu\u021bie care s\u0103 pun\u0103 sub semnul \u00eentreb\u0103rii respectarea statului de drept \u00een Rom\u00e2nia\u201d, a transmis Sorin Grindeanu.<\/p>\n\n\n\n<p class=\"wp-block-paragraph\">Acesta a acuzat USR c\u0103 ar fi \u00eencercat s\u0103 transforme o disput\u0103 politic\u0103 intern\u0103 \u00eentr-o problem\u0103 discutat\u0103 la nivel european.<\/p>\n\n\n\n<p class=\"wp-block-paragraph\">Grindeanu a folosit un limbaj extrem de dur, sus\u021bin\u00e2nd c\u0103 forma\u021biunea ar fi dep\u0103\u0219it \u201eo linie a iresponsabilit\u0103\u021bii politice\u201d.<\/p>\n\n\n\n<p class=\"wp-block-paragraph\">Grindeanu invoc\u0103 impactul asupra imaginii Rom\u00e2niei<br>Pre\u0219edintele PSD a f\u0103cut referire \u0219i la situa\u021bia investi\u021biilor str\u0103ine, sus\u021bin\u00e2nd c\u0103 o rezolu\u021bie european\u0103 care ar pune sub semnul \u00eentreb\u0103rii func\u021bionarea statului de drept ar putea afecta credibilitatea Rom\u00e2niei \u00een fa\u021ba partenerilor externi.<\/p>\n\n\n\n<p class=\"wp-block-paragraph\">\u201eAu vrut s\u0103 foloseasc\u0103 \u021bara ca arm\u0103 \u00een propriul r\u0103zboi politic\u201d, a declarat liderul social-democrat.<\/p>\n\n\n\n<p class=\"wp-block-paragraph\">\u00cen opinia sa, astfel de demersuri pot avea consecin\u021be nu doar \u00een plan politic, ci \u0219i economic.<\/p>\n\n\n\n<p class=\"wp-block-paragraph\">Dominic Fritz, vizat de criticile liderului PSD<br>Sorin Grindeanu l-a men\u021bionat \u00een mesajul s\u0103u \u0219i pe Dominic Fritz, una dintre figurile importante ale USR.<\/p>\n\n\n\n<p class=\"wp-block-paragraph\">Liderul PSD a sus\u021binut c\u0103 disputele care \u00eel implic\u0103 pe Fritz nu ar trebui transformate \u00eentr-o problem\u0103 privind \u00eentreaga Rom\u00e2nie \u0219i a acuzat USR c\u0103 urm\u0103re\u0219te s\u0103 \u00ee\u0219i protejeze propriile interese politice.<\/p>\n\n\n\n<p class=\"wp-block-paragraph\">\u00cen mesajul s\u0103u, Grindeanu a folosit expresia \u201eFritz nu este Rom\u00e2nia\u201d, insist\u00e2nd c\u0103 imaginea \u0219i interesele \u021b\u0103rii nu ar trebui, \u00een opinia sa, implicate \u00een confrunt\u0103rile dintre partide.<\/p>\n\n\n\n<p class=\"wp-block-paragraph\">\u201ePSD se va bate cu ace\u0219ti tr\u0103d\u0103tori peste tot\u201d<br>\u00cen finalul declara\u021biei, liderul PSD \u0219i-a intensificat criticile \u0219i a afirmat c\u0103 partidul s\u0103u va continua s\u0103 se opun\u0103 acestor demersuri at\u00e2t \u00een Rom\u00e2nia, c\u00e2t \u0219i la nivel european.<\/p>\n\n\n\n<p class=\"wp-block-paragraph\">Grindeanu sus\u021bine c\u0103 folosirea imaginii \u021b\u0103rii pentru ob\u021binerea unor avantaje \u00een politica intern\u0103 va putea fi sanc\u021bionat\u0103 de aleg\u0103tori.<\/p>\n\n\n\n<p class=\"wp-block-paragraph\">Afirma\u021biile sale marcheaz\u0103 o nou\u0103 escaladare a conflictului dintre PSD \u0219i USR, \u00eentr-o perioad\u0103 \u00een care tensiunile dintre cele dou\u0103 forma\u021biuni sunt tot mai vizibile at\u00e2t \u00een Parlamentul Rom\u00e2niei, c\u00e2t \u0219i \u00een institu\u021biile europene.<\/p>\n","protected":false},"excerpt":{"rendered":"<p>Pre\u0219edintele PSD, Sorin Grindeanu, a lansat un atac dur la adresa USR dup\u0103 un demers ini\u021biat \u00een Comisia pentru libert\u0103\u021bi civile, justi\u021bie \u0219i afaceri interne a Parlamentului European. Liderul social-democrat sus\u021bine c\u0103 grupul Renew Europe, din care face parte USR, a \u00eencercat s\u0103 promoveze o rezolu\u021bie privind situa\u021bia statului de drept din Rom\u00e2nia, \u00eens\u0103 ini\u021biativa &#8230; <a title=\"Scandal \u00eentre PSD \u0219i USR dup\u0103 DEMERSUL din Parlamentul European. Grindeanu vorbe\u0219te despre \u201etr\u0103dare\u201d\" class=\"read-more\" href=\"https:\/\/stiri-faine.com\/?p=6119\" aria-label=\"Read more about Scandal \u00eentre PSD \u0219i USR dup\u0103 DEMERSUL din Parlamentul European. Grindeanu vorbe\u0219te despre \u201etr\u0103dare\u201d\">Read more<\/a><\/p>\n","protected":false},"author":1,"featured_media":0,"comment_status":"open","ping_status":"open","sticky":false,"template":"","format":"standard","meta":{"footnotes":""},"categories":[1],"tags":[],"class_list":["post-6119","post","type-post","status-publish","format-standard","hentry","category-uncategorized"],"_links":{"self":[{"href":"https:\/\/stiri-faine.com\/index.php?rest_route=\/wp\/v2\/posts\/6119","targetHints":{"allow":["GET"]}}],"collection":[{"href":"https:\/\/stiri-faine.com\/index.php?rest_route=\/wp\/v2\/posts"}],"about":[{"href":"https:\/\/stiri-faine.com\/index.php?rest_route=\/wp\/v2\/types\/post"}],"author":[{"embeddable":true,"href":"https:\/\/stiri-faine.com\/index.php?rest_route=\/wp\/v2\/users\/1"}],"replies":[{"embeddable":true,"href":"https:\/\/stiri-faine.com\/index.php?rest_route=%2Fwp%2Fv2%2Fcomments&post=6119"}],"version-history":[{"count":1,"href":"https:\/\/stiri-faine.com\/index.php?rest_route=\/wp\/v2\/posts\/6119\/revisions"}],"predecessor-version":[{"id":6120,"href":"https:\/\/stiri-faine.com\/index.php?rest_route=\/wp\/v2\/posts\/6119\/revisions\/6120"}],"wp:attachment":[{"href":"https:\/\/stiri-faine.com\/index.php?rest_route=%2Fwp%2Fv2%2Fmedia&parent=6119"}],"wp:term":[{"taxonomy":"category","embeddable":true,"href":"https:\/\/stiri-faine.com\/index.php?rest_route=%2Fwp%2Fv2%2Fcategories&post=6119"},{"taxonomy":"post_tag","embeddable":true,"href":"https:\/\/stiri-faine.com\/index.php?rest_route=%2Fwp%2Fv2%2Ftags&post=6119"}],"curies":[{"name":"wp","href":"https:\/\/api.w.org\/{rel}","templated":true}]}}