{"id":6117,"date":"2026-09-04T07:07:20","date_gmt":"2026-09-04T07:07:20","guid":{"rendered":"https:\/\/stiri-faine.com\/?p=6117"},"modified":"2026-09-04T07:07:20","modified_gmt":"2026-09-04T07:07:20","slug":"cu-trei-zile-inainte-de-nunta-socrii-mei-m-au-chemat-la-vila-lor-si-mi-au-pus-in-fata-un-contract-ca-sa-nu-ma-ating-vreodata-de-averea-familiei-logodnicul-meu-a-spus-doar-semneaza-adri-e","status":"publish","type":"post","link":"https:\/\/stiri-faine.com\/?p=6117","title":{"rendered":"Cu trei zile \u00eenainte de nunt\u0103, socrii mei m-au chemat la vila lor \u0219i mi-au pus \u00een fa\u021b\u0103 un contract ca s\u0103 nu m\u0103 ating vreodat\u0103 de averea familiei. Logodnicul meu a spus doar: \u201cSemneaz\u0103, Adri, e o formalitate.\u201d Au z\u00e2mbit c\u00e2nd am luat stiloul. Niciunul dintre ei nu \u0219tia c\u0103 \u0219i avocatul MEU venea cu un contract."},"content":{"rendered":"\n<p class=\"wp-block-paragraph\">Partea a 2-a \u2013 Continuarea pove\u0219tii \ud83d\udc49<br>Z\u00e2mbetul lui Radu V\u0103lean a r\u0103mas pe buze.<\/p>\n\n\n\n<p class=\"wp-block-paragraph\">\u2014 Mai mult dec\u00e2t credem?<\/p>\n\n\n\n<p class=\"wp-block-paragraph\">\u2014 Da.<\/p>\n\n\n\n<p class=\"wp-block-paragraph\">Iulian, avocatul meu, a deschis dosarul \u0219i a scos c\u00e2teva pagini.<\/p>\n\n\n\n<p class=\"wp-block-paragraph\">\u2014 Propunerea doamnei Adriana este foarte simpl\u0103. Separare patrimonial\u0103 clar\u0103. Fiecare parte \u00ee\u0219i p\u0103streaz\u0103 bunurile, participa\u021biile \u00een societ\u0103\u021bi, investi\u021biile \u0219i veniturile proprii.<\/p>\n\n\n\n<p class=\"wp-block-paragraph\">Beatrice a z\u00e2mbit imediat.<\/p>\n\n\n\n<p class=\"wp-block-paragraph\">\u2014 Exact asta vrem \u0219i noi.<\/p>\n\n\n\n<p class=\"wp-block-paragraph\">\u2014 Perfect, am spus. Atunci n-ar trebui s\u0103 existe nicio problem\u0103.<\/p>\n\n\n\n<p class=\"wp-block-paragraph\">Patriciu \u00ee\u0219i l\u0103sase telefonul pe mas\u0103.<\/p>\n\n\n\n<p class=\"wp-block-paragraph\">Pentru prima dat\u0103 \u00een seara aceea era atent.<\/p>\n\n\n\n<p class=\"wp-block-paragraph\">Avocatul familiei a \u00eenceput s\u0103 citeasc\u0103 documentul lui Iulian.<\/p>\n\n\n\n<p class=\"wp-block-paragraph\">La \u00eenceput, nimeni nu spunea nimic.<\/p>\n\n\n\n<p class=\"wp-block-paragraph\">Apoi s-a oprit.<\/p>\n\n\n\n<p class=\"wp-block-paragraph\">A recitit o pagin\u0103.<\/p>\n\n\n\n<p class=\"wp-block-paragraph\">\u2014 Doamn\u0103 Adriana, dumneavoastr\u0103 de\u021bine\u021bi aceste participa\u021bii?<\/p>\n\n\n\n<p class=\"wp-block-paragraph\">\u2014 Da.<\/p>\n\n\n\n<p class=\"wp-block-paragraph\">\u2014 \u00cen propor\u021bia men\u021bionat\u0103 aici?<\/p>\n\n\n\n<p class=\"wp-block-paragraph\">\u2014 Da.<\/p>\n\n\n\n<p class=\"wp-block-paragraph\">Radu s-a \u00eencruntat.<\/p>\n\n\n\n<p class=\"wp-block-paragraph\">\u2014 Despre ce participa\u021bii vorbi\u021bi?<\/p>\n\n\n\n<p class=\"wp-block-paragraph\">Iulian s-a uitat spre mine, iar eu am \u00eencuviin\u021bat.<\/p>\n\n\n\n<p class=\"wp-block-paragraph\">\u2014 Adriana este fondatoarea \u0219i ac\u021bionarul majoritar al unei companii de software din Bucure\u0219ti.<\/p>\n\n\n\n<p class=\"wp-block-paragraph\">Beatrice a ridicat u\u0219or din umeri.<\/p>\n\n\n\n<p class=\"wp-block-paragraph\">\u2014 \u0218tim c\u0103 are o firm\u0103.<\/p>\n\n\n\n<p class=\"wp-block-paragraph\">Felul \u00een care a spus \u201co firm\u0103\u201d m-a f\u0103cut aproape s\u0103 z\u00e2mbesc.<\/p>\n\n\n\n<p class=\"wp-block-paragraph\">Iulian a continuat:<\/p>\n\n\n\n<p class=\"wp-block-paragraph\">\u2014 \u00cen urm\u0103 cu c\u00e2teva s\u0103pt\u0103m\u00e2ni, compania a primit o ofert\u0103 de achizi\u021bie care evalueaz\u0103 participa\u021bia Adrianei la aproximativ 8,4 milioane de euro.<\/p>\n\n\n\n<p class=\"wp-block-paragraph\">N-a mai mi\u0219cat nimeni.<\/p>\n\n\n\n<p class=\"wp-block-paragraph\">Patriciu a fost primul care a vorbit.<\/p>\n\n\n\n<p class=\"wp-block-paragraph\">\u2014 C\u00e2t?<\/p>\n\n\n\n<p class=\"wp-block-paragraph\">M-am uitat la el.<\/p>\n\n\n\n<p class=\"wp-block-paragraph\">\u2014 8,4 milioane.<\/p>\n\n\n\n<p class=\"wp-block-paragraph\">\u2014 De euro?<\/p>\n\n\n\n<p class=\"wp-block-paragraph\">\u2014 Da, Patriciu. De euro.<\/p>\n\n\n\n<p class=\"wp-block-paragraph\">Beatrice m\u0103 privea de parc\u0103 m\u0103 vedea pentru prima dat\u0103.<\/p>\n\n\n\n<p class=\"wp-block-paragraph\">\u2014 Dar\u2026 tu n-ai spus niciodat\u0103\u2026<\/p>\n\n\n\n<p class=\"wp-block-paragraph\">\u2014 N-a\u021bi \u00eentrebat niciodat\u0103.<\/p>\n\n\n\n<p class=\"wp-block-paragraph\">Radu s-a \u00eendreptat \u00een scaun.<\/p>\n\n\n\n<p class=\"wp-block-paragraph\">\u2014 Oferta a fost acceptat\u0103?<\/p>\n\n\n\n<p class=\"wp-block-paragraph\">\u2014 Negocierile sunt confiden\u021biale. Dar valoarea companiei mele nu este motivul pentru care suntem aici.<\/p>\n\n\n\n<p class=\"wp-block-paragraph\">Am \u00eempins contractul meu spre mijlocul mesei.<\/p>\n\n\n\n<p class=\"wp-block-paragraph\">\u2014 Sunt de acord cu dumneavoastr\u0103. C\u00e2nd exist\u0103 patrimoniu important, lucrurile trebuie stabilite \u00eenainte de c\u0103s\u0103torie.<\/p>\n\n\n\n<p class=\"wp-block-paragraph\">Beatrice nu mai z\u00e2mbea.<\/p>\n\n\n\n<p class=\"wp-block-paragraph\">\u2014 Evident.<\/p>\n\n\n\n<p class=\"wp-block-paragraph\">\u2014 Atunci fiecare p\u0103streaz\u0103 ceea ce este al lui. Exact cum a\u021bi vrut.<\/p>\n\n\n\n<p class=\"wp-block-paragraph\">Avocatul lor a continuat s\u0103 citeasc\u0103.<\/p>\n\n\n\n<p class=\"wp-block-paragraph\">Patriciu s-a apropiat de mine.<\/p>\n\n\n\n<p class=\"wp-block-paragraph\">\u2014 Adri, putem vorbi pu\u021bin?<\/p>\n\n\n\n<p class=\"wp-block-paragraph\">\u2014 Putem vorbi aici.<\/p>\n\n\n\n<p class=\"wp-block-paragraph\">\u2014 Nu cred c\u0103 trebuie s\u0103 facem asta \u00een fa\u021ba tuturor.<\/p>\n\n\n\n<p class=\"wp-block-paragraph\">L-am privit.<\/p>\n\n\n\n<p class=\"wp-block-paragraph\">Cu zece minute \u00eenainte nu avusese nicio problem\u0103 s\u0103 discut\u0103m despre viitorul meu financiar \u00een fa\u021ba p\u0103rin\u021bilor \u0219i avocatului lor.<\/p>\n\n\n\n<p class=\"wp-block-paragraph\">\u2014 Ce s-a schimbat?<\/p>\n\n\n\n<p class=\"wp-block-paragraph\">\u2014 Nimic. Doar c\u0103\u2026 situa\u021bia e pu\u021bin diferit\u0103 fa\u021b\u0103 de ce credeam.<\/p>\n\n\n\n<p class=\"wp-block-paragraph\">Acolo s-a terminat totul pentru mine.<\/p>\n\n\n\n<p class=\"wp-block-paragraph\">Nu c\u00e2nd Beatrice \u00eemi vorbise despre \u201co fat\u0103 dintr-o familie ca a mea\u201d.<\/p>\n\n\n\n<p class=\"wp-block-paragraph\">Nu c\u00e2nd Radu m\u0103 tratase ca pe cineva venit s\u0103 pun\u0103 m\u00e2na pe averea V\u0103lenilor.<\/p>\n\n\n\n<p class=\"wp-block-paragraph\">Ci c\u00e2nd b\u0103rbatul cu care urma s\u0103 m\u0103 c\u0103s\u0103toresc mi-a spus c\u0103 situa\u021bia devenise \u201cdiferit\u0103\u201d dup\u0103 ce aflase c\u00e2\u021bi bani aveam.<\/p>\n\n\n\n<p class=\"wp-block-paragraph\">\u2014 De ce este diferit\u0103?<\/p>\n\n\n\n<p class=\"wp-block-paragraph\">\u2014 Adriana\u2026<\/p>\n\n\n\n<p class=\"wp-block-paragraph\">\u2014 Acum zece minute mi-ai spus s\u0103 semnez.<\/p>\n\n\n\n<p class=\"wp-block-paragraph\">\u2014 Da, dar nu \u0219tiam\u2026<\/p>\n\n\n\n<p class=\"wp-block-paragraph\">S-a oprit.<\/p>\n\n\n\n<p class=\"wp-block-paragraph\">\u2014 Ce nu \u0219tiai?<\/p>\n\n\n\n<p class=\"wp-block-paragraph\">N-a r\u0103spuns.<\/p>\n\n\n\n<p class=\"wp-block-paragraph\">Am r\u0103spuns eu.<\/p>\n\n\n\n<p class=\"wp-block-paragraph\">\u2014 C\u0103 \u0219i eu am ceva de protejat.<\/p>\n\n\n\n<p class=\"wp-block-paragraph\">\u2014 Nu asta am vrut s\u0103 spun.<\/p>\n\n\n\n<p class=\"wp-block-paragraph\">\u2014 Atunci semneaz\u0103.<\/p>\n\n\n\n<p class=\"wp-block-paragraph\">Am \u00eempins documentul spre el.<\/p>\n\n\n\n<p class=\"wp-block-paragraph\">Patriciu s-a uitat la tat\u0103l lui.<\/p>\n\n\n\n<p class=\"wp-block-paragraph\">Gestul acela mi-a dat ultimul r\u0103spuns de care aveam nevoie.<\/p>\n\n\n\n<p class=\"wp-block-paragraph\">Radu a intervenit:<\/p>\n\n\n\n<p class=\"wp-block-paragraph\">\u2014 Cred c\u0103 ar trebui s\u0103 analiz\u0103m documentul cu aten\u021bie.<\/p>\n\n\n\n<p class=\"wp-block-paragraph\">Am r\u00e2s scurt.<\/p>\n\n\n\n<p class=\"wp-block-paragraph\">\u2014 Acum trebuie analizat?<\/p>\n\n\n\n<p class=\"wp-block-paragraph\">\u2014 Vorbim despre o sum\u0103 considerabil\u0103.<\/p>\n\n\n\n<p class=\"wp-block-paragraph\">\u2014 \u0218i averea dumneavoastr\u0103 nu era considerabil\u0103 acum dou\u0103zeci de minute?<\/p>\n\n\n\n<p class=\"wp-block-paragraph\">N-a r\u0103spuns.<\/p>\n\n\n\n<p class=\"wp-block-paragraph\">M-am \u00eentors spre Beatrice.<\/p>\n\n\n\n<p class=\"wp-block-paragraph\">\u2014 Mi-a\u021bi spus c\u0103 este o formalitate.<\/p>\n\n\n\n<p class=\"wp-block-paragraph\">\u2014 \u0218i este. Dar trebuie s\u0103 fim rezonabili.<\/p>\n\n\n\n<p class=\"wp-block-paragraph\">\u2014 Eu sunt foarte rezonabil\u0103. Fiecare p\u0103streaz\u0103 ceea ce este al lui.<\/p>\n\n\n\n<p class=\"wp-block-paragraph\">Patriciu m-a prins u\u0219or de bra\u021b.<\/p>\n\n\n\n<p class=\"wp-block-paragraph\">\u2014 Adri, te rog.<\/p>\n\n\n\n<p class=\"wp-block-paragraph\">Mi-am retras bra\u021bul.<\/p>\n\n\n\n<p class=\"wp-block-paragraph\">\u2014 Nu.<\/p>\n\n\n\n<p class=\"wp-block-paragraph\">S-a f\u0103cut lini\u0219te.<\/p>\n\n\n\n<p class=\"wp-block-paragraph\">\u2014 Nu ce?<\/p>\n\n\n\n<p class=\"wp-block-paragraph\">M-am uitat la b\u0103rbatul cu care trebuia s\u0103 m\u0103 c\u0103s\u0103toresc peste trei zile.<\/p>\n\n\n\n<p class=\"wp-block-paragraph\">\u00cel iubisem.<\/p>\n\n\n\n<p class=\"wp-block-paragraph\">Poate c\u0103 o parte din mine \u00eenc\u0103 \u00eel iubea.<\/p>\n\n\n\n<p class=\"wp-block-paragraph\">Dar \u00een seara aceea v\u0103zusem ceva ce nu mai puteam s\u0103 nu v\u0103d.<\/p>\n\n\n\n<p class=\"wp-block-paragraph\">\u2014 Nu mai vreau s\u0103 semnez nici contractul vostru, nici pe al meu.<\/p>\n\n\n\n<p class=\"wp-block-paragraph\">Beatrice a p\u0103rut u\u0219urat\u0103.<\/p>\n\n\n\n<p class=\"wp-block-paragraph\">\u2014 \u00cen sf\u00e2r\u0219it.<\/p>\n\n\n\n<p class=\"wp-block-paragraph\">Am continuat:<\/p>\n\n\n\n<p class=\"wp-block-paragraph\">\u2014 Pentru c\u0103 nu mai exist\u0103 nicio nunt\u0103.<\/p>\n\n\n\n<p class=\"wp-block-paragraph\">Patriciu s-a ridicat at\u00e2t de repede \u00eenc\u00e2t scaunul s-a deplasat \u00een spate.<\/p>\n\n\n\n<p class=\"wp-block-paragraph\">\u2014 Ce?<\/p>\n\n\n\n<p class=\"wp-block-paragraph\">\u2014 Nunta se anuleaz\u0103.<\/p>\n\n\n\n<p class=\"wp-block-paragraph\">\u2014 Adriana, peste trei zile avem trei sute de invita\u021bi!<\/p>\n\n\n\n<p class=\"wp-block-paragraph\">\u2014 \u0218tiu.<\/p>\n\n\n\n<p class=\"wp-block-paragraph\">\u2014 Restaurantul e pl\u0103tit!<\/p>\n\n\n\n<p class=\"wp-block-paragraph\">\u2014 \u0218tiu.<\/p>\n\n\n\n<p class=\"wp-block-paragraph\">\u2014 Rochia, biserica, fotografii, invita\u021bii\u2026<\/p>\n\n\n\n<p class=\"wp-block-paragraph\">\u2014 \u0218tiu, Patriciu.<\/p>\n\n\n\n<p class=\"wp-block-paragraph\">\u2014 Atunci cum po\u021bi s\u0103 arunci totul pentru un contract?<\/p>\n\n\n\n<p class=\"wp-block-paragraph\">Am sim\u021bit c\u0103, pentru prima dat\u0103 \u00een seara aceea, eram complet lini\u0219tit\u0103.<\/p>\n\n\n\n<p class=\"wp-block-paragraph\">\u2014 Nu arunc nimic pentru un contract.<\/p>\n\n\n\n<p class=\"wp-block-paragraph\">M-am ridicat.<\/p>\n\n\n\n<p class=\"wp-block-paragraph\">\u2014 Anulez nunta pentru c\u0103 atunci c\u00e2nd familia ta a presupus c\u0103 eu sunt cea care vine cu mai pu\u021bini bani, ai stat l\u00e2ng\u0103 ei \u0219i mi-ai spus s\u0103 semnez. C\u00e2nd ai aflat c\u0103 eu am milioane, ai vrut imediat s\u0103 discut\u0103m.<\/p>\n\n\n\n<p class=\"wp-block-paragraph\">Patriciu a deschis gura, dar nu l-am l\u0103sat.<\/p>\n\n\n\n<p class=\"wp-block-paragraph\">\u2014 Dac\u0103 documentul era corect c\u00e2nd credeai c\u0103 eu nu am nimic, trebuia s\u0103 fie la fel de corect \u0219i acum.<\/p>\n\n\n\n<p class=\"wp-block-paragraph\">Beatrice s-a ridicat.<\/p>\n\n\n\n<p class=\"wp-block-paragraph\">\u2014 Adriana, nu exagera. Nimeni nu te-a insultat.<\/p>\n\n\n\n<p class=\"wp-block-paragraph\">M-am uitat la ea.<\/p>\n\n\n\n<p class=\"wp-block-paragraph\">\u2014 Mi-a\u021bi spus c\u0103 o fat\u0103 dintr-o familie ca a mea a primit deja foarte mult intr\u00e2nd \u00een familia dumneavoastr\u0103.<\/p>\n\n\n\n<p class=\"wp-block-paragraph\">A t\u0103cut.<\/p>\n\n\n\n<p class=\"wp-block-paragraph\">\u2014 Ave\u021bi dreptate \u00eentr-o singur\u0103 privin\u021b\u0103, doamn\u0103 V\u0103lean. Am primit ceva foarte important \u00een seara asta.<\/p>\n\n\n\n<p class=\"wp-block-paragraph\">\u2014 Ce?<\/p>\n\n\n\n<p class=\"wp-block-paragraph\">Mi-am luat geanta.<\/p>\n\n\n\n<p class=\"wp-block-paragraph\">\u2014 Am aflat la timp \u00een ce familie eram pe punctul s\u0103 intru.<\/p>\n\n\n\n<p class=\"wp-block-paragraph\">Am plecat \u00eempreun\u0103 cu Iulian.<\/p>\n\n\n\n<p class=\"wp-block-paragraph\">\u00cen ma\u0219in\u0103, am \u00eenceput s\u0103 pl\u00e2ng.<\/p>\n\n\n\n<p class=\"wp-block-paragraph\">Nu de triumf.<\/p>\n\n\n\n<p class=\"wp-block-paragraph\">Nu m\u0103 sim\u021beam c\u00e2\u0219tig\u0103toare.<\/p>\n\n\n\n<p class=\"wp-block-paragraph\">Trei zile mai t\u00e2rziu ar fi trebuit s\u0103 m\u0103 c\u0103s\u0103toresc cu omul l\u00e2ng\u0103 care \u00eemi imaginasem c\u0103 voi \u00eemb\u0103tr\u00e2ni.<\/p>\n\n\n\n<p class=\"wp-block-paragraph\">\u00cen schimb, \u00eemi sunam p\u0103rin\u021bii s\u0103 le spun c\u0103 nunta nu mai avea loc.<\/p>\n\n\n\n<p class=\"wp-block-paragraph\">Mama a t\u0103cut c\u00e2teva secunde.<\/p>\n\n\n\n<p class=\"wp-block-paragraph\">\u2014 E\u0219ti sigur\u0103?<\/p>\n\n\n\n<p class=\"wp-block-paragraph\">\u2014 Da.<\/p>\n\n\n\n<p class=\"wp-block-paragraph\">\u2014 Atunci venim la tine.<\/p>\n\n\n\n<p class=\"wp-block-paragraph\">At\u00e2t.<\/p>\n\n\n\n<p class=\"wp-block-paragraph\">N-a \u00eentrebat c\u00e2t pierdem.<\/p>\n\n\n\n<p class=\"wp-block-paragraph\">N-a \u00eentrebat ce spune lumea.<\/p>\n\n\n\n<p class=\"wp-block-paragraph\">N-a \u00eentrebat ce se \u00eent\u00e2mpl\u0103 cu restaurantul.<\/p>\n\n\n\n<p class=\"wp-block-paragraph\">\u00cen seara aceea, mama \u0219i tata au venit din Ploie\u0219ti.<\/p>\n\n\n\n<p class=\"wp-block-paragraph\">Tata a intrat cu o saco\u0219\u0103 \u00een care mama pusese m\u00e2ncare, de parc\u0103 aveam din nou dou\u0103zeci de ani.<\/p>\n\n\n\n<p class=\"wp-block-paragraph\">Omul despre care familia V\u0103lean credea c\u0103 ar trebui s\u0103-mi fie ru\u0219ine c\u0103 fusese electrician m-a luat \u00een bra\u021be.<\/p>\n\n\n\n<p class=\"wp-block-paragraph\">\u2014 Banii se fac din nou, Adriana. Via\u021ba nu.<\/p>\n\n\n\n<p class=\"wp-block-paragraph\">A doua zi, Patriciu a venit la mine.<\/p>\n\n\n\n<p class=\"wp-block-paragraph\">Pentru prima dat\u0103 nu mai avea aerul sigur pe care \u00eel avusese mereu.<\/p>\n\n\n\n<p class=\"wp-block-paragraph\">\u2014 \u00cemi pare r\u0103u.<\/p>\n\n\n\n<p class=\"wp-block-paragraph\">\u2014 Pentru ce?<\/p>\n\n\n\n<p class=\"wp-block-paragraph\">A t\u0103cut.<\/p>\n\n\n\n<p class=\"wp-block-paragraph\">\u2014 Pentru c\u0103 n-am intervenit.<\/p>\n\n\n\n<p class=\"wp-block-paragraph\">\u2014 \u0218i?<\/p>\n\n\n\n<p class=\"wp-block-paragraph\">\u2014 Pentru c\u0103 am l\u0103sat-o pe mama s\u0103 vorbeasc\u0103 a\u0219a.<\/p>\n\n\n\n<p class=\"wp-block-paragraph\">\u2014 \u0218i?<\/p>\n\n\n\n<p class=\"wp-block-paragraph\">A \u00eenchis ochii.<\/p>\n\n\n\n<p class=\"wp-block-paragraph\">\u2014 Pentru c\u0103 m-am purtat diferit c\u00e2nd am aflat de companie.<\/p>\n\n\n\n<p class=\"wp-block-paragraph\">Asta voiam s\u0103 aud.<\/p>\n\n\n\n<p class=\"wp-block-paragraph\">Nu pentru a m\u0103 r\u0103zg\u00e2ndi.<\/p>\n\n\n\n<p class=\"wp-block-paragraph\">Ci pentru c\u0103 m\u0103car acum spunea adev\u0103rul.<\/p>\n\n\n\n<p class=\"wp-block-paragraph\">\u2014 Te iubesc, Adri.<\/p>\n\n\n\n<p class=\"wp-block-paragraph\">\u2014 Poate. Dar \u00een seara aceea ai aflat c\u00e2t valoreaz\u0103 firma mea \u0219i, f\u0103r\u0103 s\u0103 vrei, mi-ai ar\u0103tat c\u00e2t valoram eu pentru tine \u00eenainte s\u0103 afli.<\/p>\n\n\n\n<p class=\"wp-block-paragraph\">N-a mai avut ce s\u0103 spun\u0103.<\/p>\n\n\n\n<p class=\"wp-block-paragraph\">Nunta nu s-a mai f\u0103cut.<\/p>\n\n\n\n<p class=\"wp-block-paragraph\">Au existat telefoane, explica\u021bii, bani pierdu\u021bi \u0219i rude care au avut c\u00e2te o p\u0103rere despre tot.<\/p>\n\n\n\n<p class=\"wp-block-paragraph\">Am auzit inclusiv c\u0103 eram \u201cprea orgolioas\u0103\u201d \u0219i c\u0103 o femeie inteligent\u0103 nu renun\u021b\u0103 la o c\u0103snicie pentru ni\u0219te h\u00e2rtii.<\/p>\n\n\n\n<p class=\"wp-block-paragraph\">Dar nu renun\u021basem pentru ni\u0219te h\u00e2rtii.<\/p>\n\n\n\n<p class=\"wp-block-paragraph\">H\u00e2rtiile doar \u00eemi ar\u0103taser\u0103 adev\u0103rul.<\/p>\n\n\n\n<p class=\"wp-block-paragraph\">C\u00e2teva luni mai t\u00e2rziu, tranzac\u021bia companiei s-a \u00eencheiat.<\/p>\n\n\n\n<p class=\"wp-block-paragraph\">\u00cen ziua \u00een care am semnat documentele finale, Iulian mi-a \u00eentins stiloul \u0219i a z\u00e2mbit.<\/p>\n\n\n\n<p class=\"wp-block-paragraph\">\u2014 De data asta semnezi?<\/p>\n\n\n\n<p class=\"wp-block-paragraph\">M-am uitat la pagin\u0103.<\/p>\n\n\n\n<p class=\"wp-block-paragraph\">\u2014 Pe \u0103sta, da.<\/p>\n\n\n\n<p class=\"wp-block-paragraph\">\u0218i am semnat.<\/p>\n\n\n\n<p class=\"wp-block-paragraph\">Nu m-am sim\u021bit important\u0103 pentru c\u0103 aveam milioane.<\/p>\n\n\n\n<p class=\"wp-block-paragraph\">M-am sim\u021bit liber\u0103 pentru c\u0103 \u00een\u021belesesem c\u0103 nu trebuie s\u0103 demonstrez nim\u0103nui c\u0103 merit s\u0103 stau la masa lui.<\/p>\n\n\n\n<p class=\"wp-block-paragraph\">Familia V\u0103lean voise s\u0103 se asigure c\u0103 fata electricianului nu va pleca vreodat\u0103 cu averea lor.<\/p>\n\n\n\n<p class=\"wp-block-paragraph\">P\u00e2n\u0103 la urm\u0103, contractul lor chiar m-a protejat.<\/p>\n\n\n\n<p class=\"wp-block-paragraph\">Doar c\u0103 nu de pierderea banilor.<\/p>\n\n\n\n<p class=\"wp-block-paragraph\">M-a protejat de o c\u0103snicie \u00een care valoarea mea ar fi fost m\u0103surat\u0103 dup\u0103 c\u00e2\u021bi bani credeau ei c\u0103 am.<\/p>\n","protected":false},"excerpt":{"rendered":"<p>Partea a 2-a \u2013 Continuarea pove\u0219tii \ud83d\udc49Z\u00e2mbetul lui Radu V\u0103lean a r\u0103mas pe buze. \u2014 Mai mult dec\u00e2t credem? \u2014 Da. Iulian, avocatul meu, a deschis dosarul \u0219i a scos c\u00e2teva pagini. \u2014 Propunerea doamnei Adriana este foarte simpl\u0103. Separare patrimonial\u0103 clar\u0103. Fiecare parte \u00ee\u0219i p\u0103streaz\u0103 bunurile, participa\u021biile \u00een societ\u0103\u021bi, investi\u021biile \u0219i veniturile proprii. Beatrice &#8230; <a title=\"Cu trei zile \u00eenainte de nunt\u0103, socrii mei m-au chemat la vila lor \u0219i mi-au pus \u00een fa\u021b\u0103 un contract ca s\u0103 nu m\u0103 ating vreodat\u0103 de averea familiei. Logodnicul meu a spus doar: \u201cSemneaz\u0103, Adri, e o formalitate.\u201d Au z\u00e2mbit c\u00e2nd am luat stiloul. Niciunul dintre ei nu \u0219tia c\u0103 \u0219i avocatul MEU venea cu un contract.\" class=\"read-more\" href=\"https:\/\/stiri-faine.com\/?p=6117\" aria-label=\"Read more about Cu trei zile \u00eenainte de nunt\u0103, socrii mei m-au chemat la vila lor \u0219i mi-au pus \u00een fa\u021b\u0103 un contract ca s\u0103 nu m\u0103 ating vreodat\u0103 de averea familiei. Logodnicul meu a spus doar: \u201cSemneaz\u0103, Adri, e o formalitate.\u201d Au z\u00e2mbit c\u00e2nd am luat stiloul. Niciunul dintre ei nu \u0219tia c\u0103 \u0219i avocatul MEU venea cu un contract.\">Read more<\/a><\/p>\n","protected":false},"author":1,"featured_media":0,"comment_status":"open","ping_status":"open","sticky":false,"template":"","format":"standard","meta":{"footnotes":""},"categories":[1],"tags":[],"class_list":["post-6117","post","type-post","status-publish","format-standard","hentry","category-uncategorized"],"_links":{"self":[{"href":"https:\/\/stiri-faine.com\/index.php?rest_route=\/wp\/v2\/posts\/6117","targetHints":{"allow":["GET"]}}],"collection":[{"href":"https:\/\/stiri-faine.com\/index.php?rest_route=\/wp\/v2\/posts"}],"about":[{"href":"https:\/\/stiri-faine.com\/index.php?rest_route=\/wp\/v2\/types\/post"}],"author":[{"embeddable":true,"href":"https:\/\/stiri-faine.com\/index.php?rest_route=\/wp\/v2\/users\/1"}],"replies":[{"embeddable":true,"href":"https:\/\/stiri-faine.com\/index.php?rest_route=%2Fwp%2Fv2%2Fcomments&post=6117"}],"version-history":[{"count":1,"href":"https:\/\/stiri-faine.com\/index.php?rest_route=\/wp\/v2\/posts\/6117\/revisions"}],"predecessor-version":[{"id":6122,"href":"https:\/\/stiri-faine.com\/index.php?rest_route=\/wp\/v2\/posts\/6117\/revisions\/6122"}],"wp:attachment":[{"href":"https:\/\/stiri-faine.com\/index.php?rest_route=%2Fwp%2Fv2%2Fmedia&parent=6117"}],"wp:term":[{"taxonomy":"category","embeddable":true,"href":"https:\/\/stiri-faine.com\/index.php?rest_route=%2Fwp%2Fv2%2Fcategories&post=6117"},{"taxonomy":"post_tag","embeddable":true,"href":"https:\/\/stiri-faine.com\/index.php?rest_route=%2Fwp%2Fv2%2Ftags&post=6117"}],"curies":[{"name":"wp","href":"https:\/\/api.w.org\/{rel}","templated":true}]}}