{"id":6114,"date":"2026-09-04T06:57:08","date_gmt":"2026-09-04T06:57:08","guid":{"rendered":"https:\/\/stiri-faine.com\/?p=6114"},"modified":"2026-09-04T06:57:08","modified_gmt":"2026-09-04T06:57:08","slug":"ultima-ora-suspendarea-maiei-sandu-7","status":"publish","type":"post","link":"https:\/\/stiri-faine.com\/?p=6114","title":{"rendered":"ULTIMA OR\u0102! Suspendarea Maiei Sandu\u2026"},"content":{"rendered":"\n<p class=\"wp-block-paragraph\">Pre\u0219edinta Republicii Moldova, Maia Sandu, a reac\u021bionat la ini\u021biativa unei p\u0103r\u021bi a opozi\u021biei parlamentare privind suspendarea sa din func\u021bie. \u0218efa statului sus\u021bine c\u0103 demersul ar face parte dintr-o strategie coordonat\u0103 de Kremlin \u0219i c\u0103 ar avea drept scop destabilizarea institu\u021biilor de la Chi\u0219in\u0103u \u0219i afectarea parcursului european al \u021b\u0103rii.<\/p>\n\n\n\n<p class=\"wp-block-paragraph\">Declara\u021biile au fost f\u0103cute miercuri, 5 august, \u00een cadrul emisiunii \u201eJurnal Politic\u201d, dup\u0103 ce, \u00een luna iulie, mai mul\u021bi parlamentari din opozi\u021bie au ini\u021biat procedura pentru suspendarea pre\u0219edintei.<\/p>\n\n\n\n<p class=\"wp-block-paragraph\">Maia Sandu consider\u0103 c\u0103 ac\u021biunea trebuie analizat\u0103 \u00eentr-un context mai larg, marcat de confruntarea dintre actuala orientare pro-european\u0103 a Republicii Moldova \u0219i interesele Federa\u021biei Ruse \u00een regiune.<\/p>\n\n\n\n<p class=\"wp-block-paragraph\">Maia Sandu acuz\u0103 o tentativ\u0103 de destabilizare<\/p>\n\n\n\n<p class=\"wp-block-paragraph\">Pre\u0219edinta Republicii Moldova sus\u021bine c\u0103 ini\u021biativa privind suspendarea sa nu reprezint\u0103 doar o confruntare politic\u0103 intern\u0103.<\/p>\n\n\n\n<p class=\"wp-block-paragraph\">\u00cen opinia sa, demersul urm\u0103re\u0219te sl\u0103birea institu\u021biei preziden\u021biale \u0219i compromiterea rezultatelor ob\u021binute \u00een ultimii ani.<\/p>\n\n\n\n<p class=\"wp-block-paragraph\">Maia Sandu a lansat acuza\u021bii \u0219i la adresa parlamentarilor care sus\u021bin suspendarea, afirm\u00e2nd c\u0103 o parte dintre ace\u0219tia ar fi avut, de-a lungul timpului, ac\u021biuni care au afectat interesele Republicii Moldova.<\/p>\n\n\n\n<p class=\"wp-block-paragraph\">\u201eCei care semneaz\u0103 aceast\u0103 ini\u021biativ\u0103 au \u00een istoricul lor suficiente ac\u021biuni ce au subminat independen\u021ba \u0219i integritatea teritorial\u0103 a \u021b\u0103rii. \u00cen schimb, tot ce am f\u0103cut noi a fost s\u0103 consolid\u0103m aceast\u0103 independen\u021b\u0103, inclusiv \u00een sectorul energetic \u0219i \u00een cel de ap\u0103rare, domenii pe care ei le critic\u0103 la nesf\u00e2r\u0219it\u201d, a declarat Maia Sandu.<\/p>\n\n\n\n<p class=\"wp-block-paragraph\">\u201eRusia nu a renun\u021bat la ideea de a prelua controlul\u201d<\/p>\n\n\n\n<p class=\"wp-block-paragraph\">Una dintre cele mai ferme declara\u021bii f\u0103cute de \u0219efa statului s-a referit la presupusele inten\u021bii ale Moscovei.<\/p>\n\n\n\n<p class=\"wp-block-paragraph\">Maia Sandu afirm\u0103 c\u0103 Federa\u021bia Rus\u0103 nu ar fi acceptat rezultatele scrutinurilor desf\u0103\u0219urate \u00een Republica Moldova \u00een ultimii ani \u0219i ar \u00eencerca \u00een continuare s\u0103 influen\u021beze evolu\u021biile politice de la Chi\u0219in\u0103u.<\/p>\n\n\n\n<p class=\"wp-block-paragraph\">\u201ePentru mine este foarte clar: Federa\u021bia Rus\u0103 nu a renun\u021bat la ideea de a prelua controlul asupra puterii de la Chi\u0219in\u0103u\u201d, a declarat pre\u0219edinta.<\/p>\n\n\n\n<p class=\"wp-block-paragraph\">Aceasta consider\u0103 c\u0103 presiunile sunt legate inclusiv de apropierea Republicii Moldova de Uniunea European\u0103.<\/p>\n\n\n\n<p class=\"wp-block-paragraph\">\u201eMoscova nu s-a \u00eemp\u0103cat cu rezultatele alegerilor din ultimii ani \u0219i \u00eencearc\u0103 \u00een continuare s\u0103 compromit\u0103 tot ce am reu\u0219it s\u0103 construim\u201d, a continuat Maia Sandu.<\/p>\n\n\n\n<p class=\"wp-block-paragraph\">Afirma\u021biile reprezint\u0103 pozi\u021bia pre\u0219edintei Republicii Moldova \u00een disputa cu opozi\u021bia, acuza\u021biile urm\u00e2nd s\u0103 fie analizate \u00een contextul confrunt\u0103rilor politice interne de la Chi\u0219in\u0103u.<\/p>\n\n\n\n<p class=\"wp-block-paragraph\">Parcursul european, invocat de Maia Sandu<\/p>\n\n\n\n<p class=\"wp-block-paragraph\">\u00cen interven\u021bia sa, Maia Sandu a acordat o aten\u021bie important\u0103 procesului de integrare european\u0103.<\/p>\n\n\n\n<p class=\"wp-block-paragraph\">Pre\u0219edinta consider\u0103 c\u0103 progresele realizate \u00een ultimii ani reprezint\u0103 unul dintre motivele pentru care Republica Moldova se confrunt\u0103 cu presiuni externe.<\/p>\n\n\n\n<p class=\"wp-block-paragraph\">Potrivit acesteia, \u00een ultimii trei ani au fost f\u0103cu\u021bi pa\u0219i importan\u021bi \u00een direc\u021bia ader\u0103rii la Uniunea European\u0103, iar reformele implementate au fost remarcate de partenerii europeni.<\/p>\n\n\n\n<p class=\"wp-block-paragraph\">\u0218efa statului a comparat activitatea actualei conduceri cu cea a unor fo\u0219ti guvernan\u021bi care se afl\u0103 \u00een prezent \u00een opozi\u021bie.<\/p>\n\n\n\n<p class=\"wp-block-paragraph\">\u201eMarea majoritate a celor din opozi\u021bie au fost la putere \u0219i le-am v\u0103zut ac\u021biunile\u201d, a afirmat Maia Sandu.<\/p>\n\n\n\n<p class=\"wp-block-paragraph\">Mesajul transmis de pre\u0219edint\u0103 este c\u0103 orientarea european\u0103 trebuie continuat\u0103, \u00een ciuda disputelor interne \u0219i a presiunilor despre care aceasta afirm\u0103 c\u0103 provin din exterior.<\/p>\n\n\n\n<p class=\"wp-block-paragraph\">Independen\u021ba energetic\u0103, un alt argument al pre\u0219edintei<\/p>\n\n\n\n<p class=\"wp-block-paragraph\">Maia Sandu a invocat \u0219i schimb\u0103rile realizate \u00een sectorul energetic.<\/p>\n\n\n\n<p class=\"wp-block-paragraph\">Reducerea vulnerabilit\u0103\u021bilor energetice reprezint\u0103, \u00een viziunea sa, o component\u0103 important\u0103 a consolid\u0103rii independen\u021bei Republicii Moldova.<\/p>\n\n\n\n<p class=\"wp-block-paragraph\">\u00cen ultimii ani, problema energiei a ocupat un loc important \u00een dezbaterea public\u0103 de la Chi\u0219in\u0103u, iar actuala conducere a prezentat diversificarea surselor de aprovizionare drept o prioritate strategic\u0103.<\/p>\n\n\n\n<p class=\"wp-block-paragraph\">Pre\u0219edinta a men\u021bionat, de asemenea, investi\u021biile \u0219i m\u0103surile din domeniul ap\u0103r\u0103rii, sus\u021bin\u00e2nd c\u0103 acestea urm\u0103resc consolidarea capacit\u0103\u021bii statului de a-\u0219i proteja independen\u021ba.<\/p>\n\n\n\n<p class=\"wp-block-paragraph\">Opozi\u021bia a ini\u021biat procedura de suspendare \u00een luna iulie<\/p>\n\n\n\n<p class=\"wp-block-paragraph\">Disputa s-a intensificat dup\u0103 ce mai mul\u021bi parlamentari din opozi\u021bie au ini\u021biat, \u00een luna iulie, o procedur\u0103 pentru suspendarea Maiei Sandu din func\u021bia de pre\u0219edinte.<\/p>\n\n\n\n<p class=\"wp-block-paragraph\">Demersul a provocat o nou\u0103 confruntare \u00eentre administra\u021bia preziden\u021bial\u0103 \u0219i adversarii s\u0103i politici.<\/p>\n\n\n\n<p class=\"wp-block-paragraph\">Maia Sandu respinge acuza\u021biile formulate \u00eempotriva sa \u0219i sus\u021bine c\u0103 ini\u021biativa trebuie privit\u0103 \u00een contextul \u00eencerc\u0103rilor de a schimba actuala direc\u021bie a Republicii Moldova.<\/p>\n\n\n\n<p class=\"wp-block-paragraph\">De cealalt\u0103 parte, existen\u021ba unei dispute politice interne nu demonstreaz\u0103 \u00een sine implicarea Moscovei, iar acuza\u021bia formulat\u0103 de pre\u0219edint\u0103 reprezint\u0103 pozi\u021bia sa asupra motiva\u021biei din spatele demersului.<\/p>\n\n\n\n<p class=\"wp-block-paragraph\">Tensiunile politice de la Chi\u0219in\u0103u continu\u0103<\/p>\n\n\n\n<p class=\"wp-block-paragraph\">Ini\u021biativa privind suspendarea Maiei Sandu deschide un nou capitol \u00een confruntarea dintre putere \u0219i opozi\u021bie.<\/p>\n\n\n\n<p class=\"wp-block-paragraph\">\u00cen centrul disputei se afl\u0103 nu doar activitatea pre\u0219edintei, ci \u0219i direc\u021bia strategic\u0103 pe care Republica Moldova o va urma \u00een urm\u0103torii ani.<\/p>\n\n\n\n<p class=\"wp-block-paragraph\">Maia Sandu insist\u0103 c\u0103 apropierea de Uniunea European\u0103, consolidarea independen\u021bei energetice \u0219i \u00eent\u0103rirea institu\u021biilor trebuie continuate.<\/p>\n\n\n\n<p class=\"wp-block-paragraph\">\u00cen acela\u0219i timp, acuza\u021biile privind presupusa implicare a Kremlinului ridic\u0103 din nou problema influen\u021bei externe asupra vie\u021bii politice de la Chi\u0219in\u0103u.<\/p>\n\n\n\n<p class=\"wp-block-paragraph\">R\u0103m\u00e2ne de v\u0103zut cum va evolua ini\u021biativa opozi\u021biei \u0219i dac\u0103 demersul privind suspendarea pre\u0219edintei va ob\u021bine sprijinul politic necesar pentru a avansa \u00een Parlament.<\/p>\n","protected":false},"excerpt":{"rendered":"<p>Pre\u0219edinta Republicii Moldova, Maia Sandu, a reac\u021bionat la ini\u021biativa unei p\u0103r\u021bi a opozi\u021biei parlamentare privind suspendarea sa din func\u021bie. \u0218efa statului sus\u021bine c\u0103 demersul ar face parte dintr-o strategie coordonat\u0103 de Kremlin \u0219i c\u0103 ar avea drept scop destabilizarea institu\u021biilor de la Chi\u0219in\u0103u \u0219i afectarea parcursului european al \u021b\u0103rii. Declara\u021biile au fost f\u0103cute miercuri, 5 &#8230; <a title=\"ULTIMA OR\u0102! Suspendarea Maiei Sandu\u2026\" class=\"read-more\" href=\"https:\/\/stiri-faine.com\/?p=6114\" aria-label=\"Read more about ULTIMA OR\u0102! Suspendarea Maiei Sandu\u2026\">Read more<\/a><\/p>\n","protected":false},"author":1,"featured_media":0,"comment_status":"open","ping_status":"open","sticky":false,"template":"","format":"standard","meta":{"footnotes":""},"categories":[1],"tags":[],"class_list":["post-6114","post","type-post","status-publish","format-standard","hentry","category-uncategorized"],"_links":{"self":[{"href":"https:\/\/stiri-faine.com\/index.php?rest_route=\/wp\/v2\/posts\/6114","targetHints":{"allow":["GET"]}}],"collection":[{"href":"https:\/\/stiri-faine.com\/index.php?rest_route=\/wp\/v2\/posts"}],"about":[{"href":"https:\/\/stiri-faine.com\/index.php?rest_route=\/wp\/v2\/types\/post"}],"author":[{"embeddable":true,"href":"https:\/\/stiri-faine.com\/index.php?rest_route=\/wp\/v2\/users\/1"}],"replies":[{"embeddable":true,"href":"https:\/\/stiri-faine.com\/index.php?rest_route=%2Fwp%2Fv2%2Fcomments&post=6114"}],"version-history":[{"count":1,"href":"https:\/\/stiri-faine.com\/index.php?rest_route=\/wp\/v2\/posts\/6114\/revisions"}],"predecessor-version":[{"id":6115,"href":"https:\/\/stiri-faine.com\/index.php?rest_route=\/wp\/v2\/posts\/6114\/revisions\/6115"}],"wp:attachment":[{"href":"https:\/\/stiri-faine.com\/index.php?rest_route=%2Fwp%2Fv2%2Fmedia&parent=6114"}],"wp:term":[{"taxonomy":"category","embeddable":true,"href":"https:\/\/stiri-faine.com\/index.php?rest_route=%2Fwp%2Fv2%2Fcategories&post=6114"},{"taxonomy":"post_tag","embeddable":true,"href":"https:\/\/stiri-faine.com\/index.php?rest_route=%2Fwp%2Fv2%2Ftags&post=6114"}],"curies":[{"name":"wp","href":"https:\/\/api.w.org\/{rel}","templated":true}]}}